{"id":10566,"date":"2020-03-18T16:35:55","date_gmt":"2020-03-18T15:35:55","guid":{"rendered":"http:\/\/serveiseducatius.xtec.cat\/creda-catcentral\/?p=10566"},"modified":"2020-03-18T16:35:55","modified_gmt":"2020-03-18T15:35:55","slug":"repte-de-la-setmana","status":"publish","type":"post","link":"https:\/\/serveiseducatius.xtec.cat\/creda-catcentral\/alumnes\/repte-de-la-setmana\/","title":{"rendered":"REPTE DE LA SETMANA"},"content":{"rendered":"<p>UNA M\u00c0 DE CONTES I ALTRES ACTIVITATS<\/p>\n<p>La p\u00e0gina web d&#8217;<strong>una ma de contes<\/strong> compta de diferents possibilitats:<\/p>\n<ul>\n<li><a href=\"https:\/\/www.ccma.cat\/tv3\/super3\/una-ma-de-contes\/tots-els-contes\/\" target=\"_blank\" rel=\"noopener noreferrer\">Visualitzaci\u00f3 de contes<\/a>.<\/li>\n<li><a href=\"https:\/\/www.ccma.cat\/tv3\/super3\/una-ma-de-contes\/texts-dels-contes\/fitxa\/126701\/\" target=\"_blank\" rel=\"noopener noreferrer\">Llegir els contes<\/a>.<\/li>\n<li><a href=\"https:\/\/www.ccma.cat\/tv3\/super3\/una-ma-de-contes\/taller-de-dibuix\/fitxa\/123882\/\" target=\"_blank\" rel=\"noopener noreferrer\">Dibuixar el vostre\u00a0 propi conte<\/a> i penjar-lo a la p\u00e0gina web. Tamb\u00e9 podeu visualitzar contes que han dibuixat altres nens i nenes com vosaltres.<\/li>\n<\/ul>\n<p>A trav\u00e9s d&#8217;aquesta p\u00e0gina us proposem:<\/p>\n<p>Pels alumnes d&#8217;educaci\u00f3 infantil: Escull un conte, mira&#8217;l i despr\u00e9s fes-ne un dibuix. Recordeu que podeu posar subt\u00edtols als contes, per practicar tamb\u00e9 la lectura. <span style=\"font-family: inherit; font-size: 1em;\">\u00a0<\/span><\/p>\n<p>Pels alumnes d&#8217;educaci\u00f3 prim\u00e0ria: Escull un conte, pots mirar-lo amb subt\u00edtols o llegir-lo (en catal\u00e0 o angl\u00e8s). Et proposem que pensis un altre final per aquest conte.<\/p>\n<p><a href=\"https:\/\/www.ccma.cat\/tv3\/super3\/una-ma-de-contes\/\" target=\"_blank\" rel=\"noopener noreferrer\"><img loading=\"lazy\" decoding=\"async\" class=\"alignleft wp-image-10567\" src=\"https:\/\/serveiseducatius.xtec.cat\/creda-catcentral\/wp-content\/uploads\/usu1063\/2020\/03\/ma-de-contes-300x158.jpg\" alt=\"\" width=\"397\" height=\"209\" srcset=\"https:\/\/serveiseducatius.xtec.cat\/creda-catcentral\/wp-content\/uploads\/usu1063\/2020\/03\/ma-de-contes-300x158.jpg 300w, https:\/\/serveiseducatius.xtec.cat\/creda-catcentral\/wp-content\/uploads\/usu1063\/2020\/03\/ma-de-contes.jpg 310w\" sizes=\"auto, (max-width: 397px) 100vw, 397px\" \/><\/a><\/p>\n","protected":false},"excerpt":{"rendered":"<p>UNA M\u00c0 DE CONTES I ALTRES ACTIVITATS La p\u00e0gina web d&#8217;una ma de contes compta de diferents possibilitats: Visualitzaci\u00f3 de contes. Llegir els contes. Dibuixar el vostre\u00a0 propi conte i penjar-lo a la p\u00e0gina web. Tamb\u00e9 podeu visualitzar contes que han dibuixat altres nens i nenes com vosaltres. A trav\u00e9s d&#8217;aquesta p\u00e0gina us proposem: Pels [&hellip;]<\/p>\n","protected":false},"author":3,"featured_media":10567,"comment_status":"open","ping_status":"closed","sticky":false,"template":"","format":"standard","meta":{"site-sidebar-layout":"default","site-content-layout":"","ast-site-content-layout":"","site-content-style":"default","site-sidebar-style":"default","ast-global-header-display":"","ast-banner-title-visibility":"","ast-main-header-display":"","ast-hfb-above-header-display":"","ast-hfb-below-header-display":"","ast-hfb-mobile-header-display":"","site-post-title":"","ast-breadcrumbs-content":"","ast-featured-img":"","footer-sml-layout":"","theme-transparent-header-meta":"","adv-header-id-meta":"","stick-header-meta":"","header-above-stick-meta":"","header-main-stick-meta":"","header-below-stick-meta":"","astra-migrate-meta-layouts":"default","ast-page-background-enabled":"default","ast-page-background-meta":{"desktop":{"background-color":"var(--ast-global-color-4)","background-image":"","background-repeat":"repeat","background-position":"center center","background-size":"auto","background-attachment":"scroll","background-type":"","background-media":"","overlay-type":"","overlay-color":"","overlay-opacity":"","overlay-gradient":""},"tablet":{"background-color":"","background-image":"","background-repeat":"repeat","background-position":"center center","background-size":"auto","background-attachment":"scroll","background-type":"","background-media":"","overlay-type":"","overlay-color":"","overlay-opacity":"","overlay-gradient":""},"mobile":{"background-color":"","background-image":"","background-repeat":"repeat","background-position":"center center","background-size":"auto","background-attachment":"scroll","background-type":"","background-media":"","overlay-type":"","overlay-color":"","overlay-opacity":"","overlay-gradient":""}},"ast-content-background-meta":{"desktop":{"background-color":"var(--ast-global-color-5)","background-image":"","background-repeat":"repeat","background-position":"center center","background-size":"auto","background-attachment":"scroll","background-type":"","background-media":"","overlay-type":"","overlay-color":"","overlay-opacity":"","overlay-gradient":""},"tablet":{"background-color":"var(--ast-global-color-5)","background-image":"","background-repeat":"repeat","background-position":"center center","background-size":"auto","background-attachment":"scroll","background-type":"","background-media":"","overlay-type":"","overlay-color":"","overlay-opacity":"","overlay-gradient":""},"mobile":{"background-color":"var(--ast-global-color-5)","background-image":"","background-repeat":"repeat","background-position":"center center","background-size":"auto","background-attachment":"scroll","background-type":"","background-media":"","overlay-type":"","overlay-color":"","overlay-opacity":"","overlay-gradient":""}},"footnotes":""},"categories":[272,273],"tags":[770,766,772,771],"class_list":["post-10566","post","type-post","status-publish","format-standard","has-post-thumbnail","hentry","category-alumnes","category-portada","tag-activitats-a-casa","tag-coronavirus","tag-repte","tag-una-ma-de-contes"],"post_mailing_queue_ids":[],"_links":{"self":[{"href":"https:\/\/serveiseducatius.xtec.cat\/creda-catcentral\/wp-json\/wp\/v2\/posts\/10566","targetHints":{"allow":["GET"]}}],"collection":[{"href":"https:\/\/serveiseducatius.xtec.cat\/creda-catcentral\/wp-json\/wp\/v2\/posts"}],"about":[{"href":"https:\/\/serveiseducatius.xtec.cat\/creda-catcentral\/wp-json\/wp\/v2\/types\/post"}],"author":[{"embeddable":true,"href":"https:\/\/serveiseducatius.xtec.cat\/creda-catcentral\/wp-json\/wp\/v2\/users\/3"}],"replies":[{"embeddable":true,"href":"https:\/\/serveiseducatius.xtec.cat\/creda-catcentral\/wp-json\/wp\/v2\/comments?post=10566"}],"version-history":[{"count":2,"href":"https:\/\/serveiseducatius.xtec.cat\/creda-catcentral\/wp-json\/wp\/v2\/posts\/10566\/revisions"}],"predecessor-version":[{"id":10569,"href":"https:\/\/serveiseducatius.xtec.cat\/creda-catcentral\/wp-json\/wp\/v2\/posts\/10566\/revisions\/10569"}],"wp:featuredmedia":[{"embeddable":true,"href":"https:\/\/serveiseducatius.xtec.cat\/creda-catcentral\/wp-json\/wp\/v2\/media\/10567"}],"wp:attachment":[{"href":"https:\/\/serveiseducatius.xtec.cat\/creda-catcentral\/wp-json\/wp\/v2\/media?parent=10566"}],"wp:term":[{"taxonomy":"category","embeddable":true,"href":"https:\/\/serveiseducatius.xtec.cat\/creda-catcentral\/wp-json\/wp\/v2\/categories?post=10566"},{"taxonomy":"post_tag","embeddable":true,"href":"https:\/\/serveiseducatius.xtec.cat\/creda-catcentral\/wp-json\/wp\/v2\/tags?post=10566"}],"curies":[{"name":"wp","href":"https:\/\/api.w.org\/{rel}","templated":true}]}}