{"id":10314,"date":"2019-11-12T16:23:13","date_gmt":"2019-11-12T15:23:13","guid":{"rendered":"http:\/\/serveiseducatius.xtec.cat\/creda-catcentral\/?p=10314"},"modified":"2019-11-12T16:27:37","modified_gmt":"2019-11-12T15:27:37","slug":"jornada-fundacio-adana-dr-barkley","status":"publish","type":"post","link":"https:\/\/serveiseducatius.xtec.cat\/creda-catcentral\/general\/jornada-fundacio-adana-dr-barkley\/","title":{"rendered":"JORNADA FUNDACI\u00d3 ADANA. DR. BARKLEY"},"content":{"rendered":"<p><a href=\"https:\/\/serveiseducatius.xtec.cat\/creda-catcentral\/wp-content\/uploads\/usu1063\/2019\/11\/DR.BARKLEY-e1573572253256.jpg\"><img loading=\"lazy\" decoding=\"async\" class=\"wp-image-10315 alignleft\" src=\"https:\/\/serveiseducatius.xtec.cat\/creda-catcentral\/wp-content\/uploads\/usu1063\/2019\/11\/DR.BARKLEY-e1573572253256-724x1024.jpg\" alt=\"\" width=\"250\" height=\"354\" srcset=\"https:\/\/serveiseducatius.xtec.cat\/creda-catcentral\/wp-content\/uploads\/usu1063\/2019\/11\/DR.BARKLEY-e1573572253256-724x1024.jpg 724w, https:\/\/serveiseducatius.xtec.cat\/creda-catcentral\/wp-content\/uploads\/usu1063\/2019\/11\/DR.BARKLEY-e1573572253256-212x300.jpg 212w, https:\/\/serveiseducatius.xtec.cat\/creda-catcentral\/wp-content\/uploads\/usu1063\/2019\/11\/DR.BARKLEY-e1573572253256-768x1086.jpg 768w, https:\/\/serveiseducatius.xtec.cat\/creda-catcentral\/wp-content\/uploads\/usu1063\/2019\/11\/DR.BARKLEY-e1573572253256.jpg 794w\" sizes=\"auto, (max-width: 250px) 100vw, 250px\" \/><\/a><a href=\"https:\/\/www.adanajornadas.org\/index.php\">Trobada amb el Dr. Russell Barkley (tres confer\u00e8ncies)<\/a><\/p>\n<ul>\n<li>Les emocions en el TDAH; qu\u00e8 implica i com es gestionen.<\/li>\n<li>TDAH; transici\u00f3 a l&#8217;adolesc\u00e8ncia i a l&#8217;edat adulta<\/li>\n<li>Nens i joves amb TDAH; principis per promoure l&#8217;autocontrol.<\/li>\n<\/ul>\n<p>&nbsp;<\/p>\n<p>&nbsp;<\/p>\n","protected":false},"excerpt":{"rendered":"<p>Trobada amb el Dr. Russell Barkley (tres confer\u00e8ncies) Les emocions en el TDAH; qu\u00e8 implica i com es gestionen. TDAH; transici\u00f3 a l&#8217;adolesc\u00e8ncia i a l&#8217;edat adulta Nens i joves amb TDAH; principis per promoure l&#8217;autocontrol. &nbsp; &nbsp;<\/p>\n","protected":false},"author":25,"featured_media":10318,"comment_status":"open","ping_status":"closed","sticky":false,"template":"","format":"standard","meta":{"site-sidebar-layout":"default","site-content-layout":"","ast-site-content-layout":"","site-content-style":"default","site-sidebar-style":"default","ast-global-header-display":"","ast-banner-title-visibility":"","ast-main-header-display":"","ast-hfb-above-header-display":"","ast-hfb-below-header-display":"","ast-hfb-mobile-header-display":"","site-post-title":"","ast-breadcrumbs-content":"","ast-featured-img":"","footer-sml-layout":"","theme-transparent-header-meta":"","adv-header-id-meta":"","stick-header-meta":"","header-above-stick-meta":"","header-main-stick-meta":"","header-below-stick-meta":"","astra-migrate-meta-layouts":"default","ast-page-background-enabled":"default","ast-page-background-meta":{"desktop":{"background-color":"var(--ast-global-color-4)","background-image":"","background-repeat":"repeat","background-position":"center center","background-size":"auto","background-attachment":"scroll","background-type":"","background-media":"","overlay-type":"","overlay-color":"","overlay-opacity":"","overlay-gradient":""},"tablet":{"background-color":"","background-image":"","background-repeat":"repeat","background-position":"center center","background-size":"auto","background-attachment":"scroll","background-type":"","background-media":"","overlay-type":"","overlay-color":"","overlay-opacity":"","overlay-gradient":""},"mobile":{"background-color":"","background-image":"","background-repeat":"repeat","background-position":"center center","background-size":"auto","background-attachment":"scroll","background-type":"","background-media":"","overlay-type":"","overlay-color":"","overlay-opacity":"","overlay-gradient":""}},"ast-content-background-meta":{"desktop":{"background-color":"var(--ast-global-color-5)","background-image":"","background-repeat":"repeat","background-position":"center center","background-size":"auto","background-attachment":"scroll","background-type":"","background-media":"","overlay-type":"","overlay-color":"","overlay-opacity":"","overlay-gradient":""},"tablet":{"background-color":"var(--ast-global-color-5)","background-image":"","background-repeat":"repeat","background-position":"center center","background-size":"auto","background-attachment":"scroll","background-type":"","background-media":"","overlay-type":"","overlay-color":"","overlay-opacity":"","overlay-gradient":""},"mobile":{"background-color":"var(--ast-global-color-5)","background-image":"","background-repeat":"repeat","background-position":"center center","background-size":"auto","background-attachment":"scroll","background-type":"","background-media":"","overlay-type":"","overlay-color":"","overlay-opacity":"","overlay-gradient":""}},"footnotes":""},"categories":[1,273,264],"tags":[440,735,736],"class_list":["post-10314","post","type-post","status-publish","format-standard","has-post-thumbnail","hentry","category-general","category-portada","category-professionals","tag-formacio-permanent","tag-professionals","tag-russell-barkley"],"post_mailing_queue_ids":[],"_links":{"self":[{"href":"https:\/\/serveiseducatius.xtec.cat\/creda-catcentral\/wp-json\/wp\/v2\/posts\/10314","targetHints":{"allow":["GET"]}}],"collection":[{"href":"https:\/\/serveiseducatius.xtec.cat\/creda-catcentral\/wp-json\/wp\/v2\/posts"}],"about":[{"href":"https:\/\/serveiseducatius.xtec.cat\/creda-catcentral\/wp-json\/wp\/v2\/types\/post"}],"author":[{"embeddable":true,"href":"https:\/\/serveiseducatius.xtec.cat\/creda-catcentral\/wp-json\/wp\/v2\/users\/25"}],"replies":[{"embeddable":true,"href":"https:\/\/serveiseducatius.xtec.cat\/creda-catcentral\/wp-json\/wp\/v2\/comments?post=10314"}],"version-history":[{"count":2,"href":"https:\/\/serveiseducatius.xtec.cat\/creda-catcentral\/wp-json\/wp\/v2\/posts\/10314\/revisions"}],"predecessor-version":[{"id":10317,"href":"https:\/\/serveiseducatius.xtec.cat\/creda-catcentral\/wp-json\/wp\/v2\/posts\/10314\/revisions\/10317"}],"wp:featuredmedia":[{"embeddable":true,"href":"https:\/\/serveiseducatius.xtec.cat\/creda-catcentral\/wp-json\/wp\/v2\/media\/10318"}],"wp:attachment":[{"href":"https:\/\/serveiseducatius.xtec.cat\/creda-catcentral\/wp-json\/wp\/v2\/media?parent=10314"}],"wp:term":[{"taxonomy":"category","embeddable":true,"href":"https:\/\/serveiseducatius.xtec.cat\/creda-catcentral\/wp-json\/wp\/v2\/categories?post=10314"},{"taxonomy":"post_tag","embeddable":true,"href":"https:\/\/serveiseducatius.xtec.cat\/creda-catcentral\/wp-json\/wp\/v2\/tags?post=10314"}],"curies":[{"name":"wp","href":"https:\/\/api.w.org\/{rel}","templated":true}]}}