{"id":10177,"date":"2019-05-07T13:41:02","date_gmt":"2019-05-07T11:41:02","guid":{"rendered":"http:\/\/serveiseducatius.xtec.cat\/creda-catcentral\/?p=10177"},"modified":"2019-05-07T13:41:02","modified_gmt":"2019-05-07T11:41:02","slug":"5e-congres-estatal-sobre-alteracions-de-la-conducta","status":"publish","type":"post","link":"https:\/\/serveiseducatius.xtec.cat\/creda-catcentral\/portada\/5e-congres-estatal-sobre-alteracions-de-la-conducta\/","title":{"rendered":"5\u00e8 CONGR\u00c9S ESTATAL SOBRE ALTERACIONS DE LA CONDUCTA"},"content":{"rendered":"<p>Ja s&#8217;ha obert el per\u00edode d&#8217;inscripci\u00f3 per a la cinquena edici\u00f3 del Congr\u00e9s de Conducta que organitzen la Fundaci\u00f3 Ampans i la Fundaci\u00f3 Althaia el proper 23 de maig al Palau de Congressos de Fira Barcelona.<\/p>\n<p>Aquest any tindr\u00e0 continu\u00eftat durant dos dies m\u00e9s amb la celebraci\u00f3 del 12a edici\u00f3 del Congr\u00e9s Europeu de Salut Mental en Discapacitat Intel\u00b7lectual que organitzen les dues institucions.<\/p>\n<p>El congr\u00e9s ofereix diferents modalitats d&#8217;inscripci\u00f3 i tarifes en funci\u00f3 de si es vol participar al Congr\u00e9s de Conducta, al Congr\u00e9s Europeu de Salut Mental en Discapacitat Intel\u00b7lectual, o b\u00e9 si es vol participar en els dos congressos.<\/p>\n<p>Cliqueu sobre la imatge per obtenir m\u00e9s informaci\u00f3.<br \/>\n<a href=\"https:\/\/www.ampans.cat\/actualitat-ca\/entry\/839-el-5%C3%A8-congr%C3%A9s-estatal-sobre-alteracions-de-conducta-d%E2%80%99ampans-i-althaia-debatr%C3%A0-sobre-models-d%E2%80%99atenci%C3%B3\" target=\"_blank\" rel=\"noopener\"><img loading=\"lazy\" decoding=\"async\" class=\"alignleft  wp-image-10178\" src=\"https:\/\/serveiseducatius.xtec.cat\/creda-catcentral\/wp-content\/uploads\/usu1063\/2019\/05\/Congres-conducta-2019-300x200.jpg\" alt=\"\" width=\"428\" height=\"284\" srcset=\"https:\/\/serveiseducatius.xtec.cat\/creda-catcentral\/wp-content\/uploads\/usu1063\/2019\/05\/Congres-conducta-2019-300x200.jpg 300w, https:\/\/serveiseducatius.xtec.cat\/creda-catcentral\/wp-content\/uploads\/usu1063\/2019\/05\/Congres-conducta-2019.jpg 600w\" sizes=\"auto, (max-width: 428px) 100vw, 428px\" \/><\/a><\/p>\n","protected":false},"excerpt":{"rendered":"<p>Ja s&#8217;ha obert el per\u00edode d&#8217;inscripci\u00f3 per a la cinquena edici\u00f3 del Congr\u00e9s de Conducta que organitzen la Fundaci\u00f3 Ampans i la Fundaci\u00f3 Althaia el proper 23 de maig al Palau de Congressos de Fira Barcelona. Aquest any tindr\u00e0 continu\u00eftat durant dos dies m\u00e9s amb la celebraci\u00f3 del 12a edici\u00f3 del Congr\u00e9s Europeu de Salut [&hellip;]<\/p>\n","protected":false},"author":3,"featured_media":10178,"comment_status":"open","ping_status":"closed","sticky":false,"template":"","format":"standard","meta":{"site-sidebar-layout":"default","site-content-layout":"","ast-site-content-layout":"","site-content-style":"default","site-sidebar-style":"default","ast-global-header-display":"","ast-banner-title-visibility":"","ast-main-header-display":"","ast-hfb-above-header-display":"","ast-hfb-below-header-display":"","ast-hfb-mobile-header-display":"","site-post-title":"","ast-breadcrumbs-content":"","ast-featured-img":"","footer-sml-layout":"","theme-transparent-header-meta":"","adv-header-id-meta":"","stick-header-meta":"","header-above-stick-meta":"","header-main-stick-meta":"","header-below-stick-meta":"","astra-migrate-meta-layouts":"default","ast-page-background-enabled":"default","ast-page-background-meta":{"desktop":{"background-color":"var(--ast-global-color-4)","background-image":"","background-repeat":"repeat","background-position":"center center","background-size":"auto","background-attachment":"scroll","background-type":"","background-media":"","overlay-type":"","overlay-color":"","overlay-opacity":"","overlay-gradient":""},"tablet":{"background-color":"","background-image":"","background-repeat":"repeat","background-position":"center center","background-size":"auto","background-attachment":"scroll","background-type":"","background-media":"","overlay-type":"","overlay-color":"","overlay-opacity":"","overlay-gradient":""},"mobile":{"background-color":"","background-image":"","background-repeat":"repeat","background-position":"center center","background-size":"auto","background-attachment":"scroll","background-type":"","background-media":"","overlay-type":"","overlay-color":"","overlay-opacity":"","overlay-gradient":""}},"ast-content-background-meta":{"desktop":{"background-color":"var(--ast-global-color-5)","background-image":"","background-repeat":"repeat","background-position":"center center","background-size":"auto","background-attachment":"scroll","background-type":"","background-media":"","overlay-type":"","overlay-color":"","overlay-opacity":"","overlay-gradient":""},"tablet":{"background-color":"var(--ast-global-color-5)","background-image":"","background-repeat":"repeat","background-position":"center center","background-size":"auto","background-attachment":"scroll","background-type":"","background-media":"","overlay-type":"","overlay-color":"","overlay-opacity":"","overlay-gradient":""},"mobile":{"background-color":"var(--ast-global-color-5)","background-image":"","background-repeat":"repeat","background-position":"center center","background-size":"auto","background-attachment":"scroll","background-type":"","background-media":"","overlay-type":"","overlay-color":"","overlay-opacity":"","overlay-gradient":""}},"footnotes":""},"categories":[288,273],"tags":[713,714,715,440],"class_list":["post-10177","post","type-post","status-publish","format-standard","has-post-thumbnail","hentry","category-formacio","category-portada","tag-alteracions-conducta","tag-althaia","tag-ampans","tag-formacio-permanent"],"post_mailing_queue_ids":[],"_links":{"self":[{"href":"https:\/\/serveiseducatius.xtec.cat\/creda-catcentral\/wp-json\/wp\/v2\/posts\/10177","targetHints":{"allow":["GET"]}}],"collection":[{"href":"https:\/\/serveiseducatius.xtec.cat\/creda-catcentral\/wp-json\/wp\/v2\/posts"}],"about":[{"href":"https:\/\/serveiseducatius.xtec.cat\/creda-catcentral\/wp-json\/wp\/v2\/types\/post"}],"author":[{"embeddable":true,"href":"https:\/\/serveiseducatius.xtec.cat\/creda-catcentral\/wp-json\/wp\/v2\/users\/3"}],"replies":[{"embeddable":true,"href":"https:\/\/serveiseducatius.xtec.cat\/creda-catcentral\/wp-json\/wp\/v2\/comments?post=10177"}],"version-history":[{"count":1,"href":"https:\/\/serveiseducatius.xtec.cat\/creda-catcentral\/wp-json\/wp\/v2\/posts\/10177\/revisions"}],"predecessor-version":[{"id":10179,"href":"https:\/\/serveiseducatius.xtec.cat\/creda-catcentral\/wp-json\/wp\/v2\/posts\/10177\/revisions\/10179"}],"wp:featuredmedia":[{"embeddable":true,"href":"https:\/\/serveiseducatius.xtec.cat\/creda-catcentral\/wp-json\/wp\/v2\/media\/10178"}],"wp:attachment":[{"href":"https:\/\/serveiseducatius.xtec.cat\/creda-catcentral\/wp-json\/wp\/v2\/media?parent=10177"}],"wp:term":[{"taxonomy":"category","embeddable":true,"href":"https:\/\/serveiseducatius.xtec.cat\/creda-catcentral\/wp-json\/wp\/v2\/categories?post=10177"},{"taxonomy":"post_tag","embeddable":true,"href":"https:\/\/serveiseducatius.xtec.cat\/creda-catcentral\/wp-json\/wp\/v2\/tags?post=10177"}],"curies":[{"name":"wp","href":"https:\/\/api.w.org\/{rel}","templated":true}]}}