{"id":10126,"date":"2019-04-04T16:21:35","date_gmt":"2019-04-04T14:21:35","guid":{"rendered":"http:\/\/serveiseducatius.xtec.cat\/creda-catcentral\/?p=10126"},"modified":"2024-10-01T08:10:48","modified_gmt":"2024-10-01T06:10:48","slug":"conferencies-tel-a-youtube","status":"publish","type":"post","link":"https:\/\/serveiseducatius.xtec.cat\/creda-catcentral\/general\/conferencies-tel-a-youtube\/","title":{"rendered":"CONFER\u00c8NCIES TEL A YOUTUBE"},"content":{"rendered":"<p>Confer\u00e8ncies de la UOC sobre TEL penjades a Youtube.<\/p>\n<p>Dins del M\u00e0ster universitari de Dificultats de l&#8217;aprenentatge i trastorns del llenguatge de la UOC<br \/>\nhi ha algunes xerrades recollides al Canal Youtube de la UOC.<\/p>\n<p>Algunes d&#8217;elles s\u00f3n les seg\u00fcents:<\/p>\n<ul>\n<li><a href=\"https:\/\/www.youtube.com\/watch?v=LC0X1zRmyzk\">&#8220;Dificultades en tiempo y modo verbal en ni\u00f1os\/as con Trastorno Espec\u00edfico del<\/a><br \/>\nLenguaje (TEL)&#8221;\u00a0 impartida per la Dra. Claudia Araya Castillo.<\/li>\n<li><a href=\"https:\/\/youtu.be\/6GYLPkxepBA\">&#8220;El desempe\u00f1o lector en ni\u00f1os con Trastorno Espec\u00edfico del Lenguaje (TEL)&#8221;<\/a> impartida per la\u00a0 Dra. Carmen Julia Coloma.<a href=\"https:\/\/serveiseducatius.xtec.cat\/creda-catcentral\/wp-content\/uploads\/usu1063\/2019\/04\/240px-Uoc_masterbrand_vertical.png\"><img loading=\"lazy\" decoding=\"async\" class=\"alignnone size-full wp-image-10127\" src=\"https:\/\/serveiseducatius.xtec.cat\/creda-catcentral\/wp-content\/uploads\/usu1063\/2019\/04\/240px-Uoc_masterbrand_vertical.png\" alt=\"\" width=\"240\" height=\"344\" srcset=\"https:\/\/serveiseducatius.xtec.cat\/creda-catcentral\/wp-content\/uploads\/usu1063\/2019\/04\/240px-Uoc_masterbrand_vertical.png 240w, https:\/\/serveiseducatius.xtec.cat\/creda-catcentral\/wp-content\/uploads\/usu1063\/2019\/04\/240px-Uoc_masterbrand_vertical-209x300.png 209w\" sizes=\"auto, (max-width: 240px) 100vw, 240px\" \/><\/a><\/li>\n<\/ul>\n","protected":false},"excerpt":{"rendered":"<p>Confer\u00e8ncies de la UOC sobre TEL penjades a Youtube. Dins del M\u00e0ster universitari de Dificultats de l&#8217;aprenentatge i trastorns del llenguatge de la UOC hi ha algunes xerrades recollides al Canal Youtube de la UOC. Algunes d&#8217;elles s\u00f3n les seg\u00fcents: &#8220;Dificultades en tiempo y modo verbal en ni\u00f1os\/as con Trastorno Espec\u00edfico del Lenguaje (TEL)&#8221;\u00a0 impartida [&hellip;]<\/p>\n","protected":false},"author":4,"featured_media":10130,"comment_status":"open","ping_status":"closed","sticky":false,"template":"","format":"standard","meta":{"site-sidebar-layout":"default","site-content-layout":"","ast-site-content-layout":"","site-content-style":"default","site-sidebar-style":"default","ast-global-header-display":"","ast-banner-title-visibility":"","ast-main-header-display":"","ast-hfb-above-header-display":"","ast-hfb-below-header-display":"","ast-hfb-mobile-header-display":"","site-post-title":"","ast-breadcrumbs-content":"","ast-featured-img":"","footer-sml-layout":"","theme-transparent-header-meta":"","adv-header-id-meta":"","stick-header-meta":"","header-above-stick-meta":"","header-main-stick-meta":"","header-below-stick-meta":"","astra-migrate-meta-layouts":"default","ast-page-background-enabled":"default","ast-page-background-meta":{"desktop":{"background-color":"var(--ast-global-color-4)","background-image":"","background-repeat":"repeat","background-position":"center center","background-size":"auto","background-attachment":"scroll","background-type":"","background-media":"","overlay-type":"","overlay-color":"","overlay-opacity":"","overlay-gradient":""},"tablet":{"background-color":"","background-image":"","background-repeat":"repeat","background-position":"center center","background-size":"auto","background-attachment":"scroll","background-type":"","background-media":"","overlay-type":"","overlay-color":"","overlay-opacity":"","overlay-gradient":""},"mobile":{"background-color":"","background-image":"","background-repeat":"repeat","background-position":"center center","background-size":"auto","background-attachment":"scroll","background-type":"","background-media":"","overlay-type":"","overlay-color":"","overlay-opacity":"","overlay-gradient":""}},"ast-content-background-meta":{"desktop":{"background-color":"var(--ast-global-color-5)","background-image":"","background-repeat":"repeat","background-position":"center center","background-size":"auto","background-attachment":"scroll","background-type":"","background-media":"","overlay-type":"","overlay-color":"","overlay-opacity":"","overlay-gradient":""},"tablet":{"background-color":"var(--ast-global-color-5)","background-image":"","background-repeat":"repeat","background-position":"center center","background-size":"auto","background-attachment":"scroll","background-type":"","background-media":"","overlay-type":"","overlay-color":"","overlay-opacity":"","overlay-gradient":""},"mobile":{"background-color":"var(--ast-global-color-5)","background-image":"","background-repeat":"repeat","background-position":"center center","background-size":"auto","background-attachment":"scroll","background-type":"","background-media":"","overlay-type":"","overlay-color":"","overlay-opacity":"","overlay-gradient":""}},"footnotes":""},"categories":[288,1,273,264],"tags":[532,405,552],"class_list":["post-10126","post","type-post","status-publish","format-standard","has-post-thumbnail","hentry","category-formacio","category-general","category-portada","category-professionals","tag-comprensio-lectora","tag-formacio","tag-tel"],"post_mailing_queue_ids":[],"_links":{"self":[{"href":"https:\/\/serveiseducatius.xtec.cat\/creda-catcentral\/wp-json\/wp\/v2\/posts\/10126","targetHints":{"allow":["GET"]}}],"collection":[{"href":"https:\/\/serveiseducatius.xtec.cat\/creda-catcentral\/wp-json\/wp\/v2\/posts"}],"about":[{"href":"https:\/\/serveiseducatius.xtec.cat\/creda-catcentral\/wp-json\/wp\/v2\/types\/post"}],"author":[{"embeddable":true,"href":"https:\/\/serveiseducatius.xtec.cat\/creda-catcentral\/wp-json\/wp\/v2\/users\/4"}],"replies":[{"embeddable":true,"href":"https:\/\/serveiseducatius.xtec.cat\/creda-catcentral\/wp-json\/wp\/v2\/comments?post=10126"}],"version-history":[{"count":2,"href":"https:\/\/serveiseducatius.xtec.cat\/creda-catcentral\/wp-json\/wp\/v2\/posts\/10126\/revisions"}],"predecessor-version":[{"id":10129,"href":"https:\/\/serveiseducatius.xtec.cat\/creda-catcentral\/wp-json\/wp\/v2\/posts\/10126\/revisions\/10129"}],"wp:featuredmedia":[{"embeddable":true,"href":"https:\/\/serveiseducatius.xtec.cat\/creda-catcentral\/wp-json\/wp\/v2\/media\/10130"}],"wp:attachment":[{"href":"https:\/\/serveiseducatius.xtec.cat\/creda-catcentral\/wp-json\/wp\/v2\/media?parent=10126"}],"wp:term":[{"taxonomy":"category","embeddable":true,"href":"https:\/\/serveiseducatius.xtec.cat\/creda-catcentral\/wp-json\/wp\/v2\/categories?post=10126"},{"taxonomy":"post_tag","embeddable":true,"href":"https:\/\/serveiseducatius.xtec.cat\/creda-catcentral\/wp-json\/wp\/v2\/tags?post=10126"}],"curies":[{"name":"wp","href":"https:\/\/api.w.org\/{rel}","templated":true}]}}