{"id":9649,"date":"2022-06-17T10:16:21","date_gmt":"2022-06-17T08:16:21","guid":{"rendered":"https:\/\/serveiseducatius.xtec.cat\/creda-baixllobregat\/?p=9649"},"modified":"2022-06-17T10:16:21","modified_gmt":"2022-06-17T08:16:21","slug":"8e-capitol-den-jan-superheroi","status":"publish","type":"post","link":"https:\/\/serveiseducatius.xtec.cat\/creda-baixllobregat\/general\/8e-capitol-den-jan-superheroi\/","title":{"rendered":"8\u00e8 cap\u00edtol d&#8217;en Jan Superheroi"},"content":{"rendered":"<p>Ja tenim el <a href=\"https:\/\/padlet.com\/mmaya21\/zd6jxsman3rltec9\">darrer cap\u00edtol<\/a> d&#8217;en Jan Superheroi!!! Per fi el nostre protagonista descobreix el seu s\u00faper poder. Teniu ganes de saber quin \u00e9s?<\/p>\n","protected":false},"excerpt":{"rendered":"<p>Ja tenim el darrer cap\u00edtol d&#8217;en Jan Superheroi!!! Per fi el nostre protagonista descobreix el seu s\u00faper poder. Teniu ganes de saber quin \u00e9s?<\/p>\n","protected":false},"author":8,"featured_media":0,"comment_status":"closed","ping_status":"closed","sticky":false,"template":"","format":"standard","meta":{"_bbp_topic_count":0,"_bbp_reply_count":0,"_bbp_total_topic_count":0,"_bbp_total_reply_count":0,"_bbp_voice_count":0,"_bbp_anonymous_reply_count":0,"_bbp_topic_count_hidden":0,"_bbp_reply_count_hidden":0,"_bbp_forum_subforum_count":0,"site-sidebar-layout":"default","site-content-layout":"","ast-site-content-layout":"","site-content-style":"default","site-sidebar-style":"default","ast-global-header-display":"","ast-banner-title-visibility":"","ast-main-header-display":"","ast-hfb-above-header-display":"","ast-hfb-below-header-display":"","ast-hfb-mobile-header-display":"","site-post-title":"","ast-breadcrumbs-content":"","ast-featured-img":"","footer-sml-layout":"","theme-transparent-header-meta":"","adv-header-id-meta":"","stick-header-meta":"","header-above-stick-meta":"","header-main-stick-meta":"","header-below-stick-meta":"","astra-migrate-meta-layouts":"default","ast-page-background-enabled":"default","ast-page-background-meta":{"desktop":{"background-color":"var(--ast-global-color-4)","background-image":"","background-repeat":"repeat","background-position":"center center","background-size":"auto","background-attachment":"scroll","background-type":"","background-media":"","overlay-type":"","overlay-color":"","overlay-opacity":"","overlay-gradient":""},"tablet":{"background-color":"","background-image":"","background-repeat":"repeat","background-position":"center center","background-size":"auto","background-attachment":"scroll","background-type":"","background-media":"","overlay-type":"","overlay-color":"","overlay-opacity":"","overlay-gradient":""},"mobile":{"background-color":"","background-image":"","background-repeat":"repeat","background-position":"center center","background-size":"auto","background-attachment":"scroll","background-type":"","background-media":"","overlay-type":"","overlay-color":"","overlay-opacity":"","overlay-gradient":""}},"ast-content-background-meta":{"desktop":{"background-color":"var(--ast-global-color-5)","background-image":"","background-repeat":"repeat","background-position":"center center","background-size":"auto","background-attachment":"scroll","background-type":"","background-media":"","overlay-type":"","overlay-color":"","overlay-opacity":"","overlay-gradient":""},"tablet":{"background-color":"var(--ast-global-color-5)","background-image":"","background-repeat":"repeat","background-position":"center center","background-size":"auto","background-attachment":"scroll","background-type":"","background-media":"","overlay-type":"","overlay-color":"","overlay-opacity":"","overlay-gradient":""},"mobile":{"background-color":"var(--ast-global-color-5)","background-image":"","background-repeat":"repeat","background-position":"center center","background-size":"auto","background-attachment":"scroll","background-type":"","background-media":"","overlay-type":"","overlay-color":"","overlay-opacity":"","overlay-gradient":""}},"footnotes":""},"categories":[272,1,459,273],"tags":[464,431,477,465],"class_list":["post-9649","post","type-post","status-publish","format-standard","hentry","category-alumnes","category-general","category-jan-el-superheroi","category-portada","tag-jan","tag-lectura","tag-llengua-escrita","tag-superheroi"],"post_mailing_queue_ids":[],"_links":{"self":[{"href":"https:\/\/serveiseducatius.xtec.cat\/creda-baixllobregat\/wp-json\/wp\/v2\/posts\/9649","targetHints":{"allow":["GET"]}}],"collection":[{"href":"https:\/\/serveiseducatius.xtec.cat\/creda-baixllobregat\/wp-json\/wp\/v2\/posts"}],"about":[{"href":"https:\/\/serveiseducatius.xtec.cat\/creda-baixllobregat\/wp-json\/wp\/v2\/types\/post"}],"author":[{"embeddable":true,"href":"https:\/\/serveiseducatius.xtec.cat\/creda-baixllobregat\/wp-json\/wp\/v2\/users\/8"}],"replies":[{"embeddable":true,"href":"https:\/\/serveiseducatius.xtec.cat\/creda-baixllobregat\/wp-json\/wp\/v2\/comments?post=9649"}],"version-history":[{"count":1,"href":"https:\/\/serveiseducatius.xtec.cat\/creda-baixllobregat\/wp-json\/wp\/v2\/posts\/9649\/revisions"}],"predecessor-version":[{"id":9650,"href":"https:\/\/serveiseducatius.xtec.cat\/creda-baixllobregat\/wp-json\/wp\/v2\/posts\/9649\/revisions\/9650"}],"wp:attachment":[{"href":"https:\/\/serveiseducatius.xtec.cat\/creda-baixllobregat\/wp-json\/wp\/v2\/media?parent=9649"}],"wp:term":[{"taxonomy":"category","embeddable":true,"href":"https:\/\/serveiseducatius.xtec.cat\/creda-baixllobregat\/wp-json\/wp\/v2\/categories?post=9649"},{"taxonomy":"post_tag","embeddable":true,"href":"https:\/\/serveiseducatius.xtec.cat\/creda-baixllobregat\/wp-json\/wp\/v2\/tags?post=9649"}],"curies":[{"name":"wp","href":"https:\/\/api.w.org\/{rel}","templated":true}]}}