{"id":9440,"date":"2021-12-03T13:55:17","date_gmt":"2021-12-03T12:55:17","guid":{"rendered":"https:\/\/serveiseducatius.xtec.cat\/creda-baixllobregat\/?p=9440"},"modified":"2021-12-08T23:46:06","modified_gmt":"2021-12-08T22:46:06","slug":"i-concurs-de-postals-digitals-categoria-ovella","status":"publish","type":"post","link":"https:\/\/serveiseducatius.xtec.cat\/creda-baixllobregat\/general\/i-concurs-de-postals-digitals-categoria-ovella\/","title":{"rendered":"I Concurs de postals digitals: categoria ovella"},"content":{"rendered":"<p><a href=\"https:\/\/serveiseducatius.xtec.cat\/creda-baixllobregat\/wp-content\/uploads\/usu1334\/2021\/12\/ovella.jpg\"><img loading=\"lazy\" decoding=\"async\" class=\"size-medium wp-image-9441 alignleft\" src=\"https:\/\/serveiseducatius.xtec.cat\/creda-baixllobregat\/wp-content\/uploads\/usu1334\/2021\/12\/ovella-300x265.jpg\" alt=\"\" width=\"300\" height=\"265\" srcset=\"https:\/\/serveiseducatius.xtec.cat\/creda-baixllobregat\/wp-content\/uploads\/usu1334\/2021\/12\/ovella-300x265.jpg 300w, https:\/\/serveiseducatius.xtec.cat\/creda-baixllobregat\/wp-content\/uploads\/usu1334\/2021\/12\/ovella.jpg 523w\" sizes=\"auto, (max-width: 300px) 100vw, 300px\" \/><\/a>Aqu\u00ed podeu veure les postals participants del I concurs de postals digitals de Nadal del CREDA Baix Llobregat.<\/p>\n<p>Podeu votar a la postal que m\u00e9s us agradi a partir d&#8217;<a href=\"https:\/\/pollie.app\/tgc4x\">aquest enlla\u00e7<\/a>. Nom\u00e9s poden participar els alumnes i les logopedes participants. Cal tenir la contrasenya proporcionada anteriorment.<\/p>\n<p>Mireu-les b\u00e9 totes, fixeu-vos en quina us agrada m\u00e9s i VOTEU!!!<\/p>\n<p>&nbsp;<\/p>\n<p>&nbsp;<\/p>\n<div style=\"width: 100%;\">\n<div style=\"position: relative; padding-bottom: 177.77777777777777%; padding-top: 0; height: 0;\"><iframe loading=\"lazy\" style=\"position: absolute; top: 0; left: 0; width: 100%; height: 100%;\" src=\"https:\/\/view.genial.ly\/61936858b05e3d0d8091498d\" width=\"675px\" height=\"1200px\" frameborder=\"0\" scrolling=\"yes\" allowfullscreen=\"allowfullscreen\" data-mce-fragment=\"1\"><\/iframe><\/div>\n<\/div>\n<p>&nbsp;<\/p>\n<p>&nbsp;<\/p>\n<p><a href=\"https:\/\/serveiseducatius.xtec.cat\/creda-baixllobregat\/wp-content\/uploads\/usu1334\/2021\/12\/Captura6.png\"><img loading=\"lazy\" decoding=\"async\" class=\"alignright size-medium wp-image-9457\" src=\"https:\/\/serveiseducatius.xtec.cat\/creda-baixllobregat\/wp-content\/uploads\/usu1334\/2021\/12\/Captura6-300x168.png\" alt=\"\" width=\"300\" height=\"168\" srcset=\"https:\/\/serveiseducatius.xtec.cat\/creda-baixllobregat\/wp-content\/uploads\/usu1334\/2021\/12\/Captura6-300x168.png 300w, https:\/\/serveiseducatius.xtec.cat\/creda-baixllobregat\/wp-content\/uploads\/usu1334\/2021\/12\/Captura6-1024x573.png 1024w, https:\/\/serveiseducatius.xtec.cat\/creda-baixllobregat\/wp-content\/uploads\/usu1334\/2021\/12\/Captura6-768x430.png 768w, https:\/\/serveiseducatius.xtec.cat\/creda-baixllobregat\/wp-content\/uploads\/usu1334\/2021\/12\/Captura6.png 1076w\" sizes=\"auto, (max-width: 300px) 100vw, 300px\" \/><\/a><\/p>\n<div style=\"width: 100%;\">\n<div style=\"position: relative; padding-bottom: 56.25%; padding-top: 0; height: 0;\"><iframe loading=\"lazy\" style=\"position: absolute; top: 0; left: 0; width: 100%; height: 100%;\" src=\"https:\/\/view.genial.ly\/61a0a76fd5cc430d5124687a\" width=\"1200px\" height=\"675px\" frameborder=\"0\" scrolling=\"yes\" allowfullscreen=\"allowfullscreen\" data-mce-fragment=\"1\"><\/iframe><\/div>\n<div><\/div>\n<div><\/div>\n<\/div>\n<div>\n<div style=\"width: 100%;\">\n<div style=\"position: relative; padding-bottom: 100%; padding-top: 0; height: 0;\"><iframe loading=\"lazy\" style=\"position: absolute; top: 0; left: 0; width: 100%; height: 100%;\" src=\"https:\/\/view.genial.ly\/619e59d3b475340dd9308518\" width=\"800px\" height=\"800px\" frameborder=\"0\" scrolling=\"yes\" allowfullscreen=\"allowfullscreen\"><\/iframe><\/div>\n<div><\/div>\n<\/div>\n<\/div>\n<div style=\"width: 1708px;\" class=\"wp-video\"><!--[if lt IE 9]><script>document.createElement('video');<\/script><![endif]-->\n<video class=\"wp-video-shortcode\" id=\"video-9440-1\" width=\"1708\" height=\"1212\" preload=\"metadata\" controls=\"controls\"><source type=\"video\/mp4\" src=\"https:\/\/serveiseducatius.xtec.cat\/creda-baixllobregat\/wp-content\/uploads\/usu1334\/2021\/12\/2-Postal-Jordi-Blanco.mp4?_=1\" \/><a href=\"https:\/\/serveiseducatius.xtec.cat\/creda-baixllobregat\/wp-content\/uploads\/usu1334\/2021\/12\/2-Postal-Jordi-Blanco.mp4\">https:\/\/serveiseducatius.xtec.cat\/creda-baixllobregat\/wp-content\/uploads\/usu1334\/2021\/12\/2-Postal-Jordi-Blanco.mp4<\/a><\/video><\/div>\n<p>&nbsp;<\/p>\n<div style=\"width: 1708px;\" class=\"wp-video\"><video class=\"wp-video-shortcode\" id=\"video-9440-2\" width=\"1708\" height=\"1212\" preload=\"metadata\" controls=\"controls\"><source type=\"video\/mp4\" src=\"https:\/\/serveiseducatius.xtec.cat\/creda-baixllobregat\/wp-content\/uploads\/usu1334\/2021\/12\/4-postal-Diego-Colaianni.mp4?_=2\" \/><a href=\"https:\/\/serveiseducatius.xtec.cat\/creda-baixllobregat\/wp-content\/uploads\/usu1334\/2021\/12\/4-postal-Diego-Colaianni.mp4\">https:\/\/serveiseducatius.xtec.cat\/creda-baixllobregat\/wp-content\/uploads\/usu1334\/2021\/12\/4-postal-Diego-Colaianni.mp4<\/a><\/video><\/div>\n<p>&nbsp;<\/p>\n<div style=\"width: 1748px;\" class=\"wp-video\"><video class=\"wp-video-shortcode\" id=\"video-9440-3\" width=\"1748\" height=\"1240\" preload=\"metadata\" controls=\"controls\"><source type=\"video\/mp4\" src=\"https:\/\/serveiseducatius.xtec.cat\/creda-baixllobregat\/wp-content\/uploads\/usu1334\/2021\/12\/7-Merry-Christmas.mp4?_=3\" \/><a href=\"https:\/\/serveiseducatius.xtec.cat\/creda-baixllobregat\/wp-content\/uploads\/usu1334\/2021\/12\/7-Merry-Christmas.mp4\">https:\/\/serveiseducatius.xtec.cat\/creda-baixllobregat\/wp-content\/uploads\/usu1334\/2021\/12\/7-Merry-Christmas.mp4<\/a><\/video><\/div>\n<p>&nbsp;<\/p>\n<p><a href=\"https:\/\/serveiseducatius.xtec.cat\/creda-baixllobregat\/wp-content\/uploads\/usu1334\/2021\/12\/8-BON-NADAL.gif\"><img loading=\"lazy\" decoding=\"async\" class=\"aligncenter wp-image-9446 size-full\" src=\"https:\/\/serveiseducatius.xtec.cat\/creda-baixllobregat\/wp-content\/uploads\/usu1334\/2021\/12\/8-BON-NADAL.gif\" alt=\"\" width=\"908\" height=\"1284\" \/><\/a><\/p>\n<p>&nbsp;<\/p>\n<div style=\"width: 1920px;\" class=\"wp-video\"><video class=\"wp-video-shortcode\" id=\"video-9440-4\" width=\"1920\" height=\"1080\" preload=\"metadata\" controls=\"controls\"><source type=\"video\/mp4\" src=\"https:\/\/serveiseducatius.xtec.cat\/creda-baixllobregat\/wp-content\/uploads\/usu1334\/2021\/12\/9-bon-nadal-2.mp4?_=4\" \/><a href=\"https:\/\/serveiseducatius.xtec.cat\/creda-baixllobregat\/wp-content\/uploads\/usu1334\/2021\/12\/9-bon-nadal-2.mp4\">https:\/\/serveiseducatius.xtec.cat\/creda-baixllobregat\/wp-content\/uploads\/usu1334\/2021\/12\/9-bon-nadal-2.mp4<\/a><\/video><\/div>\n<p>&nbsp;<\/p>\n<div style=\"width: 1920px;\" class=\"wp-video\"><video class=\"wp-video-shortcode\" id=\"video-9440-5\" width=\"1920\" height=\"1080\" preload=\"metadata\" controls=\"controls\"><source type=\"video\/mp4\" src=\"https:\/\/serveiseducatius.xtec.cat\/creda-baixllobregat\/wp-content\/uploads\/usu1334\/2021\/12\/10-bon-nadal-1.mp4?_=5\" \/><a href=\"https:\/\/serveiseducatius.xtec.cat\/creda-baixllobregat\/wp-content\/uploads\/usu1334\/2021\/12\/10-bon-nadal-1.mp4\">https:\/\/serveiseducatius.xtec.cat\/creda-baixllobregat\/wp-content\/uploads\/usu1334\/2021\/12\/10-bon-nadal-1.mp4<\/a><\/video><\/div>\n<p>&nbsp;<\/p>\n<div style=\"width: 1708px;\" class=\"wp-video\"><video class=\"wp-video-shortcode\" id=\"video-9440-6\" width=\"1708\" height=\"1212\" preload=\"metadata\" controls=\"controls\"><source type=\"video\/mp4\" src=\"https:\/\/serveiseducatius.xtec.cat\/creda-baixllobregat\/wp-content\/uploads\/usu1334\/2021\/12\/11-Azul-Blanco-Arboles-Navidad-Fiestas-Tarjeta-Postal-1.mp4?_=6\" \/><a href=\"https:\/\/serveiseducatius.xtec.cat\/creda-baixllobregat\/wp-content\/uploads\/usu1334\/2021\/12\/11-Azul-Blanco-Arboles-Navidad-Fiestas-Tarjeta-Postal-1.mp4\">https:\/\/serveiseducatius.xtec.cat\/creda-baixllobregat\/wp-content\/uploads\/usu1334\/2021\/12\/11-Azul-Blanco-Arboles-Navidad-Fiestas-Tarjeta-Postal-1.mp4<\/a><\/video><\/div>\n<p>&nbsp;<\/p>\n<p><a href=\"https:\/\/serveiseducatius.xtec.cat\/creda-baixllobregat\/wp-content\/uploads\/usu1334\/2021\/12\/Nadal-Carla.jpg\"><img loading=\"lazy\" decoding=\"async\" class=\"aligncenter wp-image-9454 size-full\" src=\"https:\/\/serveiseducatius.xtec.cat\/creda-baixllobregat\/wp-content\/uploads\/usu1334\/2021\/12\/Nadal-Carla.jpg\" alt=\"\" width=\"960\" height=\"540\" srcset=\"https:\/\/serveiseducatius.xtec.cat\/creda-baixllobregat\/wp-content\/uploads\/usu1334\/2021\/12\/Nadal-Carla.jpg 960w, https:\/\/serveiseducatius.xtec.cat\/creda-baixllobregat\/wp-content\/uploads\/usu1334\/2021\/12\/Nadal-Carla-300x169.jpg 300w, https:\/\/serveiseducatius.xtec.cat\/creda-baixllobregat\/wp-content\/uploads\/usu1334\/2021\/12\/Nadal-Carla-768x432.jpg 768w\" sizes=\"auto, (max-width: 960px) 100vw, 960px\" \/><\/a><\/p>\n<p>&nbsp;<\/p>\n<p><a href=\"https:\/\/serveiseducatius.xtec.cat\/creda-baixllobregat\/wp-content\/uploads\/usu1334\/2021\/12\/Captura-1.png\"><img loading=\"lazy\" decoding=\"async\" class=\"aligncenter wp-image-9450 size-full\" src=\"https:\/\/serveiseducatius.xtec.cat\/creda-baixllobregat\/wp-content\/uploads\/usu1334\/2021\/12\/Captura-1.png\" alt=\"\" width=\"1067\" height=\"599\" srcset=\"https:\/\/serveiseducatius.xtec.cat\/creda-baixllobregat\/wp-content\/uploads\/usu1334\/2021\/12\/Captura-1.png 1067w, https:\/\/serveiseducatius.xtec.cat\/creda-baixllobregat\/wp-content\/uploads\/usu1334\/2021\/12\/Captura-1-300x168.png 300w, https:\/\/serveiseducatius.xtec.cat\/creda-baixllobregat\/wp-content\/uploads\/usu1334\/2021\/12\/Captura-1-1024x575.png 1024w, https:\/\/serveiseducatius.xtec.cat\/creda-baixllobregat\/wp-content\/uploads\/usu1334\/2021\/12\/Captura-1-768x431.png 768w\" sizes=\"auto, (max-width: 1067px) 100vw, 1067px\" \/><\/a><\/p>\n<p><a href=\"https:\/\/serveiseducatius.xtec.cat\/creda-baixllobregat\/wp-content\/uploads\/usu1334\/2021\/12\/Captura2.png\"><img loading=\"lazy\" decoding=\"async\" class=\"aligncenter wp-image-9451 size-full\" src=\"https:\/\/serveiseducatius.xtec.cat\/creda-baixllobregat\/wp-content\/uploads\/usu1334\/2021\/12\/Captura2.png\" alt=\"\" width=\"843\" height=\"599\" srcset=\"https:\/\/serveiseducatius.xtec.cat\/creda-baixllobregat\/wp-content\/uploads\/usu1334\/2021\/12\/Captura2.png 843w, https:\/\/serveiseducatius.xtec.cat\/creda-baixllobregat\/wp-content\/uploads\/usu1334\/2021\/12\/Captura2-300x213.png 300w, https:\/\/serveiseducatius.xtec.cat\/creda-baixllobregat\/wp-content\/uploads\/usu1334\/2021\/12\/Captura2-768x546.png 768w\" sizes=\"auto, (max-width: 843px) 100vw, 843px\" \/><\/a><\/p>\n<p><a href=\"https:\/\/serveiseducatius.xtec.cat\/creda-baixllobregat\/wp-content\/uploads\/usu1334\/2021\/12\/Captura3.png\"><img loading=\"lazy\" decoding=\"async\" class=\"aligncenter wp-image-9452 size-full\" src=\"https:\/\/serveiseducatius.xtec.cat\/creda-baixllobregat\/wp-content\/uploads\/usu1334\/2021\/12\/Captura3.png\" alt=\"\" width=\"724\" height=\"528\" srcset=\"https:\/\/serveiseducatius.xtec.cat\/creda-baixllobregat\/wp-content\/uploads\/usu1334\/2021\/12\/Captura3.png 724w, https:\/\/serveiseducatius.xtec.cat\/creda-baixllobregat\/wp-content\/uploads\/usu1334\/2021\/12\/Captura3-300x219.png 300w\" sizes=\"auto, (max-width: 724px) 100vw, 724px\" \/><\/a><\/p>\n<p><a href=\"https:\/\/serveiseducatius.xtec.cat\/creda-baixllobregat\/wp-content\/uploads\/usu1334\/2021\/12\/Captura5.png\"><img loading=\"lazy\" decoding=\"async\" class=\"aligncenter wp-image-9456 size-full\" src=\"https:\/\/serveiseducatius.xtec.cat\/creda-baixllobregat\/wp-content\/uploads\/usu1334\/2021\/12\/Captura5.png\" alt=\"\" width=\"565\" height=\"399\" srcset=\"https:\/\/serveiseducatius.xtec.cat\/creda-baixllobregat\/wp-content\/uploads\/usu1334\/2021\/12\/Captura5.png 565w, https:\/\/serveiseducatius.xtec.cat\/creda-baixllobregat\/wp-content\/uploads\/usu1334\/2021\/12\/Captura5-300x212.png 300w\" sizes=\"auto, (max-width: 565px) 100vw, 565px\" \/><\/a><a href=\"https:\/\/serveiseducatius.xtec.cat\/creda-baixllobregat\/wp-content\/uploads\/usu1334\/2021\/12\/Captura4.png\"><img loading=\"lazy\" decoding=\"async\" class=\"aligncenter wp-image-9453 size-full\" src=\"https:\/\/serveiseducatius.xtec.cat\/creda-baixllobregat\/wp-content\/uploads\/usu1334\/2021\/12\/Captura4.png\" alt=\"\" width=\"727\" height=\"527\" srcset=\"https:\/\/serveiseducatius.xtec.cat\/creda-baixllobregat\/wp-content\/uploads\/usu1334\/2021\/12\/Captura4.png 727w, https:\/\/serveiseducatius.xtec.cat\/creda-baixllobregat\/wp-content\/uploads\/usu1334\/2021\/12\/Captura4-300x217.png 300w\" sizes=\"auto, (max-width: 727px) 100vw, 727px\" \/><\/a><\/p>\n<p>&nbsp;<\/p>\n<p><a href=\"https:\/\/serveiseducatius.xtec.cat\/creda-baixllobregat\/wp-content\/uploads\/usu1334\/2021\/12\/Captura6.png\"><img loading=\"lazy\" decoding=\"async\" class=\"alignright wp-image-9457 size-large\" src=\"https:\/\/serveiseducatius.xtec.cat\/creda-baixllobregat\/wp-content\/uploads\/usu1334\/2021\/12\/Captura6-1024x573.png\" alt=\"\" width=\"1024\" height=\"573\" srcset=\"https:\/\/serveiseducatius.xtec.cat\/creda-baixllobregat\/wp-content\/uploads\/usu1334\/2021\/12\/Captura6-1024x573.png 1024w, https:\/\/serveiseducatius.xtec.cat\/creda-baixllobregat\/wp-content\/uploads\/usu1334\/2021\/12\/Captura6-300x168.png 300w, https:\/\/serveiseducatius.xtec.cat\/creda-baixllobregat\/wp-content\/uploads\/usu1334\/2021\/12\/Captura6-768x430.png 768w, https:\/\/serveiseducatius.xtec.cat\/creda-baixllobregat\/wp-content\/uploads\/usu1334\/2021\/12\/Captura6.png 1076w\" sizes=\"auto, (max-width: 1024px) 100vw, 1024px\" \/><\/a><\/p>\n<p>&nbsp;<\/p>\n<p>Podeu votar a la postal que m\u00e9s us agradi a partir d&#8217;<a href=\"https:\/\/pollie.app\/tgc4x\">aquest enlla\u00e7<\/a><\/p>\n","protected":false},"excerpt":{"rendered":"<p>Aqu\u00ed podeu veure les postals participants del I concurs de postals digitals de Nadal del CREDA Baix Llobregat. Podeu votar a la postal que m\u00e9s us agradi a partir d&#8217;aquest enlla\u00e7. Nom\u00e9s poden participar els alumnes i les logopedes participants. Cal tenir la contrasenya proporcionada anteriorment. Mireu-les b\u00e9 totes, fixeu-vos en quina us agrada m\u00e9s [&hellip;]<\/p>\n","protected":false},"author":8,"featured_media":0,"comment_status":"open","ping_status":"closed","sticky":false,"template":"","format":"standard","meta":{"_bbp_topic_count":0,"_bbp_reply_count":0,"_bbp_total_topic_count":0,"_bbp_total_reply_count":0,"_bbp_voice_count":0,"_bbp_anonymous_reply_count":0,"_bbp_topic_count_hidden":0,"_bbp_reply_count_hidden":0,"_bbp_forum_subforum_count":0,"site-sidebar-layout":"default","site-content-layout":"","ast-site-content-layout":"","site-content-style":"default","site-sidebar-style":"default","ast-global-header-display":"","ast-banner-title-visibility":"","ast-main-header-display":"","ast-hfb-above-header-display":"","ast-hfb-below-header-display":"","ast-hfb-mobile-header-display":"","site-post-title":"","ast-breadcrumbs-content":"","ast-featured-img":"","footer-sml-layout":"","theme-transparent-header-meta":"","adv-header-id-meta":"","stick-header-meta":"","header-above-stick-meta":"","header-main-stick-meta":"","header-below-stick-meta":"","astra-migrate-meta-layouts":"default","ast-page-background-enabled":"default","ast-page-background-meta":{"desktop":{"background-color":"var(--ast-global-color-4)","background-image":"","background-repeat":"repeat","background-position":"center center","background-size":"auto","background-attachment":"scroll","background-type":"","background-media":"","overlay-type":"","overlay-color":"","overlay-opacity":"","overlay-gradient":""},"tablet":{"background-color":"","background-image":"","background-repeat":"repeat","background-position":"center center","background-size":"auto","background-attachment":"scroll","background-type":"","background-media":"","overlay-type":"","overlay-color":"","overlay-opacity":"","overlay-gradient":""},"mobile":{"background-color":"","background-image":"","background-repeat":"repeat","background-position":"center center","background-size":"auto","background-attachment":"scroll","background-type":"","background-media":"","overlay-type":"","overlay-color":"","overlay-opacity":"","overlay-gradient":""}},"ast-content-background-meta":{"desktop":{"background-color":"var(--ast-global-color-5)","background-image":"","background-repeat":"repeat","background-position":"center center","background-size":"auto","background-attachment":"scroll","background-type":"","background-media":"","overlay-type":"","overlay-color":"","overlay-opacity":"","overlay-gradient":""},"tablet":{"background-color":"var(--ast-global-color-5)","background-image":"","background-repeat":"repeat","background-position":"center center","background-size":"auto","background-attachment":"scroll","background-type":"","background-media":"","overlay-type":"","overlay-color":"","overlay-opacity":"","overlay-gradient":""},"mobile":{"background-color":"var(--ast-global-color-5)","background-image":"","background-repeat":"repeat","background-position":"center center","background-size":"auto","background-attachment":"scroll","background-type":"","background-media":"","overlay-type":"","overlay-color":"","overlay-opacity":"","overlay-gradient":""}},"footnotes":""},"categories":[272,336,1,273],"tags":[421,335,333,454],"class_list":["post-9440","post","type-post","status-publish","format-standard","hentry","category-alumnes","category-esdeveniments-alumnes","category-general","category-portada","tag-concurs","tag-festa","tag-nadal","tag-postal"],"post_mailing_queue_ids":[],"_links":{"self":[{"href":"https:\/\/serveiseducatius.xtec.cat\/creda-baixllobregat\/wp-json\/wp\/v2\/posts\/9440","targetHints":{"allow":["GET"]}}],"collection":[{"href":"https:\/\/serveiseducatius.xtec.cat\/creda-baixllobregat\/wp-json\/wp\/v2\/posts"}],"about":[{"href":"https:\/\/serveiseducatius.xtec.cat\/creda-baixllobregat\/wp-json\/wp\/v2\/types\/post"}],"author":[{"embeddable":true,"href":"https:\/\/serveiseducatius.xtec.cat\/creda-baixllobregat\/wp-json\/wp\/v2\/users\/8"}],"replies":[{"embeddable":true,"href":"https:\/\/serveiseducatius.xtec.cat\/creda-baixllobregat\/wp-json\/wp\/v2\/comments?post=9440"}],"version-history":[{"count":3,"href":"https:\/\/serveiseducatius.xtec.cat\/creda-baixllobregat\/wp-json\/wp\/v2\/posts\/9440\/revisions"}],"predecessor-version":[{"id":9488,"href":"https:\/\/serveiseducatius.xtec.cat\/creda-baixllobregat\/wp-json\/wp\/v2\/posts\/9440\/revisions\/9488"}],"wp:attachment":[{"href":"https:\/\/serveiseducatius.xtec.cat\/creda-baixllobregat\/wp-json\/wp\/v2\/media?parent=9440"}],"wp:term":[{"taxonomy":"category","embeddable":true,"href":"https:\/\/serveiseducatius.xtec.cat\/creda-baixllobregat\/wp-json\/wp\/v2\/categories?post=9440"},{"taxonomy":"post_tag","embeddable":true,"href":"https:\/\/serveiseducatius.xtec.cat\/creda-baixllobregat\/wp-json\/wp\/v2\/tags?post=9440"}],"curies":[{"name":"wp","href":"https:\/\/api.w.org\/{rel}","templated":true}]}}