{"id":9134,"date":"2020-02-11T10:30:48","date_gmt":"2020-02-11T09:30:48","guid":{"rendered":"http:\/\/serveiseducatius.xtec.cat\/creda-baixllobregat\/?p=9134"},"modified":"2020-02-11T10:39:35","modified_gmt":"2020-02-11T09:39:35","slug":"curs-aelfa-el-trastorn-del-desenvolupament-especific-del-llenguatge-de-la-recerca-a-la-practica","status":"publish","type":"post","link":"https:\/\/serveiseducatius.xtec.cat\/creda-baixllobregat\/professionals\/curs-aelfa-el-trastorn-del-desenvolupament-especific-del-llenguatge-de-la-recerca-a-la-practica\/","title":{"rendered":"Curs AELFA: El Trastorn del Desenvolupament (Espec\u00edfic) del Llenguatge: De la recerca a la pr\u00e0ctica"},"content":{"rendered":"<p><a href=\"https:\/\/serveiseducatius.xtec.cat\/creda-baixllobregat\/wp-content\/uploads\/usu1334\/2020\/02\/aelfa.png\"><img loading=\"lazy\" decoding=\"async\" class=\"size-medium wp-image-9136 alignleft\" src=\"https:\/\/serveiseducatius.xtec.cat\/creda-baixllobregat\/wp-content\/uploads\/usu1334\/2020\/02\/aelfa.png\" alt=\"\" width=\"270\" height=\"137\" \/><\/a>El dissabte 15 de Febrer del 2020 de 9,30 a 15h organitza AELFA el curs sobre el Trastorn del Desenvolupament (Espec\u00edfic) del Llenguatge (TDL) . Aquest tamb\u00e9 anomenat Trastorn Espec\u00edfic del<br \/>\nLlenguatge (TEL) \u00e9s un trastorn sever i persistent en l\u2019adquisici\u00f3 i el desenvolupament de la<br \/>\nllengua oral que pot involucrar un o diversos components del llenguatge en diferent grau tant a<br \/>\nnivell expressiu com receptiu i que afecta al desenvolupament social i\/o escolar.<br \/>\nAquesta formaci\u00f3 pret\u00e9n apropar el treball que el Grup de Recerca en Cognici\u00f3 i Llenguatge<br \/>\n(GRECIL) est\u00e0 portant a terme sobre TDL i analitzar les seves repercussions per la pr\u00e0ctica<br \/>\ncl\u00ednica i educativa<\/p>\n<p><a href=\"http:\/\/www.aelfa.org\/upfiles\/files\/A125706.pdf\">Aqu\u00ed<\/a> podeu consultar el programa i la forma d&#8217;inscripci\u00f3<\/p>\n","protected":false},"excerpt":{"rendered":"<p>El dissabte 15 de Febrer del 2020 de 9,30 a 15h organitza AELFA el curs sobre el Trastorn del Desenvolupament (Espec\u00edfic) del Llenguatge (TDL) . Aquest tamb\u00e9 anomenat Trastorn Espec\u00edfic del Llenguatge (TEL) \u00e9s un trastorn sever i persistent en l\u2019adquisici\u00f3 i el desenvolupament de la llengua oral que pot involucrar un o diversos components [&hellip;]<\/p>\n","protected":false},"author":8,"featured_media":0,"comment_status":"closed","ping_status":"closed","sticky":false,"template":"","format":"standard","meta":{"_bbp_topic_count":0,"_bbp_reply_count":0,"_bbp_total_topic_count":0,"_bbp_total_reply_count":0,"_bbp_voice_count":0,"_bbp_anonymous_reply_count":0,"_bbp_topic_count_hidden":0,"_bbp_reply_count_hidden":0,"_bbp_forum_subforum_count":0,"site-sidebar-layout":"default","site-content-layout":"","ast-site-content-layout":"","site-content-style":"default","site-sidebar-style":"default","ast-global-header-display":"","ast-banner-title-visibility":"","ast-main-header-display":"","ast-hfb-above-header-display":"","ast-hfb-below-header-display":"","ast-hfb-mobile-header-display":"","site-post-title":"","ast-breadcrumbs-content":"","ast-featured-img":"","footer-sml-layout":"","theme-transparent-header-meta":"","adv-header-id-meta":"","stick-header-meta":"","header-above-stick-meta":"","header-main-stick-meta":"","header-below-stick-meta":"","astra-migrate-meta-layouts":"default","ast-page-background-enabled":"default","ast-page-background-meta":{"desktop":{"background-color":"var(--ast-global-color-4)","background-image":"","background-repeat":"repeat","background-position":"center center","background-size":"auto","background-attachment":"scroll","background-type":"","background-media":"","overlay-type":"","overlay-color":"","overlay-opacity":"","overlay-gradient":""},"tablet":{"background-color":"","background-image":"","background-repeat":"repeat","background-position":"center center","background-size":"auto","background-attachment":"scroll","background-type":"","background-media":"","overlay-type":"","overlay-color":"","overlay-opacity":"","overlay-gradient":""},"mobile":{"background-color":"","background-image":"","background-repeat":"repeat","background-position":"center center","background-size":"auto","background-attachment":"scroll","background-type":"","background-media":"","overlay-type":"","overlay-color":"","overlay-opacity":"","overlay-gradient":""}},"ast-content-background-meta":{"desktop":{"background-color":"var(--ast-global-color-5)","background-image":"","background-repeat":"repeat","background-position":"center center","background-size":"auto","background-attachment":"scroll","background-type":"","background-media":"","overlay-type":"","overlay-color":"","overlay-opacity":"","overlay-gradient":""},"tablet":{"background-color":"var(--ast-global-color-5)","background-image":"","background-repeat":"repeat","background-position":"center center","background-size":"auto","background-attachment":"scroll","background-type":"","background-media":"","overlay-type":"","overlay-color":"","overlay-opacity":"","overlay-gradient":""},"mobile":{"background-color":"var(--ast-global-color-5)","background-image":"","background-repeat":"repeat","background-position":"center center","background-size":"auto","background-attachment":"scroll","background-type":"","background-media":"","overlay-type":"","overlay-color":"","overlay-opacity":"","overlay-gradient":""}},"footnotes":""},"categories":[288,273,264],"tags":[340,338,397,426,339],"class_list":["post-9134","post","type-post","status-publish","format-standard","hentry","category-formacio","category-portada","category-professionals","tag-aelfa","tag-formacio","tag-infocreda","tag-tdl","tag-tel"],"post_mailing_queue_ids":[],"_links":{"self":[{"href":"https:\/\/serveiseducatius.xtec.cat\/creda-baixllobregat\/wp-json\/wp\/v2\/posts\/9134","targetHints":{"allow":["GET"]}}],"collection":[{"href":"https:\/\/serveiseducatius.xtec.cat\/creda-baixllobregat\/wp-json\/wp\/v2\/posts"}],"about":[{"href":"https:\/\/serveiseducatius.xtec.cat\/creda-baixllobregat\/wp-json\/wp\/v2\/types\/post"}],"author":[{"embeddable":true,"href":"https:\/\/serveiseducatius.xtec.cat\/creda-baixllobregat\/wp-json\/wp\/v2\/users\/8"}],"replies":[{"embeddable":true,"href":"https:\/\/serveiseducatius.xtec.cat\/creda-baixllobregat\/wp-json\/wp\/v2\/comments?post=9134"}],"version-history":[{"count":3,"href":"https:\/\/serveiseducatius.xtec.cat\/creda-baixllobregat\/wp-json\/wp\/v2\/posts\/9134\/revisions"}],"predecessor-version":[{"id":9137,"href":"https:\/\/serveiseducatius.xtec.cat\/creda-baixllobregat\/wp-json\/wp\/v2\/posts\/9134\/revisions\/9137"}],"wp:attachment":[{"href":"https:\/\/serveiseducatius.xtec.cat\/creda-baixllobregat\/wp-json\/wp\/v2\/media?parent=9134"}],"wp:term":[{"taxonomy":"category","embeddable":true,"href":"https:\/\/serveiseducatius.xtec.cat\/creda-baixllobregat\/wp-json\/wp\/v2\/categories?post=9134"},{"taxonomy":"post_tag","embeddable":true,"href":"https:\/\/serveiseducatius.xtec.cat\/creda-baixllobregat\/wp-json\/wp\/v2\/tags?post=9134"}],"curies":[{"name":"wp","href":"https:\/\/api.w.org\/{rel}","templated":true}]}}