{"id":9089,"date":"2019-10-10T11:56:24","date_gmt":"2019-10-10T09:56:24","guid":{"rendered":"http:\/\/serveiseducatius.xtec.cat\/creda-baixllobregat\/?p=9089"},"modified":"2019-10-10T11:58:45","modified_gmt":"2019-10-10T09:58:45","slug":"estudi-de-la-competencia-de-lalumnat-amb-implant-coclear-en-la-produccio-de-verbs","status":"publish","type":"post","link":"https:\/\/serveiseducatius.xtec.cat\/creda-baixllobregat\/professionals\/estudi-de-la-competencia-de-lalumnat-amb-implant-coclear-en-la-produccio-de-verbs\/","title":{"rendered":"Estudi de la compet\u00e8ncia de l&#8217;alumnat amb implant coclear en la producci\u00f3 de verbs"},"content":{"rendered":"<p><a href=\"https:\/\/serveiseducatius.xtec.cat\/creda-baixllobregat\/wp-content\/uploads\/usu1334\/2019\/10\/P\u00e9rez-Cambra-CLC-juliol-2019-1.pdf\"><img loading=\"lazy\" decoding=\"async\" class=\"alignright size-medium wp-image-9091\" src=\"https:\/\/serveiseducatius.xtec.cat\/creda-baixllobregat\/wp-content\/uploads\/usu1334\/2019\/10\/Cambra-300x289.png\" alt=\"\" width=\"300\" height=\"289\" srcset=\"https:\/\/serveiseducatius.xtec.cat\/creda-baixllobregat\/wp-content\/uploads\/usu1334\/2019\/10\/Cambra-300x289.png 300w, https:\/\/serveiseducatius.xtec.cat\/creda-baixllobregat\/wp-content\/uploads\/usu1334\/2019\/10\/Cambra.png 592w\" sizes=\"auto, (max-width: 300px) 100vw, 300px\" \/><\/a>Cristina Cambra i Encarna P\u00e9rez del Departament de Psicologia b\u00e0sica, evolutiva i de l&#8217;educaci\u00f3 , han publicat les primeres dades sobre la investigaci\u00f3 del perfil ling\u00fc\u00edstic de l&#8217;alumnat sord amb implant coclear. Els resultat d&#8217;aquest estudi va ser premiat amb l&#8217;acc\u00e8ssit de la 8a edici\u00f3 (2015)\u00a0 del premi Jordi Perell\u00f3 convocat pel col\u00b7legi de logopedes de Catalunya.<\/p>\n<p>En l&#8217;estudi han participat infants, fam\u00edlies i logopedes dels CREDA del Departament d&#8217;Educaci\u00f3.<\/p>\n<p><a href=\"https:\/\/serveiseducatius.xtec.cat\/creda-baixllobregat\/wp-content\/uploads\/usu1334\/2019\/10\/P\u00e9rez-Cambra-CLC-juliol-2019-1.pdf\">P\u00e9rez &amp; Cambra CLC juliol 2019 (1)<\/a><\/p>\n","protected":false},"excerpt":{"rendered":"<p>Cristina Cambra i Encarna P\u00e9rez del Departament de Psicologia b\u00e0sica, evolutiva i de l&#8217;educaci\u00f3 , han publicat les primeres dades sobre la investigaci\u00f3 del perfil ling\u00fc\u00edstic de l&#8217;alumnat sord amb implant coclear. Els resultat d&#8217;aquest estudi va ser premiat amb l&#8217;acc\u00e8ssit de la 8a edici\u00f3 (2015)\u00a0 del premi Jordi Perell\u00f3 convocat pel col\u00b7legi de logopedes [&hellip;]<\/p>\n","protected":false},"author":8,"featured_media":9091,"comment_status":"closed","ping_status":"closed","sticky":false,"template":"","format":"standard","meta":{"_bbp_topic_count":0,"_bbp_reply_count":0,"_bbp_total_topic_count":0,"_bbp_total_reply_count":0,"_bbp_voice_count":0,"_bbp_anonymous_reply_count":0,"_bbp_topic_count_hidden":0,"_bbp_reply_count_hidden":0,"_bbp_forum_subforum_count":0,"site-sidebar-layout":"default","site-content-layout":"","ast-site-content-layout":"","site-content-style":"default","site-sidebar-style":"default","ast-global-header-display":"","ast-banner-title-visibility":"","ast-main-header-display":"","ast-hfb-above-header-display":"","ast-hfb-below-header-display":"","ast-hfb-mobile-header-display":"","site-post-title":"","ast-breadcrumbs-content":"","ast-featured-img":"","footer-sml-layout":"","theme-transparent-header-meta":"","adv-header-id-meta":"","stick-header-meta":"","header-above-stick-meta":"","header-main-stick-meta":"","header-below-stick-meta":"","astra-migrate-meta-layouts":"default","ast-page-background-enabled":"default","ast-page-background-meta":{"desktop":{"background-color":"var(--ast-global-color-4)","background-image":"","background-repeat":"repeat","background-position":"center center","background-size":"auto","background-attachment":"scroll","background-type":"","background-media":"","overlay-type":"","overlay-color":"","overlay-opacity":"","overlay-gradient":""},"tablet":{"background-color":"","background-image":"","background-repeat":"repeat","background-position":"center center","background-size":"auto","background-attachment":"scroll","background-type":"","background-media":"","overlay-type":"","overlay-color":"","overlay-opacity":"","overlay-gradient":""},"mobile":{"background-color":"","background-image":"","background-repeat":"repeat","background-position":"center center","background-size":"auto","background-attachment":"scroll","background-type":"","background-media":"","overlay-type":"","overlay-color":"","overlay-opacity":"","overlay-gradient":""}},"ast-content-background-meta":{"desktop":{"background-color":"var(--ast-global-color-5)","background-image":"","background-repeat":"repeat","background-position":"center center","background-size":"auto","background-attachment":"scroll","background-type":"","background-media":"","overlay-type":"","overlay-color":"","overlay-opacity":"","overlay-gradient":""},"tablet":{"background-color":"var(--ast-global-color-5)","background-image":"","background-repeat":"repeat","background-position":"center center","background-size":"auto","background-attachment":"scroll","background-type":"","background-media":"","overlay-type":"","overlay-color":"","overlay-opacity":"","overlay-gradient":""},"mobile":{"background-color":"var(--ast-global-color-5)","background-image":"","background-repeat":"repeat","background-position":"center center","background-size":"auto","background-attachment":"scroll","background-type":"","background-media":"","overlay-type":"","overlay-color":"","overlay-opacity":"","overlay-gradient":""}},"footnotes":""},"categories":[297,267,273,264],"tags":[407,382,397,409,371],"class_list":["post-9089","post","type-post","status-publish","format-standard","has-post-thumbnail","hentry","category-audiologia","category-morfosintaxi","category-portada","category-professionals","tag-comportaments-linguistics","tag-implant-coclear","tag-infocreda","tag-investigacio","tag-sords"],"post_mailing_queue_ids":[],"_links":{"self":[{"href":"https:\/\/serveiseducatius.xtec.cat\/creda-baixllobregat\/wp-json\/wp\/v2\/posts\/9089","targetHints":{"allow":["GET"]}}],"collection":[{"href":"https:\/\/serveiseducatius.xtec.cat\/creda-baixllobregat\/wp-json\/wp\/v2\/posts"}],"about":[{"href":"https:\/\/serveiseducatius.xtec.cat\/creda-baixllobregat\/wp-json\/wp\/v2\/types\/post"}],"author":[{"embeddable":true,"href":"https:\/\/serveiseducatius.xtec.cat\/creda-baixllobregat\/wp-json\/wp\/v2\/users\/8"}],"replies":[{"embeddable":true,"href":"https:\/\/serveiseducatius.xtec.cat\/creda-baixllobregat\/wp-json\/wp\/v2\/comments?post=9089"}],"version-history":[{"count":2,"href":"https:\/\/serveiseducatius.xtec.cat\/creda-baixllobregat\/wp-json\/wp\/v2\/posts\/9089\/revisions"}],"predecessor-version":[{"id":9093,"href":"https:\/\/serveiseducatius.xtec.cat\/creda-baixllobregat\/wp-json\/wp\/v2\/posts\/9089\/revisions\/9093"}],"wp:featuredmedia":[{"embeddable":true,"href":"https:\/\/serveiseducatius.xtec.cat\/creda-baixllobregat\/wp-json\/wp\/v2\/media\/9091"}],"wp:attachment":[{"href":"https:\/\/serveiseducatius.xtec.cat\/creda-baixllobregat\/wp-json\/wp\/v2\/media?parent=9089"}],"wp:term":[{"taxonomy":"category","embeddable":true,"href":"https:\/\/serveiseducatius.xtec.cat\/creda-baixllobregat\/wp-json\/wp\/v2\/categories?post=9089"},{"taxonomy":"post_tag","embeddable":true,"href":"https:\/\/serveiseducatius.xtec.cat\/creda-baixllobregat\/wp-json\/wp\/v2\/tags?post=9089"}],"curies":[{"name":"wp","href":"https:\/\/api.w.org\/{rel}","templated":true}]}}