{"id":9068,"date":"2019-05-23T11:07:32","date_gmt":"2019-05-23T09:07:32","guid":{"rendered":"http:\/\/serveiseducatius.xtec.cat\/creda-baixllobregat\/?p=9068"},"modified":"2019-05-23T11:07:32","modified_gmt":"2019-05-23T09:07:32","slug":"colonies-i-campaments-estiu19","status":"publish","type":"post","link":"https:\/\/serveiseducatius.xtec.cat\/creda-baixllobregat\/general\/colonies-i-campaments-estiu19\/","title":{"rendered":"Col\u00f2nies i campaments estiu&#8217;19"},"content":{"rendered":"<p>Apunt d&#8217;arribar les vacances d&#8217;estiu i si encara no ho heu fet podeu donar un cop d&#8217;ull a aquestes dues propostes d&#8217;activitats molt interessants i recomanables:<\/p>\n<p><strong>Apansce<\/strong> ens\u00a0 proposa\u00a0 col\u00f2nies\u00a0 a Calafell\u00a0 del\u00a0 30\u00a0 de\u00a0 Juny\u00a0 al\u00a0 7 de\u00a0 juliol\u00a0 per\u00a0 nens\u00a0 de\u00a0 4 a 16\u00a0 anys\u00a0 am<a href=\"https:\/\/serveiseducatius.xtec.cat\/creda-baixllobregat\/wp-content\/uploads\/usu1334\/2016\/11\/apansce.jpg\"><img loading=\"lazy\" decoding=\"async\" class=\"size-full wp-image-8800 alignleft\" src=\"https:\/\/serveiseducatius.xtec.cat\/creda-baixllobregat\/wp-content\/uploads\/usu1334\/2016\/11\/apansce.jpg\" alt=\"\" width=\"113\" height=\"75\" \/><\/a>b un\u00a0 equip\u00a0 de monitors sords\u00a0 <em><a href=\"https:\/\/serveiseducatius.xtec.cat\/creda-baixllobregat\/wp-content\/uploads\/usu1334\/2019\/05\/cartell-col\u00f2nies-2019.pdf\">Aqu\u00ed podeu trobar m\u00e9s informaci\u00f3<\/a><\/em><\/p>\n<p>&nbsp;<\/p>\n<p>&nbsp;<\/p>\n<p>La federaci\u00f3 Aice tamb\u00e9 organitza uns campaments d&#8217;estiu cada any. Enguany es celebren a Cast<a href=\"https:\/\/serveiseducatius.xtec.cat\/creda-baixllobregat\/wp-content\/uploads\/usu1334\/2016\/11\/aice.jpg\"><img loading=\"lazy\" decoding=\"async\" class=\"size-full wp-image-8799 alignleft\" src=\"https:\/\/serveiseducatius.xtec.cat\/creda-baixllobregat\/wp-content\/uploads\/usu1334\/2016\/11\/aice.jpg\" alt=\"\" width=\"139\" height=\"73\" \/><\/a>ell\u00f3 del 5 al 14 de Juliol per a nois i noies de 10 a 17 anys.\u00a0<a href=\"http:\/\/implantecoclear.org\/index.php?option=com_content&amp;view=article&amp;id=529:campamento-aice-2019&amp;catid=1:latest-news&amp;Itemid=50\">Aqu\u00ed podeu trobar m\u00e9s informaci\u00f3<\/a><\/p>\n<p>&nbsp;<\/p>\n<p>Ac<\/p>\n","protected":false},"excerpt":{"rendered":"<p>Activitats estiu 2019<\/p>\n","protected":false},"author":8,"featured_media":0,"comment_status":"closed","ping_status":"closed","sticky":false,"template":"","format":"standard","meta":{"_bbp_topic_count":0,"_bbp_reply_count":0,"_bbp_total_topic_count":0,"_bbp_total_reply_count":0,"_bbp_voice_count":0,"_bbp_anonymous_reply_count":0,"_bbp_topic_count_hidden":0,"_bbp_reply_count_hidden":0,"_bbp_forum_subforum_count":0,"site-sidebar-layout":"default","site-content-layout":"","ast-site-content-layout":"","site-content-style":"default","site-sidebar-style":"default","ast-global-header-display":"","ast-banner-title-visibility":"","ast-main-header-display":"","ast-hfb-above-header-display":"","ast-hfb-below-header-display":"","ast-hfb-mobile-header-display":"","site-post-title":"","ast-breadcrumbs-content":"","ast-featured-img":"","footer-sml-layout":"","theme-transparent-header-meta":"","adv-header-id-meta":"","stick-header-meta":"","header-above-stick-meta":"","header-main-stick-meta":"","header-below-stick-meta":"","astra-migrate-meta-layouts":"default","ast-page-background-enabled":"default","ast-page-background-meta":{"desktop":{"background-color":"var(--ast-global-color-4)","background-image":"","background-repeat":"repeat","background-position":"center center","background-size":"auto","background-attachment":"scroll","background-type":"","background-media":"","overlay-type":"","overlay-color":"","overlay-opacity":"","overlay-gradient":""},"tablet":{"background-color":"","background-image":"","background-repeat":"repeat","background-position":"center center","background-size":"auto","background-attachment":"scroll","background-type":"","background-media":"","overlay-type":"","overlay-color":"","overlay-opacity":"","overlay-gradient":""},"mobile":{"background-color":"","background-image":"","background-repeat":"repeat","background-position":"center center","background-size":"auto","background-attachment":"scroll","background-type":"","background-media":"","overlay-type":"","overlay-color":"","overlay-opacity":"","overlay-gradient":""}},"ast-content-background-meta":{"desktop":{"background-color":"var(--ast-global-color-5)","background-image":"","background-repeat":"repeat","background-position":"center center","background-size":"auto","background-attachment":"scroll","background-type":"","background-media":"","overlay-type":"","overlay-color":"","overlay-opacity":"","overlay-gradient":""},"tablet":{"background-color":"var(--ast-global-color-5)","background-image":"","background-repeat":"repeat","background-position":"center center","background-size":"auto","background-attachment":"scroll","background-type":"","background-media":"","overlay-type":"","overlay-color":"","overlay-opacity":"","overlay-gradient":""},"mobile":{"background-color":"var(--ast-global-color-5)","background-image":"","background-repeat":"repeat","background-position":"center center","background-size":"auto","background-attachment":"scroll","background-type":"","background-media":"","overlay-type":"","overlay-color":"","overlay-opacity":"","overlay-gradient":""}},"footnotes":""},"categories":[294,271,1,273],"tags":[364,405,402,403,404,397],"class_list":["post-9068","post","type-post","status-publish","format-standard","hentry","category-esdeveniments-families","category-families","category-general","category-portada","tag-aice","tag-apansce","tag-campaments","tag-colonies","tag-estiu","tag-infocreda"],"post_mailing_queue_ids":[],"_links":{"self":[{"href":"https:\/\/serveiseducatius.xtec.cat\/creda-baixllobregat\/wp-json\/wp\/v2\/posts\/9068","targetHints":{"allow":["GET"]}}],"collection":[{"href":"https:\/\/serveiseducatius.xtec.cat\/creda-baixllobregat\/wp-json\/wp\/v2\/posts"}],"about":[{"href":"https:\/\/serveiseducatius.xtec.cat\/creda-baixllobregat\/wp-json\/wp\/v2\/types\/post"}],"author":[{"embeddable":true,"href":"https:\/\/serveiseducatius.xtec.cat\/creda-baixllobregat\/wp-json\/wp\/v2\/users\/8"}],"replies":[{"embeddable":true,"href":"https:\/\/serveiseducatius.xtec.cat\/creda-baixllobregat\/wp-json\/wp\/v2\/comments?post=9068"}],"version-history":[{"count":2,"href":"https:\/\/serveiseducatius.xtec.cat\/creda-baixllobregat\/wp-json\/wp\/v2\/posts\/9068\/revisions"}],"predecessor-version":[{"id":9072,"href":"https:\/\/serveiseducatius.xtec.cat\/creda-baixllobregat\/wp-json\/wp\/v2\/posts\/9068\/revisions\/9072"}],"wp:attachment":[{"href":"https:\/\/serveiseducatius.xtec.cat\/creda-baixllobregat\/wp-json\/wp\/v2\/media?parent=9068"}],"wp:term":[{"taxonomy":"category","embeddable":true,"href":"https:\/\/serveiseducatius.xtec.cat\/creda-baixllobregat\/wp-json\/wp\/v2\/categories?post=9068"},{"taxonomy":"post_tag","embeddable":true,"href":"https:\/\/serveiseducatius.xtec.cat\/creda-baixllobregat\/wp-json\/wp\/v2\/tags?post=9068"}],"curies":[{"name":"wp","href":"https:\/\/api.w.org\/{rel}","templated":true}]}}