{"id":9047,"date":"2019-03-04T21:47:44","date_gmt":"2019-03-04T20:47:44","guid":{"rendered":"http:\/\/serveiseducatius.xtec.cat\/creda-baixllobregat\/?p=9047"},"modified":"2019-03-04T21:49:57","modified_gmt":"2019-03-04T20:49:57","slug":"uoc-ii-jornada-en-trastorns-de-la-comunicacio-i-de-la-deglucio","status":"publish","type":"post","link":"https:\/\/serveiseducatius.xtec.cat\/creda-baixllobregat\/general\/uoc-ii-jornada-en-trastorns-de-la-comunicacio-i-de-la-deglucio\/","title":{"rendered":"UOC: \u00a0II Jornada en Trastorns de la Comunicaci\u00f3 i de la Degluci\u00f3"},"content":{"rendered":"<p style=\"font-weight: 400;\">La UOC organitza la\u00a0<a href=\"https:\/\/symposium.uoc.edu\/28954\/programme\/ii-jornada-trastorns-de-la-comunicacio-i-de-la-deglucio.html\" data-saferedirecturl=\"https:\/\/www.google.com\/url?q=https:\/\/symposium.uoc.edu\/28954\/programme\/ii-jornada-trastorns-de-la-comunicacio-i-de-la-deglucio.html&amp;source=gmail&amp;ust=1551814993155000&amp;usg=AFQjCNErfUC7OSoLf_IGvPxqbObuw03o3A\"><strong>II Jornada en Trastorns de la Comunicaci\u00f3 i de la Degluci\u00f3<\/strong><\/a>\u00a0dins del marc de la formaci\u00f3 del<a href=\"http:\/\/estudis.uoc.edu\/ca\/graus\/logopedia-uvic-ucc\/presentacio\" data-saferedirecturl=\"https:\/\/www.google.com\/url?q=http:\/\/estudis.uoc.edu\/ca\/graus\/logopedia-uvic-ucc\/presentacio&amp;source=gmail&amp;ust=1551814993155000&amp;usg=AFQjCNEvUCQHGu3Ck4jVwGwbWwz2TgDURw\">\u00a0Grau en Logop\u00e8dia Uvic-Ucc, UOC<\/a>, que els Estudis de Ci\u00e8ncies de la Salut i els Estudis de Psicologia i Ci\u00e8ncies de l&#8217;Educaci\u00f3 de la UOC han posat en marxa en col\u00b7laboraci\u00f3 amb la facultat de Ci\u00e8ncies de la Salut UVic-Ucc aquest curs 2017-18.<\/p>\n<p style=\"font-weight: 400;\">L&#8217;acte tindr\u00e0 lloc el\u00a0<strong>dissabte 30 de mar\u00e7 de 9 a 19:30 al Palau Macaya\u00a0<\/strong>(<a href=\"https:\/\/maps.google.com\/?q=Passeig+Sant+Joan,+108,+Barcelona&amp;entry=gmail&amp;source=g\" data-saferedirecturl=\"https:\/\/www.google.com\/url?q=https:\/\/maps.google.com\/?q%3DPasseig%2BSant%2BJoan,%2B108,%2BBarcelona%26entry%3Dgmail%26source%3Dg&amp;source=gmail&amp;ust=1551814993156000&amp;usg=AFQjCNGP4mpWjF3sowP10RnH439cc5LWGA\">Passeig Sant Joan, 108, Barcelona<\/a>).<\/p>\n<p>Aquesta jornada est\u00e0\u00a0<span style=\"font-family: inherit; font-size: 1em;\">reconeguda pel Departament d\u2019Ensenyament de la Generalitat de Catalunya com a formaci\u00f3 permanent<\/span><\/p>\n<p>Es poden presentar treballs en format p\u00f2ster fins al dia\u00a0<strong>27 de febrer<\/strong><\/p>\n<p style=\"font-weight: 400;\">\n","protected":false},"excerpt":{"rendered":"<p>La UOC organitza la\u00a0II Jornada en Trastorns de la Comunicaci\u00f3 i de la Degluci\u00f3\u00a0dins del marc de la formaci\u00f3 del\u00a0Grau en Logop\u00e8dia Uvic-Ucc, UOC, que els Estudis de Ci\u00e8ncies de la Salut i els Estudis de Psicologia i Ci\u00e8ncies de l&#8217;Educaci\u00f3 de la UOC han posat en marxa en col\u00b7laboraci\u00f3 amb la facultat de Ci\u00e8ncies [&hellip;]<\/p>\n","protected":false},"author":8,"featured_media":0,"comment_status":"closed","ping_status":"closed","sticky":false,"template":"","format":"standard","meta":{"_bbp_topic_count":0,"_bbp_reply_count":0,"_bbp_total_topic_count":0,"_bbp_total_reply_count":0,"_bbp_voice_count":0,"_bbp_anonymous_reply_count":0,"_bbp_topic_count_hidden":0,"_bbp_reply_count_hidden":0,"_bbp_forum_subforum_count":0,"site-sidebar-layout":"default","site-content-layout":"","ast-site-content-layout":"","site-content-style":"default","site-sidebar-style":"default","ast-global-header-display":"","ast-banner-title-visibility":"","ast-main-header-display":"","ast-hfb-above-header-display":"","ast-hfb-below-header-display":"","ast-hfb-mobile-header-display":"","site-post-title":"","ast-breadcrumbs-content":"","ast-featured-img":"","footer-sml-layout":"","theme-transparent-header-meta":"","adv-header-id-meta":"","stick-header-meta":"","header-above-stick-meta":"","header-main-stick-meta":"","header-below-stick-meta":"","astra-migrate-meta-layouts":"default","ast-page-background-enabled":"default","ast-page-background-meta":{"desktop":{"background-color":"var(--ast-global-color-4)","background-image":"","background-repeat":"repeat","background-position":"center center","background-size":"auto","background-attachment":"scroll","background-type":"","background-media":"","overlay-type":"","overlay-color":"","overlay-opacity":"","overlay-gradient":""},"tablet":{"background-color":"","background-image":"","background-repeat":"repeat","background-position":"center center","background-size":"auto","background-attachment":"scroll","background-type":"","background-media":"","overlay-type":"","overlay-color":"","overlay-opacity":"","overlay-gradient":""},"mobile":{"background-color":"","background-image":"","background-repeat":"repeat","background-position":"center center","background-size":"auto","background-attachment":"scroll","background-type":"","background-media":"","overlay-type":"","overlay-color":"","overlay-opacity":"","overlay-gradient":""}},"ast-content-background-meta":{"desktop":{"background-color":"var(--ast-global-color-5)","background-image":"","background-repeat":"repeat","background-position":"center center","background-size":"auto","background-attachment":"scroll","background-type":"","background-media":"","overlay-type":"","overlay-color":"","overlay-opacity":"","overlay-gradient":""},"tablet":{"background-color":"var(--ast-global-color-5)","background-image":"","background-repeat":"repeat","background-position":"center center","background-size":"auto","background-attachment":"scroll","background-type":"","background-media":"","overlay-type":"","overlay-color":"","overlay-opacity":"","overlay-gradient":""},"mobile":{"background-color":"var(--ast-global-color-5)","background-image":"","background-repeat":"repeat","background-position":"center center","background-size":"auto","background-attachment":"scroll","background-type":"","background-media":"","overlay-type":"","overlay-color":"","overlay-opacity":"","overlay-gradient":""}},"footnotes":""},"categories":[288,1,273,264],"tags":[338,397,399],"class_list":["post-9047","post","type-post","status-publish","format-standard","hentry","category-formacio","category-general","category-portada","category-professionals","tag-formacio","tag-infocreda","tag-uoc"],"post_mailing_queue_ids":[],"_links":{"self":[{"href":"https:\/\/serveiseducatius.xtec.cat\/creda-baixllobregat\/wp-json\/wp\/v2\/posts\/9047","targetHints":{"allow":["GET"]}}],"collection":[{"href":"https:\/\/serveiseducatius.xtec.cat\/creda-baixllobregat\/wp-json\/wp\/v2\/posts"}],"about":[{"href":"https:\/\/serveiseducatius.xtec.cat\/creda-baixllobregat\/wp-json\/wp\/v2\/types\/post"}],"author":[{"embeddable":true,"href":"https:\/\/serveiseducatius.xtec.cat\/creda-baixllobregat\/wp-json\/wp\/v2\/users\/8"}],"replies":[{"embeddable":true,"href":"https:\/\/serveiseducatius.xtec.cat\/creda-baixllobregat\/wp-json\/wp\/v2\/comments?post=9047"}],"version-history":[{"count":1,"href":"https:\/\/serveiseducatius.xtec.cat\/creda-baixllobregat\/wp-json\/wp\/v2\/posts\/9047\/revisions"}],"predecessor-version":[{"id":9048,"href":"https:\/\/serveiseducatius.xtec.cat\/creda-baixllobregat\/wp-json\/wp\/v2\/posts\/9047\/revisions\/9048"}],"wp:attachment":[{"href":"https:\/\/serveiseducatius.xtec.cat\/creda-baixllobregat\/wp-json\/wp\/v2\/media?parent=9047"}],"wp:term":[{"taxonomy":"category","embeddable":true,"href":"https:\/\/serveiseducatius.xtec.cat\/creda-baixllobregat\/wp-json\/wp\/v2\/categories?post=9047"},{"taxonomy":"post_tag","embeddable":true,"href":"https:\/\/serveiseducatius.xtec.cat\/creda-baixllobregat\/wp-json\/wp\/v2\/tags?post=9047"}],"curies":[{"name":"wp","href":"https:\/\/api.w.org\/{rel}","templated":true}]}}