{"id":8948,"date":"2018-04-17T14:18:06","date_gmt":"2018-04-17T12:18:06","guid":{"rendered":"http:\/\/serveiseducatius.xtec.cat\/creda-baixllobregat\/?p=8948"},"modified":"2018-04-17T14:18:06","modified_gmt":"2018-04-17T12:18:06","slug":"competencies-basiques-de-lambit-daprendre-a-aprendre","status":"publish","type":"post","link":"https:\/\/serveiseducatius.xtec.cat\/creda-baixllobregat\/general\/competencies-basiques-de-lambit-daprendre-a-aprendre\/","title":{"rendered":"Compet\u00e8ncies b\u00e0siques de l&#8217;\u00e0mbit d&#8217;aprendre a aprendre"},"content":{"rendered":"<p><a href=\"http:\/\/serveiseducatius.xtec.cat\/creda-baixllobregat\/wp-content\/uploads\/usu1334\/2018\/04\/aprendre.png\"><img loading=\"lazy\" decoding=\"async\" class=\"wp-image-8949 size-medium alignleft\" src=\"http:\/\/serveiseducatius.xtec.cat\/creda-baixllobregat\/wp-content\/uploads\/usu1334\/2018\/04\/aprendre-212x300.png\" alt=\"\" width=\"212\" height=\"300\" srcset=\"https:\/\/serveiseducatius.xtec.cat\/creda-baixllobregat\/wp-content\/uploads\/usu1334\/2018\/04\/aprendre-212x300.png 212w, https:\/\/serveiseducatius.xtec.cat\/creda-baixllobregat\/wp-content\/uploads\/usu1334\/2018\/04\/aprendre.png 408w\" sizes=\"auto, (max-width: 212px) 100vw, 212px\" \/><\/a>Aquesta publicaci\u00f3 recull les compet\u00e8ncies b\u00e0siques de l&#8217;\u00e0mbit d&#8217;aprendre a aprendre per a l&#8217;educaci\u00f3 prim\u00e0ria. Aquestes compet\u00e8ncies no estan vinculades a cap \u00e0mbit en concret, per la qual cosa tenen un car\u00e0cter transversal que han d&#8217;abordar tots els mestres, sigui quina en sigui l&#8217;especialitat. L&#8217;actuaci\u00f3 de tots els docents i de totes les persones que constitueixen la comunitat educativa han d&#8217;afavorir que cadascun tots els alumnes puguin adquirir les eines que podran utilitzar per continuar aprenent al llarg de la vida.<\/p>\n<p>Podeu trobar el document <a href=\"http:\/\/ensenyament.gencat.cat\/web\/.content\/home\/departament\/publicacions\/colleccions\/competencies-basiques\/primaria\/prim-ambit-aprendre.pdf\">aqu\u00ed (pdf)<\/a><\/p>\n","protected":false},"excerpt":{"rendered":"<p>Aquesta publicaci\u00f3 recull les compet\u00e8ncies b\u00e0siques de l&#8217;\u00e0mbit d&#8217;aprendre a aprendre per a l&#8217;educaci\u00f3 prim\u00e0ria. Aquestes compet\u00e8ncies no estan vinculades a cap \u00e0mbit en concret, per la qual cosa tenen un car\u00e0cter transversal que han d&#8217;abordar tots els mestres, sigui quina en sigui l&#8217;especialitat. L&#8217;actuaci\u00f3 de tots els docents i de totes les persones que [&hellip;]<\/p>\n","protected":false},"author":8,"featured_media":0,"comment_status":"open","ping_status":"closed","sticky":false,"template":"","format":"standard","meta":{"_bbp_topic_count":0,"_bbp_reply_count":0,"_bbp_total_topic_count":0,"_bbp_total_reply_count":0,"_bbp_voice_count":0,"_bbp_anonymous_reply_count":0,"_bbp_topic_count_hidden":0,"_bbp_reply_count_hidden":0,"_bbp_forum_subforum_count":0,"site-sidebar-layout":"default","site-content-layout":"","ast-site-content-layout":"","site-content-style":"default","site-sidebar-style":"default","ast-global-header-display":"","ast-banner-title-visibility":"","ast-main-header-display":"","ast-hfb-above-header-display":"","ast-hfb-below-header-display":"","ast-hfb-mobile-header-display":"","site-post-title":"","ast-breadcrumbs-content":"","ast-featured-img":"","footer-sml-layout":"","theme-transparent-header-meta":"","adv-header-id-meta":"","stick-header-meta":"","header-above-stick-meta":"","header-main-stick-meta":"","header-below-stick-meta":"","astra-migrate-meta-layouts":"default","ast-page-background-enabled":"default","ast-page-background-meta":{"desktop":{"background-color":"var(--ast-global-color-4)","background-image":"","background-repeat":"repeat","background-position":"center center","background-size":"auto","background-attachment":"scroll","background-type":"","background-media":"","overlay-type":"","overlay-color":"","overlay-opacity":"","overlay-gradient":""},"tablet":{"background-color":"","background-image":"","background-repeat":"repeat","background-position":"center center","background-size":"auto","background-attachment":"scroll","background-type":"","background-media":"","overlay-type":"","overlay-color":"","overlay-opacity":"","overlay-gradient":""},"mobile":{"background-color":"","background-image":"","background-repeat":"repeat","background-position":"center center","background-size":"auto","background-attachment":"scroll","background-type":"","background-media":"","overlay-type":"","overlay-color":"","overlay-opacity":"","overlay-gradient":""}},"ast-content-background-meta":{"desktop":{"background-color":"var(--ast-global-color-5)","background-image":"","background-repeat":"repeat","background-position":"center center","background-size":"auto","background-attachment":"scroll","background-type":"","background-media":"","overlay-type":"","overlay-color":"","overlay-opacity":"","overlay-gradient":""},"tablet":{"background-color":"var(--ast-global-color-5)","background-image":"","background-repeat":"repeat","background-position":"center center","background-size":"auto","background-attachment":"scroll","background-type":"","background-media":"","overlay-type":"","overlay-color":"","overlay-opacity":"","overlay-gradient":""},"mobile":{"background-color":"var(--ast-global-color-5)","background-image":"","background-repeat":"repeat","background-position":"center center","background-size":"auto","background-attachment":"scroll","background-type":"","background-media":"","overlay-type":"","overlay-color":"","overlay-opacity":"","overlay-gradient":""}},"footnotes":""},"categories":[1,273,264,281],"tags":[374,375,300],"class_list":["post-8948","post","type-post","status-publish","format-standard","hentry","category-general","category-portada","category-professionals","category-recursos","tag-aprendre","tag-competencies","tag-recursos"],"post_mailing_queue_ids":[],"_links":{"self":[{"href":"https:\/\/serveiseducatius.xtec.cat\/creda-baixllobregat\/wp-json\/wp\/v2\/posts\/8948","targetHints":{"allow":["GET"]}}],"collection":[{"href":"https:\/\/serveiseducatius.xtec.cat\/creda-baixllobregat\/wp-json\/wp\/v2\/posts"}],"about":[{"href":"https:\/\/serveiseducatius.xtec.cat\/creda-baixllobregat\/wp-json\/wp\/v2\/types\/post"}],"author":[{"embeddable":true,"href":"https:\/\/serveiseducatius.xtec.cat\/creda-baixllobregat\/wp-json\/wp\/v2\/users\/8"}],"replies":[{"embeddable":true,"href":"https:\/\/serveiseducatius.xtec.cat\/creda-baixllobregat\/wp-json\/wp\/v2\/comments?post=8948"}],"version-history":[{"count":2,"href":"https:\/\/serveiseducatius.xtec.cat\/creda-baixllobregat\/wp-json\/wp\/v2\/posts\/8948\/revisions"}],"predecessor-version":[{"id":8951,"href":"https:\/\/serveiseducatius.xtec.cat\/creda-baixllobregat\/wp-json\/wp\/v2\/posts\/8948\/revisions\/8951"}],"wp:attachment":[{"href":"https:\/\/serveiseducatius.xtec.cat\/creda-baixllobregat\/wp-json\/wp\/v2\/media?parent=8948"}],"wp:term":[{"taxonomy":"category","embeddable":true,"href":"https:\/\/serveiseducatius.xtec.cat\/creda-baixllobregat\/wp-json\/wp\/v2\/categories?post=8948"},{"taxonomy":"post_tag","embeddable":true,"href":"https:\/\/serveiseducatius.xtec.cat\/creda-baixllobregat\/wp-json\/wp\/v2\/tags?post=8948"}],"curies":[{"name":"wp","href":"https:\/\/api.w.org\/{rel}","templated":true}]}}