{"id":8923,"date":"2018-02-13T13:51:14","date_gmt":"2018-02-13T12:51:14","guid":{"rendered":"http:\/\/serveiseducatius.xtec.cat\/creda-baixllobregat\/?p=8923"},"modified":"2018-02-13T14:00:50","modified_gmt":"2018-02-13T13:00:50","slug":"sense-limits-gracies-a-limplant-coclear-lema-pel-diaimplantecoclear-2018","status":"publish","type":"post","link":"https:\/\/serveiseducatius.xtec.cat\/creda-baixllobregat\/general\/sense-limits-gracies-a-limplant-coclear-lema-pel-diaimplantecoclear-2018\/","title":{"rendered":"\u201cSENSE L\u00cdMITS, GR\u00c0CIES A L&#8217;IMPLANT COCLEAR\u201d lema pel #D\u00edaImplanteCoclear 2018"},"content":{"rendered":"<p>El dia 24 de Febrer la Federaci\u00f3 <a href=\"http:\/\/implantecoclear.org\/index.php?option=com_content&amp;view=article&amp;id=505:2018-02-13-00-02-26&amp;catid=1:latest-news&amp;Itemid=50\">AICE<\/a> organitza una s\u00e8rie d&#8217;actes en motiu de la celebraci\u00f3 del dia de l&#8217;Implant Coclear sota el lema: &#8220;<em><strong>Sense l\u00edmits, gr\u00e0cies a l&#8217;implant coclear<\/strong><\/em>&#8220;.<\/p>\n<p><a href=\"http:\/\/serveiseducatius.xtec.cat\/creda-baixllobregat\/wp-content\/uploads\/usu1334\/2018\/02\/Dia_IC_Federacion_AICE_2018.jpg\"><img loading=\"lazy\" decoding=\"async\" class=\"wp-image-8924 size-medium alignleft\" src=\"http:\/\/serveiseducatius.xtec.cat\/creda-baixllobregat\/wp-content\/uploads\/usu1334\/2018\/02\/Dia_IC_Federacion_AICE_2018-212x300.jpg\" alt=\"\" width=\"212\" height=\"300\" \/><\/a><\/p>\n<p>El 25 de febrer ha sigut designat Dia Internacional dels Implants Coclears perqu\u00e8 al 1957, dos doctors francesos, Andr\u00e9 Djourno i Charles Eyries, foren els primers en estimular el\u00e8ctricament el nervi auditiu col\u00b7locant el\u00e8ctrodes fora de la c\u00f2clea. Les celebracions es duran a terme a m\u00e9s de 40 pa\u00efsos de tot el m\u00f3n amb tot tipus d\u2019activitats durant tot el mes. Segueix les activitats i les hist\u00f2ries compartides pels propis implantats amb els hashtags #D\u00edaImplanteCoclear #ImplanteCoclear #CochlearImplantDay i #CIDay2018<\/p>\n<p>El programa de les activitats que es duran a terme a Barcelona el podeu consultar <a href=\"http:\/\/serveiseducatius.xtec.cat\/creda-baixllobregat\/wp-content\/uploads\/usu1334\/2018\/02\/D\u00eda-IC-Barcelona-24-febrer-2018-CAT.pdf\" target=\"_blank\" rel=\"noopener noreferrer\">aqu\u00ed<\/a><\/p>\n<p><a href=\"http:\/\/serveiseducatius.xtec.cat\/creda-baixllobregat\/wp-content\/uploads\/usu1334\/2018\/02\/2018-NdP-dia-IC-nota-de-prensa-CATAL\u00c0.pdf\">Nota de premsa<\/a><\/p>\n<p><a href=\"http:\/\/serveiseducatius.xtec.cat\/creda-baixllobregat\/wp-content\/uploads\/usu1334\/2018\/02\/Historia-IC-R50.pdf\">Hist\u00f2ria dels Implants coclears<\/a><\/p>\n","protected":false},"excerpt":{"rendered":"<p>El dia 24 de Febrer la Federaci\u00f3 AICE organitza una s\u00e8rie d&#8217;actes en motiu de la celebraci\u00f3 del dia de l&#8217;Implant Coclear sota el lema: &#8220;Sense l\u00edmits, gr\u00e0cies a l&#8217;implant coclear&#8220;. El 25 de febrer ha sigut designat Dia Internacional dels Implants Coclears perqu\u00e8 al 1957, dos doctors francesos, Andr\u00e9 Djourno i Charles Eyries, foren [&hellip;]<\/p>\n","protected":false},"author":8,"featured_media":8924,"comment_status":"open","ping_status":"closed","sticky":false,"template":"","format":"standard","meta":{"_bbp_topic_count":0,"_bbp_reply_count":0,"_bbp_total_topic_count":0,"_bbp_total_reply_count":0,"_bbp_voice_count":0,"_bbp_anonymous_reply_count":0,"_bbp_topic_count_hidden":0,"_bbp_reply_count_hidden":0,"_bbp_forum_subforum_count":0,"site-sidebar-layout":"default","site-content-layout":"","ast-site-content-layout":"","site-content-style":"default","site-sidebar-style":"default","ast-global-header-display":"","ast-banner-title-visibility":"","ast-main-header-display":"","ast-hfb-above-header-display":"","ast-hfb-below-header-display":"","ast-hfb-mobile-header-display":"","site-post-title":"","ast-breadcrumbs-content":"","ast-featured-img":"","footer-sml-layout":"","theme-transparent-header-meta":"","adv-header-id-meta":"","stick-header-meta":"","header-above-stick-meta":"","header-main-stick-meta":"","header-below-stick-meta":"","astra-migrate-meta-layouts":"default","ast-page-background-enabled":"default","ast-page-background-meta":{"desktop":{"background-color":"var(--ast-global-color-4)","background-image":"","background-repeat":"repeat","background-position":"center center","background-size":"auto","background-attachment":"scroll","background-type":"","background-media":"","overlay-type":"","overlay-color":"","overlay-opacity":"","overlay-gradient":""},"tablet":{"background-color":"","background-image":"","background-repeat":"repeat","background-position":"center center","background-size":"auto","background-attachment":"scroll","background-type":"","background-media":"","overlay-type":"","overlay-color":"","overlay-opacity":"","overlay-gradient":""},"mobile":{"background-color":"","background-image":"","background-repeat":"repeat","background-position":"center center","background-size":"auto","background-attachment":"scroll","background-type":"","background-media":"","overlay-type":"","overlay-color":"","overlay-opacity":"","overlay-gradient":""}},"ast-content-background-meta":{"desktop":{"background-color":"var(--ast-global-color-5)","background-image":"","background-repeat":"repeat","background-position":"center center","background-size":"auto","background-attachment":"scroll","background-type":"","background-media":"","overlay-type":"","overlay-color":"","overlay-opacity":"","overlay-gradient":""},"tablet":{"background-color":"var(--ast-global-color-5)","background-image":"","background-repeat":"repeat","background-position":"center center","background-size":"auto","background-attachment":"scroll","background-type":"","background-media":"","overlay-type":"","overlay-color":"","overlay-opacity":"","overlay-gradient":""},"mobile":{"background-color":"var(--ast-global-color-5)","background-image":"","background-repeat":"repeat","background-position":"center center","background-size":"auto","background-attachment":"scroll","background-type":"","background-media":"","overlay-type":"","overlay-color":"","overlay-opacity":"","overlay-gradient":""}},"footnotes":""},"categories":[287,294,271,1,273],"tags":[364,331,367],"class_list":["post-8923","post","type-post","status-publish","format-standard","has-post-thumbnail","hentry","category-als-mitjans","category-esdeveniments-families","category-families","category-general","category-portada","tag-aice","tag-families","tag-implant"],"post_mailing_queue_ids":[],"_links":{"self":[{"href":"https:\/\/serveiseducatius.xtec.cat\/creda-baixllobregat\/wp-json\/wp\/v2\/posts\/8923","targetHints":{"allow":["GET"]}}],"collection":[{"href":"https:\/\/serveiseducatius.xtec.cat\/creda-baixllobregat\/wp-json\/wp\/v2\/posts"}],"about":[{"href":"https:\/\/serveiseducatius.xtec.cat\/creda-baixllobregat\/wp-json\/wp\/v2\/types\/post"}],"author":[{"embeddable":true,"href":"https:\/\/serveiseducatius.xtec.cat\/creda-baixllobregat\/wp-json\/wp\/v2\/users\/8"}],"replies":[{"embeddable":true,"href":"https:\/\/serveiseducatius.xtec.cat\/creda-baixllobregat\/wp-json\/wp\/v2\/comments?post=8923"}],"version-history":[{"count":4,"href":"https:\/\/serveiseducatius.xtec.cat\/creda-baixllobregat\/wp-json\/wp\/v2\/posts\/8923\/revisions"}],"predecessor-version":[{"id":8932,"href":"https:\/\/serveiseducatius.xtec.cat\/creda-baixllobregat\/wp-json\/wp\/v2\/posts\/8923\/revisions\/8932"}],"wp:featuredmedia":[{"embeddable":true,"href":"https:\/\/serveiseducatius.xtec.cat\/creda-baixllobregat\/wp-json\/wp\/v2\/media\/8924"}],"wp:attachment":[{"href":"https:\/\/serveiseducatius.xtec.cat\/creda-baixllobregat\/wp-json\/wp\/v2\/media?parent=8923"}],"wp:term":[{"taxonomy":"category","embeddable":true,"href":"https:\/\/serveiseducatius.xtec.cat\/creda-baixllobregat\/wp-json\/wp\/v2\/categories?post=8923"},{"taxonomy":"post_tag","embeddable":true,"href":"https:\/\/serveiseducatius.xtec.cat\/creda-baixllobregat\/wp-json\/wp\/v2\/tags?post=8923"}],"curies":[{"name":"wp","href":"https:\/\/api.w.org\/{rel}","templated":true}]}}