{"id":8865,"date":"2017-04-24T14:24:39","date_gmt":"2017-04-24T12:24:39","guid":{"rendered":"http:\/\/serveiseducatius.xtec.cat\/creda-baixllobregat\/?p=8865"},"modified":"2017-05-16T10:30:22","modified_gmt":"2017-05-16T08:30:22","slug":"jornada-25e-aniversari-per-families-alumnes-exalumnes-i-logopedes","status":"publish","type":"post","link":"https:\/\/serveiseducatius.xtec.cat\/creda-baixllobregat\/general\/jornada-25e-aniversari-per-families-alumnes-exalumnes-i-logopedes\/","title":{"rendered":"Jornada 25\u00e8 aniversari per fam\u00edlies, alumnes, exalumnes i logopedes"},"content":{"rendered":"<p>El <strong>dissabte 6 de maig<\/strong> farem una Jornada per fam\u00edlies, alumnes, exalumnes i logopedes per tal de celebrar amb tots les que hem compartit alguns d&#8217;aquests 25 anys<\/p>\n<p>Hi haur\u00e0 tallers, jocs per als alumnes i germans i xerrades per a les fam\u00edlies, a m\u00e9s d&#8217;un espectacle final tots plegats.<\/p>\n<p>El lloc ser\u00e0 a l&#8217;<a href=\"http:\/\/agora.xtec.cat\/insmartidot\/\">Institut Mart\u00ed i Dot<\/a> de Sant Feliu de Llobregat i l&#8217;horari de 10 a 14h<\/p>\n<p><iframe loading=\"lazy\" style=\"border: 0;\" src=\"https:\/\/www.google.com\/maps\/embed?pb=!1m14!1m8!1m3!1d11974.060034141547!2d2.0386647!3d41.3846207!3m2!1i1024!2i768!4f13.1!3m3!1m2!1s0x0%3A0x81a84d07606452e4!2sIES+Mart%C3%AD+Dot!5e0!3m2!1sca!2ses!4v1493035704887\" width=\"400\" height=\"300\" frameborder=\"0\" allowfullscreen=\"allowfullscreen\"><\/iframe><a href=\"http:\/\/serveiseducatius.xtec.cat\/creda-baixllobregat\/wp-content\/uploads\/usu1334\/2017\/05\/imatge-triptic-festa-pares.png\"><img loading=\"lazy\" decoding=\"async\" class=\"size-full wp-image-8876 alignleft\" src=\"http:\/\/serveiseducatius.xtec.cat\/creda-baixllobregat\/wp-content\/uploads\/usu1334\/2017\/05\/imatge-triptic-festa-pares.png\" alt=\"imatge triptic festa pares\" width=\"347\" height=\"242\" srcset=\"https:\/\/serveiseducatius.xtec.cat\/creda-baixllobregat\/wp-content\/uploads\/usu1334\/2017\/05\/imatge-triptic-festa-pares.png 347w, https:\/\/serveiseducatius.xtec.cat\/creda-baixllobregat\/wp-content\/uploads\/usu1334\/2017\/05\/imatge-triptic-festa-pares-300x209.png 300w\" sizes=\"auto, (max-width: 347px) 100vw, 347px\" \/><\/a><\/p>\n<p>Programa de l&#8217;acte<a href=\"http:\/\/serveiseducatius.xtec.cat\/creda-baixllobregat\/wp-content\/uploads\/usu1334\/2017\/05\/Triptic_Jornada_families_final.pdf\">Triptic_Jornada_families_final<\/a><\/p>\n<p>Per tal de preveure l&#8217;assist\u00e8ncia us preguem contesteu algun d&#8217;aquests dos formularis:<\/p>\n<p><a href=\"https:\/\/docs.google.com\/a\/xtec.cat\/forms\/d\/e\/1FAIpQLSfkrVW9bNxSBNhaEDDm-e9uVci-VD9dh4aRYx4ZesAlYFx-1A\/viewform\">Formulari per fam\u00edlies d&#8217;alumnes actualment atesos<\/a><\/p>\n<p><a href=\"https:\/\/docs.google.com\/a\/xtec.cat\/forms\/d\/e\/1FAIpQLSd2sL_5z2ZiRzNkVy_ILHpGKe-C6YlrzifJSkw5aHAmqMlQ4g\/viewform\">Formulari per ex-alumnes<\/a><\/p>\n<p>Moltes gr\u00e0cies per la vostra col\u00b7laboraci\u00f3 i estigueu atents a les properes not\u00edcies aqu\u00ed, via twitter o facebook<\/p>\n","protected":false},"excerpt":{"rendered":"<p>El dissabte 6 de maig farem una Jornada per fam\u00edlies, alumnes, exalumnes i logopedes per tal de celebrar amb tots les que hem compartit alguns d&#8217;aquests 25 anys Hi haur\u00e0 tallers, jocs per als alumnes i germans i xerrades per a les fam\u00edlies, a m\u00e9s d&#8217;un espectacle final tots plegats. El lloc ser\u00e0 a l&#8217;Institut [&hellip;]<\/p>\n","protected":false},"author":8,"featured_media":8876,"comment_status":"open","ping_status":"open","sticky":false,"template":"","format":"standard","meta":{"_bbp_topic_count":0,"_bbp_reply_count":0,"_bbp_total_topic_count":0,"_bbp_total_reply_count":0,"_bbp_voice_count":0,"_bbp_anonymous_reply_count":0,"_bbp_topic_count_hidden":0,"_bbp_reply_count_hidden":0,"_bbp_forum_subforum_count":0,"site-sidebar-layout":"default","site-content-layout":"","ast-site-content-layout":"","site-content-style":"default","site-sidebar-style":"default","ast-global-header-display":"","ast-banner-title-visibility":"","ast-main-header-display":"","ast-hfb-above-header-display":"","ast-hfb-below-header-display":"","ast-hfb-mobile-header-display":"","site-post-title":"","ast-breadcrumbs-content":"","ast-featured-img":"","footer-sml-layout":"","theme-transparent-header-meta":"","adv-header-id-meta":"","stick-header-meta":"","header-above-stick-meta":"","header-main-stick-meta":"","header-below-stick-meta":"","astra-migrate-meta-layouts":"default","ast-page-background-enabled":"default","ast-page-background-meta":{"desktop":{"background-color":"var(--ast-global-color-4)","background-image":"","background-repeat":"repeat","background-position":"center center","background-size":"auto","background-attachment":"scroll","background-type":"","background-media":"","overlay-type":"","overlay-color":"","overlay-opacity":"","overlay-gradient":""},"tablet":{"background-color":"","background-image":"","background-repeat":"repeat","background-position":"center center","background-size":"auto","background-attachment":"scroll","background-type":"","background-media":"","overlay-type":"","overlay-color":"","overlay-opacity":"","overlay-gradient":""},"mobile":{"background-color":"","background-image":"","background-repeat":"repeat","background-position":"center center","background-size":"auto","background-attachment":"scroll","background-type":"","background-media":"","overlay-type":"","overlay-color":"","overlay-opacity":"","overlay-gradient":""}},"ast-content-background-meta":{"desktop":{"background-color":"var(--ast-global-color-5)","background-image":"","background-repeat":"repeat","background-position":"center center","background-size":"auto","background-attachment":"scroll","background-type":"","background-media":"","overlay-type":"","overlay-color":"","overlay-opacity":"","overlay-gradient":""},"tablet":{"background-color":"var(--ast-global-color-5)","background-image":"","background-repeat":"repeat","background-position":"center center","background-size":"auto","background-attachment":"scroll","background-type":"","background-media":"","overlay-type":"","overlay-color":"","overlay-opacity":"","overlay-gradient":""},"mobile":{"background-color":"var(--ast-global-color-5)","background-image":"","background-repeat":"repeat","background-position":"center center","background-size":"auto","background-attachment":"scroll","background-type":"","background-media":"","overlay-type":"","overlay-color":"","overlay-opacity":"","overlay-gradient":""}},"footnotes":""},"categories":[351,352,272,336,294,271,348,1,273],"tags":[345,330,353,331,354],"class_list":["post-8865","post","type-post","status-publish","format-standard","has-post-thumbnail","hentry","category-25eaniversari","category-actes_i_celebracions_25_aniversari","category-alumnes","category-esdeveniments-alumnes","category-esdeveniments-families","category-families","category-fem_25_anys","category-general","category-portada","tag-25eaniversari","tag-alumnes","tag-ex-alumnes","tag-families","tag-logopedes"],"post_mailing_queue_ids":[],"_links":{"self":[{"href":"https:\/\/serveiseducatius.xtec.cat\/creda-baixllobregat\/wp-json\/wp\/v2\/posts\/8865","targetHints":{"allow":["GET"]}}],"collection":[{"href":"https:\/\/serveiseducatius.xtec.cat\/creda-baixllobregat\/wp-json\/wp\/v2\/posts"}],"about":[{"href":"https:\/\/serveiseducatius.xtec.cat\/creda-baixllobregat\/wp-json\/wp\/v2\/types\/post"}],"author":[{"embeddable":true,"href":"https:\/\/serveiseducatius.xtec.cat\/creda-baixllobregat\/wp-json\/wp\/v2\/users\/8"}],"replies":[{"embeddable":true,"href":"https:\/\/serveiseducatius.xtec.cat\/creda-baixllobregat\/wp-json\/wp\/v2\/comments?post=8865"}],"version-history":[{"count":3,"href":"https:\/\/serveiseducatius.xtec.cat\/creda-baixllobregat\/wp-json\/wp\/v2\/posts\/8865\/revisions"}],"predecessor-version":[{"id":8875,"href":"https:\/\/serveiseducatius.xtec.cat\/creda-baixllobregat\/wp-json\/wp\/v2\/posts\/8865\/revisions\/8875"}],"wp:featuredmedia":[{"embeddable":true,"href":"https:\/\/serveiseducatius.xtec.cat\/creda-baixllobregat\/wp-json\/wp\/v2\/media\/8876"}],"wp:attachment":[{"href":"https:\/\/serveiseducatius.xtec.cat\/creda-baixllobregat\/wp-json\/wp\/v2\/media?parent=8865"}],"wp:term":[{"taxonomy":"category","embeddable":true,"href":"https:\/\/serveiseducatius.xtec.cat\/creda-baixllobregat\/wp-json\/wp\/v2\/categories?post=8865"},{"taxonomy":"post_tag","embeddable":true,"href":"https:\/\/serveiseducatius.xtec.cat\/creda-baixllobregat\/wp-json\/wp\/v2\/tags?post=8865"}],"curies":[{"name":"wp","href":"https:\/\/api.w.org\/{rel}","templated":true}]}}