{"id":8773,"date":"2017-02-10T08:00:34","date_gmt":"2017-02-10T07:00:34","guid":{"rendered":"http:\/\/serveiseducatius.xtec.cat\/creda-baixllobregat\/?p=8773"},"modified":"2017-03-06T11:59:46","modified_gmt":"2017-03-06T10:59:46","slug":"fem-25-anys","status":"publish","type":"post","link":"https:\/\/serveiseducatius.xtec.cat\/creda-baixllobregat\/general\/fem-25-anys\/","title":{"rendered":"Fem 25 anys!"},"content":{"rendered":"<p>Avui dia 10 de febrer el CREDA fa oficialment 25 anys!!!.<\/p>\n<p>&nbsp;<\/p>\n<p><a href=\"http:\/\/serveiseducatius.xtec.cat\/creda-baixllobregat\/wp-content\/uploads\/usu1334\/2016\/12\/logo-25-anys-creda-turquesa.png\"><img loading=\"lazy\" decoding=\"async\" class=\" wp-image-8697 alignleft\" src=\"http:\/\/serveiseducatius.xtec.cat\/creda-baixllobregat\/wp-content\/uploads\/usu1334\/2016\/12\/logo-25-anys-creda-turquesa.png\" alt=\"25\u00e8 aniversari\" width=\"149\" height=\"147\" \/><\/a>El 10 de febrer de 1992 apareixia en el DOGC la resoluci\u00f3 dela creaci\u00f3 del CREDA Baix Llobregat:<\/p>\n<p>&#8220;At\u00e8s que cal procedir a la cobertura de serveis educatius especialitzats per contribuir a respondre a les necessitats educatives dels alumnes amb d\u00e8ficits auditius, i d&#8217;acord amb el que preveuen els articles&#8230;&#8230;..&#8221;<\/p>\n<p>&#8220;Es creen els centres de recursos educatius per a deficients auditius del Baix Llobregat, amb seu a Sant Feliu de Llobregat&#8230;&#8221;<\/p>\n<p>&#8220;L&#8217;\u00e0mbit territorial d&#8217;actuaci\u00f3 del CREDA-Baix Llobregat s\u00f3n les comarques del Baix Llobregat, Anoia, Alt Pened\u00e8s i Garraf&#8230;&#8221;<\/p>\n<p><a href=\"https:\/\/drive.google.com\/file\/d\/0BwWc4eJAMpnlb0Y5MHZNSXo5RWs\/view?usp=sharing\" target=\"_blank\"><img loading=\"lazy\" decoding=\"async\" class=\"aligncenter size-medium wp-image-8775\" src=\"http:\/\/serveiseducatius.xtec.cat\/creda-baixllobregat\/wp-content\/uploads\/usu1334\/2017\/02\/dogc-132x300.png\" alt=\"dogc\" width=\"132\" height=\"300\" srcset=\"https:\/\/serveiseducatius.xtec.cat\/creda-baixllobregat\/wp-content\/uploads\/usu1334\/2017\/02\/dogc-132x300.png 132w, https:\/\/serveiseducatius.xtec.cat\/creda-baixllobregat\/wp-content\/uploads\/usu1334\/2017\/02\/dogc.png 258w\" sizes=\"auto, (max-width: 132px) 100vw, 132px\" \/><\/a><a href=\"https:\/\/drive.google.com\/file\/d\/0BwWc4eJAMpnlb0Y5MHZNSXo5RWs\/view?usp=sharing\">Acc\u00e8s al document sencer<\/a><\/p>\n","protected":false},"excerpt":{"rendered":"<p>Avui dia 10 de febrer el CREDA fa oficialment 25 anys!!!. &nbsp; El 10 de febrer de 1992 apareixia en el DOGC la resoluci\u00f3 dela creaci\u00f3 del CREDA Baix Llobregat: &#8220;At\u00e8s que cal procedir a la cobertura de serveis educatius especialitzats per contribuir a respondre a les necessitats educatives dels alumnes amb d\u00e8ficits auditius, i [&hellip;]<\/p>\n","protected":false},"author":8,"featured_media":8775,"comment_status":"open","ping_status":"open","sticky":false,"template":"","format":"standard","meta":{"_bbp_topic_count":0,"_bbp_reply_count":0,"_bbp_total_topic_count":0,"_bbp_total_reply_count":0,"_bbp_voice_count":0,"_bbp_anonymous_reply_count":0,"_bbp_topic_count_hidden":0,"_bbp_reply_count_hidden":0,"_bbp_forum_subforum_count":0,"site-sidebar-layout":"default","site-content-layout":"","ast-site-content-layout":"","site-content-style":"default","site-sidebar-style":"default","ast-global-header-display":"","ast-banner-title-visibility":"","ast-main-header-display":"","ast-hfb-above-header-display":"","ast-hfb-below-header-display":"","ast-hfb-mobile-header-display":"","site-post-title":"","ast-breadcrumbs-content":"","ast-featured-img":"","footer-sml-layout":"","theme-transparent-header-meta":"","adv-header-id-meta":"","stick-header-meta":"","header-above-stick-meta":"","header-main-stick-meta":"","header-below-stick-meta":"","astra-migrate-meta-layouts":"default","ast-page-background-enabled":"default","ast-page-background-meta":{"desktop":{"background-color":"var(--ast-global-color-4)","background-image":"","background-repeat":"repeat","background-position":"center center","background-size":"auto","background-attachment":"scroll","background-type":"","background-media":"","overlay-type":"","overlay-color":"","overlay-opacity":"","overlay-gradient":""},"tablet":{"background-color":"","background-image":"","background-repeat":"repeat","background-position":"center center","background-size":"auto","background-attachment":"scroll","background-type":"","background-media":"","overlay-type":"","overlay-color":"","overlay-opacity":"","overlay-gradient":""},"mobile":{"background-color":"","background-image":"","background-repeat":"repeat","background-position":"center center","background-size":"auto","background-attachment":"scroll","background-type":"","background-media":"","overlay-type":"","overlay-color":"","overlay-opacity":"","overlay-gradient":""}},"ast-content-background-meta":{"desktop":{"background-color":"var(--ast-global-color-5)","background-image":"","background-repeat":"repeat","background-position":"center center","background-size":"auto","background-attachment":"scroll","background-type":"","background-media":"","overlay-type":"","overlay-color":"","overlay-opacity":"","overlay-gradient":""},"tablet":{"background-color":"var(--ast-global-color-5)","background-image":"","background-repeat":"repeat","background-position":"center center","background-size":"auto","background-attachment":"scroll","background-type":"","background-media":"","overlay-type":"","overlay-color":"","overlay-opacity":"","overlay-gradient":""},"mobile":{"background-color":"var(--ast-global-color-5)","background-image":"","background-repeat":"repeat","background-position":"center center","background-size":"auto","background-attachment":"scroll","background-type":"","background-media":"","overlay-type":"","overlay-color":"","overlay-opacity":"","overlay-gradient":""}},"footnotes":""},"categories":[351,348,1,273],"tags":[345],"class_list":["post-8773","post","type-post","status-publish","format-standard","has-post-thumbnail","hentry","category-25eaniversari","category-fem_25_anys","category-general","category-portada","tag-25eaniversari"],"post_mailing_queue_ids":[],"_links":{"self":[{"href":"https:\/\/serveiseducatius.xtec.cat\/creda-baixllobregat\/wp-json\/wp\/v2\/posts\/8773","targetHints":{"allow":["GET"]}}],"collection":[{"href":"https:\/\/serveiseducatius.xtec.cat\/creda-baixllobregat\/wp-json\/wp\/v2\/posts"}],"about":[{"href":"https:\/\/serveiseducatius.xtec.cat\/creda-baixllobregat\/wp-json\/wp\/v2\/types\/post"}],"author":[{"embeddable":true,"href":"https:\/\/serveiseducatius.xtec.cat\/creda-baixllobregat\/wp-json\/wp\/v2\/users\/8"}],"replies":[{"embeddable":true,"href":"https:\/\/serveiseducatius.xtec.cat\/creda-baixllobregat\/wp-json\/wp\/v2\/comments?post=8773"}],"version-history":[{"count":4,"href":"https:\/\/serveiseducatius.xtec.cat\/creda-baixllobregat\/wp-json\/wp\/v2\/posts\/8773\/revisions"}],"predecessor-version":[{"id":8778,"href":"https:\/\/serveiseducatius.xtec.cat\/creda-baixllobregat\/wp-json\/wp\/v2\/posts\/8773\/revisions\/8778"}],"wp:featuredmedia":[{"embeddable":true,"href":"https:\/\/serveiseducatius.xtec.cat\/creda-baixllobregat\/wp-json\/wp\/v2\/media\/8775"}],"wp:attachment":[{"href":"https:\/\/serveiseducatius.xtec.cat\/creda-baixllobregat\/wp-json\/wp\/v2\/media?parent=8773"}],"wp:term":[{"taxonomy":"category","embeddable":true,"href":"https:\/\/serveiseducatius.xtec.cat\/creda-baixllobregat\/wp-json\/wp\/v2\/categories?post=8773"},{"taxonomy":"post_tag","embeddable":true,"href":"https:\/\/serveiseducatius.xtec.cat\/creda-baixllobregat\/wp-json\/wp\/v2\/tags?post=8773"}],"curies":[{"name":"wp","href":"https:\/\/api.w.org\/{rel}","templated":true}]}}