{"id":10409,"date":"2026-03-09T16:43:48","date_gmt":"2026-03-09T15:43:48","guid":{"rendered":"https:\/\/serveiseducatius.xtec.cat\/creda-baixllobregat\/?p=10409"},"modified":"2026-03-09T13:52:13","modified_gmt":"2026-03-09T12:52:13","slug":"vii-jornades-dacpcreda","status":"publish","type":"post","link":"https:\/\/serveiseducatius.xtec.cat\/creda-baixllobregat\/general\/noticies\/vii-jornades-dacpcreda\/","title":{"rendered":"VII Jornades d\u2019ACPCREDA"},"content":{"rendered":"<p>Algun<a href=\"https:\/\/serveiseducatius.xtec.cat\/creda-baixllobregat\/wp-content\/uploads\/usu1334\/2026\/03\/VII-Jornades-ACPCREDA-2.jpeg\"><img loading=\"lazy\" decoding=\"async\" class=\"alignleft wp-image-10410 size-medium\" src=\"https:\/\/serveiseducatius.xtec.cat\/creda-baixllobregat\/wp-content\/uploads\/usu1334\/2026\/03\/VII-Jornades-ACPCREDA-2-169x300.jpeg\" alt=\"\" width=\"169\" height=\"300\" srcset=\"https:\/\/serveiseducatius.xtec.cat\/creda-baixllobregat\/wp-content\/uploads\/usu1334\/2026\/03\/VII-Jornades-ACPCREDA-2-169x300.jpeg 169w, https:\/\/serveiseducatius.xtec.cat\/creda-baixllobregat\/wp-content\/uploads\/usu1334\/2026\/03\/VII-Jornades-ACPCREDA-2-578x1024.jpeg 578w, https:\/\/serveiseducatius.xtec.cat\/creda-baixllobregat\/wp-content\/uploads\/usu1334\/2026\/03\/VII-Jornades-ACPCREDA-2-768x1362.jpeg 768w, https:\/\/serveiseducatius.xtec.cat\/creda-baixllobregat\/wp-content\/uploads\/usu1334\/2026\/03\/VII-Jornades-ACPCREDA-2.jpeg 828w\" sizes=\"auto, (max-width: 169px) 100vw, 169px\" \/><\/a>s membres de l&#8217;equip del CREDA del Baix Llobregat hem assistit a les <strong>VII Jornades d\u2019ACPCREDA<\/strong>, celebrades els dies <strong>6 i 7 de mar\u00e7 de 2026 al Campus de la Ciutadella de la Universitat Pompeu Fabra<\/strong> (Barcelona).<\/p>\n<p>Enguany, les jornades han coincidit amb una data especialment significativa: <strong>el Dia Europeu de la Logop\u00e8dia<\/strong>, fet que ha donat encara m\u00e9s sentit a aquesta trobada formativa. No hi ha millor manera de celebrar la nostra professi\u00f3 que compartint coneixement, experi\u00e8ncia i reflexi\u00f3 amb altres professionals del sector.<\/p>\n<p>&nbsp;<\/p>\n<p>Al llarg dels dos dies, hem pogut participar en<strong> diverses pon\u00e8ncies i tallers especialitzats<\/strong>, orientats a l\u2019actualitzaci\u00f3 de coneixements i a la millora de la pr\u00e0ctica professional en l\u2019\u00e0mbit de l\u2019audici\u00f3 i el llenguatge. Les intervencions, condu\u00efdes per professionals de reconeguda traject\u00f2ria, han abordat tem\u00e0tiques vinculades a l\u2019avaluaci\u00f3 i intervenci\u00f3 en el llenguatge infantil, el tractament de les dificultats fon\u00e8tiques, el suport a l\u2019expressi\u00f3 escrita basat en l\u2019evid\u00e8ncia, l\u2019optimitzaci\u00f3 de la tecnologia auditiva en contextos educatius, la incorporaci\u00f3 de la intel\u00b7lig\u00e8ncia artificial en l\u2019\u00e0mbit professional, aix\u00ed com una aproximaci\u00f3 cient\u00edfica als processos d\u2019aprenentatge i diferents mirades sobre l\u2019autisme. Aquest conjunt de continguts ha contribu\u00eft a enriquir i actualitzar la nostra pr\u00e0ctica en l\u2019\u00e0mbit de l\u2019audici\u00f3 i el llenguatge.<a href=\"https:\/\/serveiseducatius.xtec.cat\/creda-baixllobregat\/wp-content\/uploads\/usu1334\/2026\/03\/VII-Jornades-ACPCREDA-1.jpeg\"><img loading=\"lazy\" decoding=\"async\" class=\"wp-image-10411 size-medium aligncenter\" src=\"https:\/\/serveiseducatius.xtec.cat\/creda-baixllobregat\/wp-content\/uploads\/usu1334\/2026\/03\/VII-Jornades-ACPCREDA-1-e1773060694409-300x222.jpeg\" alt=\"\" width=\"300\" height=\"222\" srcset=\"https:\/\/serveiseducatius.xtec.cat\/creda-baixllobregat\/wp-content\/uploads\/usu1334\/2026\/03\/VII-Jornades-ACPCREDA-1-e1773060694409-300x222.jpeg 300w, https:\/\/serveiseducatius.xtec.cat\/creda-baixllobregat\/wp-content\/uploads\/usu1334\/2026\/03\/VII-Jornades-ACPCREDA-1-e1773060694409-1024x758.jpeg 1024w, https:\/\/serveiseducatius.xtec.cat\/creda-baixllobregat\/wp-content\/uploads\/usu1334\/2026\/03\/VII-Jornades-ACPCREDA-1-e1773060694409-768x568.jpeg 768w, https:\/\/serveiseducatius.xtec.cat\/creda-baixllobregat\/wp-content\/uploads\/usu1334\/2026\/03\/VII-Jornades-ACPCREDA-1-e1773060694409.jpeg 1200w\" sizes=\"auto, (max-width: 300px) 100vw, 300px\" \/><\/a><\/p>\n<p>Aquesta experi\u00e8ncia formativa refor\u00e7a el nostre comprom\u00eds amb la formaci\u00f3 cont\u00ednua i la qualitat de la intervenci\u00f3, amb l\u2019objectiu d\u2019oferir una atenci\u00f3 cada vegada m\u00e9s ajustada a les necessitats dels infants, les fam\u00edlies i els centres educatius amb qu\u00e8 treballem.<\/p>\n<p>Valorem molt positivament la participaci\u00f3 en aquestes jornades, tant per l\u2019enriquiment professional com pel retrobament i l\u2019intercanvi amb altres companyes i companys dels CREDA.<\/p>\n","protected":false},"excerpt":{"rendered":"<p>Alguns membres de l&#8217;equip del CREDA del Baix Llobregat hem assistit a les VII Jornades d\u2019ACPCREDA, celebrades els dies 6 i 7 de mar\u00e7 de 2026 al Campus de la Ciutadella de la Universitat Pompeu Fabra (Barcelona). Enguany, les jornades han coincidit amb una data especialment significativa: el Dia Europeu de la Logop\u00e8dia, fet que [&hellip;]<\/p>\n","protected":false},"author":31,"featured_media":10377,"comment_status":"open","ping_status":"open","sticky":false,"template":"","format":"standard","meta":{"_bbp_topic_count":0,"_bbp_reply_count":0,"_bbp_total_topic_count":0,"_bbp_total_reply_count":0,"_bbp_voice_count":0,"_bbp_anonymous_reply_count":0,"_bbp_topic_count_hidden":0,"_bbp_reply_count_hidden":0,"_bbp_forum_subforum_count":0,"site-sidebar-layout":"default","site-content-layout":"","ast-site-content-layout":"default","site-content-style":"default","site-sidebar-style":"default","ast-global-header-display":"","ast-banner-title-visibility":"","ast-main-header-display":"","ast-hfb-above-header-display":"","ast-hfb-below-header-display":"","ast-hfb-mobile-header-display":"","site-post-title":"","ast-breadcrumbs-content":"","ast-featured-img":"","footer-sml-layout":"","theme-transparent-header-meta":"default","adv-header-id-meta":"","stick-header-meta":"","header-above-stick-meta":"","header-main-stick-meta":"","header-below-stick-meta":"","astra-migrate-meta-layouts":"set","ast-page-background-enabled":"default","ast-page-background-meta":{"desktop":{"background-color":"var(--ast-global-color-4)","background-image":"","background-repeat":"repeat","background-position":"center center","background-size":"auto","background-attachment":"scroll","background-type":"","background-media":"","overlay-type":"","overlay-color":"","overlay-opacity":"","overlay-gradient":""},"tablet":{"background-color":"","background-image":"","background-repeat":"repeat","background-position":"center center","background-size":"auto","background-attachment":"scroll","background-type":"","background-media":"","overlay-type":"","overlay-color":"","overlay-opacity":"","overlay-gradient":""},"mobile":{"background-color":"","background-image":"","background-repeat":"repeat","background-position":"center center","background-size":"auto","background-attachment":"scroll","background-type":"","background-media":"","overlay-type":"","overlay-color":"","overlay-opacity":"","overlay-gradient":""}},"ast-content-background-meta":{"desktop":{"background-color":"var(--ast-global-color-5)","background-image":"","background-repeat":"repeat","background-position":"center center","background-size":"auto","background-attachment":"scroll","background-type":"","background-media":"","overlay-type":"","overlay-color":"","overlay-opacity":"","overlay-gradient":""},"tablet":{"background-color":"var(--ast-global-color-5)","background-image":"","background-repeat":"repeat","background-position":"center center","background-size":"auto","background-attachment":"scroll","background-type":"","background-media":"","overlay-type":"","overlay-color":"","overlay-opacity":"","overlay-gradient":""},"mobile":{"background-color":"var(--ast-global-color-5)","background-image":"","background-repeat":"repeat","background-position":"center center","background-size":"auto","background-attachment":"scroll","background-type":"","background-media":"","overlay-type":"","overlay-color":"","overlay-opacity":"","overlay-gradient":""}},"footnotes":""},"categories":[526],"tags":[],"class_list":["post-10409","post","type-post","status-publish","format-standard","has-post-thumbnail","hentry","category-noticies"],"post_mailing_queue_ids":[],"_links":{"self":[{"href":"https:\/\/serveiseducatius.xtec.cat\/creda-baixllobregat\/wp-json\/wp\/v2\/posts\/10409","targetHints":{"allow":["GET"]}}],"collection":[{"href":"https:\/\/serveiseducatius.xtec.cat\/creda-baixllobregat\/wp-json\/wp\/v2\/posts"}],"about":[{"href":"https:\/\/serveiseducatius.xtec.cat\/creda-baixllobregat\/wp-json\/wp\/v2\/types\/post"}],"author":[{"embeddable":true,"href":"https:\/\/serveiseducatius.xtec.cat\/creda-baixllobregat\/wp-json\/wp\/v2\/users\/31"}],"replies":[{"embeddable":true,"href":"https:\/\/serveiseducatius.xtec.cat\/creda-baixllobregat\/wp-json\/wp\/v2\/comments?post=10409"}],"version-history":[{"count":1,"href":"https:\/\/serveiseducatius.xtec.cat\/creda-baixllobregat\/wp-json\/wp\/v2\/posts\/10409\/revisions"}],"predecessor-version":[{"id":10412,"href":"https:\/\/serveiseducatius.xtec.cat\/creda-baixllobregat\/wp-json\/wp\/v2\/posts\/10409\/revisions\/10412"}],"wp:featuredmedia":[{"embeddable":true,"href":"https:\/\/serveiseducatius.xtec.cat\/creda-baixllobregat\/wp-json\/wp\/v2\/media\/10377"}],"wp:attachment":[{"href":"https:\/\/serveiseducatius.xtec.cat\/creda-baixllobregat\/wp-json\/wp\/v2\/media?parent=10409"}],"wp:term":[{"taxonomy":"category","embeddable":true,"href":"https:\/\/serveiseducatius.xtec.cat\/creda-baixllobregat\/wp-json\/wp\/v2\/categories?post=10409"},{"taxonomy":"post_tag","embeddable":true,"href":"https:\/\/serveiseducatius.xtec.cat\/creda-baixllobregat\/wp-json\/wp\/v2\/tags?post=10409"}],"curies":[{"name":"wp","href":"https:\/\/api.w.org\/{rel}","templated":true}]}}