{"id":10357,"date":"2025-12-12T16:09:38","date_gmt":"2025-12-12T15:09:38","guid":{"rendered":"https:\/\/serveiseducatius.xtec.cat\/creda-baixllobregat\/?p=10357"},"modified":"2025-12-12T16:09:52","modified_gmt":"2025-12-12T15:09:52","slug":"festa-de-nadal-2025","status":"publish","type":"post","link":"https:\/\/serveiseducatius.xtec.cat\/creda-baixllobregat\/general\/festa-de-nadal-2025\/","title":{"rendered":"Festa de Nadal 2025"},"content":{"rendered":"<h2 data-start=\"114\" data-end=\"186\">\ud83c\udf84 Festa de Nadal de l&#8217;alumnat del CREDA Baix Llobregat<\/h2>\n<p data-start=\"188\" data-end=\"441\"><a href=\"https:\/\/serveiseducatius.xtec.cat\/creda-baixllobregat\/wp-content\/uploads\/usu1334\/2025\/12\/WhatsApp-Image-2025-12-11-at-15.28.18.jpeg\"><img loading=\"lazy\" decoding=\"async\" class=\"wp-image-10360 size-medium alignleft\" src=\"https:\/\/serveiseducatius.xtec.cat\/creda-baixllobregat\/wp-content\/uploads\/usu1334\/2025\/12\/WhatsApp-Image-2025-12-11-at-15.28.18-300x225.jpeg\" alt=\"\" width=\"300\" height=\"225\" srcset=\"https:\/\/serveiseducatius.xtec.cat\/creda-baixllobregat\/wp-content\/uploads\/usu1334\/2025\/12\/WhatsApp-Image-2025-12-11-at-15.28.18-300x225.jpeg 300w, https:\/\/serveiseducatius.xtec.cat\/creda-baixllobregat\/wp-content\/uploads\/usu1334\/2025\/12\/WhatsApp-Image-2025-12-11-at-15.28.18-1024x768.jpeg 1024w, https:\/\/serveiseducatius.xtec.cat\/creda-baixllobregat\/wp-content\/uploads\/usu1334\/2025\/12\/WhatsApp-Image-2025-12-11-at-15.28.18-768x576.jpeg 768w, https:\/\/serveiseducatius.xtec.cat\/creda-baixllobregat\/wp-content\/uploads\/usu1334\/2025\/12\/WhatsApp-Image-2025-12-11-at-15.28.18-1536x1152.jpeg 1536w, https:\/\/serveiseducatius.xtec.cat\/creda-baixllobregat\/wp-content\/uploads\/usu1334\/2025\/12\/WhatsApp-Image-2025-12-11-at-15.28.18.jpeg 1600w\" sizes=\"auto, (max-width: 300px) 100vw, 300px\" \/><\/a>Aquest desembre hem celebrat una nova edici\u00f3 de la nostra <strong data-start=\"246\" data-end=\"264\">Festa de Nadal<\/strong>, una trobada que reuneix tots els alumnes amb p\u00e8rdua auditiva del Baix Llobregat i que, any rere any, es converteix en un espai de celebraci\u00f3 compartida.<\/p>\n<p data-start=\"443\" data-end=\"524\">L\u2019alumnat ha gaudit de diverses activitats que han marcat el ritme de la jornada:<\/p>\n<p data-start=\"526\" data-end=\"646\">\ud83d\udc8c <strong data-start=\"529\" data-end=\"560\">Concurs de postals de Nadal<\/strong><br data-start=\"560\" data-end=\"563\" \/>Una explosi\u00f3 de creativitat i missatges que han omplert l\u2019espai d\u2019esperit nadalenc.<a href=\"https:\/\/serveiseducatius.xtec.cat\/creda-baixllobregat\/wp-content\/uploads\/usu1334\/2025\/12\/WhatsApp-Image-2025-12-11-at-15.28.18-1.jpeg\"><img loading=\"lazy\" decoding=\"async\" class=\"aligncenter wp-image-10358 size-medium\" src=\"https:\/\/serveiseducatius.xtec.cat\/creda-baixllobregat\/wp-content\/uploads\/usu1334\/2025\/12\/WhatsApp-Image-2025-12-11-at-15.28.18-1-225x300.jpeg\" alt=\"\" width=\"225\" height=\"300\" srcset=\"https:\/\/serveiseducatius.xtec.cat\/creda-baixllobregat\/wp-content\/uploads\/usu1334\/2025\/12\/WhatsApp-Image-2025-12-11-at-15.28.18-1-225x300.jpeg 225w, https:\/\/serveiseducatius.xtec.cat\/creda-baixllobregat\/wp-content\/uploads\/usu1334\/2025\/12\/WhatsApp-Image-2025-12-11-at-15.28.18-1-768x1024.jpeg 768w, https:\/\/serveiseducatius.xtec.cat\/creda-baixllobregat\/wp-content\/uploads\/usu1334\/2025\/12\/WhatsApp-Image-2025-12-11-at-15.28.18-1-1152x1536.jpeg 1152w, https:\/\/serveiseducatius.xtec.cat\/creda-baixllobregat\/wp-content\/uploads\/usu1334\/2025\/12\/WhatsApp-Image-2025-12-11-at-15.28.18-1.jpeg 1200w\" sizes=\"auto, (max-width: 225px) 100vw, 225px\" \/><\/a><\/p>\n<p data-start=\"648\" data-end=\"816\">\ud83e\udde9 <strong data-start=\"651\" data-end=\"672\">Gimcana nadalenca<\/strong><br data-start=\"672\" data-end=\"675\" \/>Organitzada gr\u00e0cies a la col\u00b7laboraci\u00f3 de l\u2019Institut Severo Ochoa d&#8217;Esplugues del Llobregat, que ens ha preparat una gimcana plena de reptes i dinamisme.<\/p>\n<p data-start=\"648\" data-end=\"816\"><a href=\"https:\/\/serveiseducatius.xtec.cat\/creda-baixllobregat\/wp-content\/uploads\/usu1334\/2025\/12\/WhatsApp-Image-2025-12-11-at-15.28.17-1.jpeg\"><img loading=\"lazy\" decoding=\"async\" class=\"alignnone wp-image-10361 size-medium\" src=\"https:\/\/serveiseducatius.xtec.cat\/creda-baixllobregat\/wp-content\/uploads\/usu1334\/2025\/12\/WhatsApp-Image-2025-12-11-at-15.28.17-1-225x300.jpeg\" alt=\"\" width=\"225\" height=\"300\" srcset=\"https:\/\/serveiseducatius.xtec.cat\/creda-baixllobregat\/wp-content\/uploads\/usu1334\/2025\/12\/WhatsApp-Image-2025-12-11-at-15.28.17-1-225x300.jpeg 225w, https:\/\/serveiseducatius.xtec.cat\/creda-baixllobregat\/wp-content\/uploads\/usu1334\/2025\/12\/WhatsApp-Image-2025-12-11-at-15.28.17-1-768x1024.jpeg 768w, https:\/\/serveiseducatius.xtec.cat\/creda-baixllobregat\/wp-content\/uploads\/usu1334\/2025\/12\/WhatsApp-Image-2025-12-11-at-15.28.17-1-1152x1536.jpeg 1152w, https:\/\/serveiseducatius.xtec.cat\/creda-baixllobregat\/wp-content\/uploads\/usu1334\/2025\/12\/WhatsApp-Image-2025-12-11-at-15.28.17-1.jpeg 1200w\" sizes=\"auto, (max-width: 225px) 100vw, 225px\" \/><\/a><a href=\"https:\/\/serveiseducatius.xtec.cat\/creda-baixllobregat\/wp-content\/uploads\/usu1334\/2025\/12\/WhatsApp-Image-2025-12-11-at-15.28.17.jpeg\"><img loading=\"lazy\" decoding=\"async\" class=\"alignnone wp-image-10362 size-medium\" src=\"https:\/\/serveiseducatius.xtec.cat\/creda-baixllobregat\/wp-content\/uploads\/usu1334\/2025\/12\/WhatsApp-Image-2025-12-11-at-15.28.17-225x300.jpeg\" alt=\"\" width=\"225\" height=\"300\" srcset=\"https:\/\/serveiseducatius.xtec.cat\/creda-baixllobregat\/wp-content\/uploads\/usu1334\/2025\/12\/WhatsApp-Image-2025-12-11-at-15.28.17-225x300.jpeg 225w, https:\/\/serveiseducatius.xtec.cat\/creda-baixllobregat\/wp-content\/uploads\/usu1334\/2025\/12\/WhatsApp-Image-2025-12-11-at-15.28.17-768x1024.jpeg 768w, https:\/\/serveiseducatius.xtec.cat\/creda-baixllobregat\/wp-content\/uploads\/usu1334\/2025\/12\/WhatsApp-Image-2025-12-11-at-15.28.17-1152x1536.jpeg 1152w, https:\/\/serveiseducatius.xtec.cat\/creda-baixllobregat\/wp-content\/uploads\/usu1334\/2025\/12\/WhatsApp-Image-2025-12-11-at-15.28.17.jpeg 1200w\" sizes=\"auto, (max-width: 225px) 100vw, 225px\" \/><\/a><\/p>\n<p data-start=\"818\" data-end=\"973\">\ud83c\udf81 <strong data-start=\"821\" data-end=\"865\">Intercanvi de regals de l\u2019amic invisible<\/strong><br data-start=\"865\" data-end=\"868\" \/>Una de les activitats m\u00e9s esperades, que fomenta la complicitat i la participaci\u00f3 entre tots els alumnes.<\/p>\n<p data-start=\"980\" data-end=\"1165\">Ha estat una jornada plena d\u2019energia, trobades i moments compartits.<\/p>\n<p data-start=\"980\" data-end=\"1165\"><a href=\"https:\/\/serveiseducatius.xtec.cat\/creda-baixllobregat\/wp-content\/uploads\/usu1334\/2025\/12\/WhatsApp-Image-2025-12-11-at-15.28.14.jpeg\"><img loading=\"lazy\" decoding=\"async\" class=\"wp-image-10359 size-medium aligncenter\" src=\"https:\/\/serveiseducatius.xtec.cat\/creda-baixllobregat\/wp-content\/uploads\/usu1334\/2025\/12\/WhatsApp-Image-2025-12-11-at-15.28.14-225x300.jpeg\" alt=\"\" width=\"225\" height=\"300\" srcset=\"https:\/\/serveiseducatius.xtec.cat\/creda-baixllobregat\/wp-content\/uploads\/usu1334\/2025\/12\/WhatsApp-Image-2025-12-11-at-15.28.14-225x300.jpeg 225w, https:\/\/serveiseducatius.xtec.cat\/creda-baixllobregat\/wp-content\/uploads\/usu1334\/2025\/12\/WhatsApp-Image-2025-12-11-at-15.28.14-768x1024.jpeg 768w, https:\/\/serveiseducatius.xtec.cat\/creda-baixllobregat\/wp-content\/uploads\/usu1334\/2025\/12\/WhatsApp-Image-2025-12-11-at-15.28.14-1152x1536.jpeg 1152w, https:\/\/serveiseducatius.xtec.cat\/creda-baixllobregat\/wp-content\/uploads\/usu1334\/2025\/12\/WhatsApp-Image-2025-12-11-at-15.28.14.jpeg 1200w\" sizes=\"auto, (max-width: 225px) 100vw, 225px\" \/><\/a>Una cita que cada any esperem amb il\u00b7lusi\u00f3 i que refor\u00e7a el sentiment de comunitat entre tots els participants.<\/p>\n<p data-start=\"1167\" data-end=\"1246\"><strong data-start=\"1169\" data-end=\"1244\">Gr\u00e0cies a tots i totes per formar-ne part. Ens retrobem el curs vinent!<\/strong><\/p>\n","protected":false},"excerpt":{"rendered":"<p>\ud83c\udf84 Festa de Nadal de l&#8217;alumnat del CREDA Baix Llobregat Aquest desembre hem celebrat una nova edici\u00f3 de la nostra Festa de Nadal, una trobada que reuneix tots els alumnes amb p\u00e8rdua auditiva del Baix Llobregat i que, any rere any, es converteix en un espai de celebraci\u00f3 compartida. L\u2019alumnat ha gaudit de diverses activitats [&hellip;]<\/p>\n","protected":false},"author":31,"featured_media":0,"comment_status":"open","ping_status":"open","sticky":false,"template":"","format":"standard","meta":{"_bbp_topic_count":0,"_bbp_reply_count":0,"_bbp_total_topic_count":0,"_bbp_total_reply_count":0,"_bbp_voice_count":0,"_bbp_anonymous_reply_count":0,"_bbp_topic_count_hidden":0,"_bbp_reply_count_hidden":0,"_bbp_forum_subforum_count":0,"site-sidebar-layout":"default","site-content-layout":"","ast-site-content-layout":"default","site-content-style":"default","site-sidebar-style":"default","ast-global-header-display":"","ast-banner-title-visibility":"","ast-main-header-display":"","ast-hfb-above-header-display":"","ast-hfb-below-header-display":"","ast-hfb-mobile-header-display":"","site-post-title":"","ast-breadcrumbs-content":"","ast-featured-img":"","footer-sml-layout":"","theme-transparent-header-meta":"default","adv-header-id-meta":"","stick-header-meta":"","header-above-stick-meta":"","header-main-stick-meta":"","header-below-stick-meta":"","astra-migrate-meta-layouts":"set","ast-page-background-enabled":"default","ast-page-background-meta":{"desktop":{"background-color":"var(--ast-global-color-4)","background-image":"","background-repeat":"repeat","background-position":"center center","background-size":"auto","background-attachment":"scroll","background-type":"","background-media":"","overlay-type":"","overlay-color":"","overlay-opacity":"","overlay-gradient":""},"tablet":{"background-color":"","background-image":"","background-repeat":"repeat","background-position":"center center","background-size":"auto","background-attachment":"scroll","background-type":"","background-media":"","overlay-type":"","overlay-color":"","overlay-opacity":"","overlay-gradient":""},"mobile":{"background-color":"","background-image":"","background-repeat":"repeat","background-position":"center center","background-size":"auto","background-attachment":"scroll","background-type":"","background-media":"","overlay-type":"","overlay-color":"","overlay-opacity":"","overlay-gradient":""}},"ast-content-background-meta":{"desktop":{"background-color":"var(--ast-global-color-5)","background-image":"","background-repeat":"repeat","background-position":"center center","background-size":"auto","background-attachment":"scroll","background-type":"","background-media":"","overlay-type":"","overlay-color":"","overlay-opacity":"","overlay-gradient":""},"tablet":{"background-color":"var(--ast-global-color-5)","background-image":"","background-repeat":"repeat","background-position":"center center","background-size":"auto","background-attachment":"scroll","background-type":"","background-media":"","overlay-type":"","overlay-color":"","overlay-opacity":"","overlay-gradient":""},"mobile":{"background-color":"var(--ast-global-color-5)","background-image":"","background-repeat":"repeat","background-position":"center center","background-size":"auto","background-attachment":"scroll","background-type":"","background-media":"","overlay-type":"","overlay-color":"","overlay-opacity":"","overlay-gradient":""}},"footnotes":""},"categories":[1,273],"tags":[],"class_list":["post-10357","post","type-post","status-publish","format-standard","hentry","category-general","category-portada"],"post_mailing_queue_ids":[],"_links":{"self":[{"href":"https:\/\/serveiseducatius.xtec.cat\/creda-baixllobregat\/wp-json\/wp\/v2\/posts\/10357","targetHints":{"allow":["GET"]}}],"collection":[{"href":"https:\/\/serveiseducatius.xtec.cat\/creda-baixllobregat\/wp-json\/wp\/v2\/posts"}],"about":[{"href":"https:\/\/serveiseducatius.xtec.cat\/creda-baixllobregat\/wp-json\/wp\/v2\/types\/post"}],"author":[{"embeddable":true,"href":"https:\/\/serveiseducatius.xtec.cat\/creda-baixllobregat\/wp-json\/wp\/v2\/users\/31"}],"replies":[{"embeddable":true,"href":"https:\/\/serveiseducatius.xtec.cat\/creda-baixllobregat\/wp-json\/wp\/v2\/comments?post=10357"}],"version-history":[{"count":2,"href":"https:\/\/serveiseducatius.xtec.cat\/creda-baixllobregat\/wp-json\/wp\/v2\/posts\/10357\/revisions"}],"predecessor-version":[{"id":10364,"href":"https:\/\/serveiseducatius.xtec.cat\/creda-baixllobregat\/wp-json\/wp\/v2\/posts\/10357\/revisions\/10364"}],"wp:attachment":[{"href":"https:\/\/serveiseducatius.xtec.cat\/creda-baixllobregat\/wp-json\/wp\/v2\/media?parent=10357"}],"wp:term":[{"taxonomy":"category","embeddable":true,"href":"https:\/\/serveiseducatius.xtec.cat\/creda-baixllobregat\/wp-json\/wp\/v2\/categories?post=10357"},{"taxonomy":"post_tag","embeddable":true,"href":"https:\/\/serveiseducatius.xtec.cat\/creda-baixllobregat\/wp-json\/wp\/v2\/tags?post=10357"}],"curies":[{"name":"wp","href":"https:\/\/api.w.org\/{rel}","templated":true}]}}