{"id":10116,"date":"2024-12-13T13:45:44","date_gmt":"2024-12-13T12:45:44","guid":{"rendered":"https:\/\/serveiseducatius.xtec.cat\/creda-baixllobregat\/?p=10116"},"modified":"2025-06-30T11:37:44","modified_gmt":"2025-06-30T09:37:44","slug":"festa-de-nadal-2024","status":"publish","type":"post","link":"https:\/\/serveiseducatius.xtec.cat\/creda-baixllobregat\/general\/festa-de-nadal-2024\/","title":{"rendered":"Festa de Nadal 2024"},"content":{"rendered":"<p>El passat 11 de Desembre v\u00e0rem celebrar la tradicional festa de Nadal del CREDA en el Casal de la Gent de Sant Feliu de Llobregat amb gran participaci\u00f3 d&#8217;alumnes i professionals del CREDA i els centres PESAL del Baix Llobregat.<\/p>\n<p>Ens v\u00e0rem poder trobar alumnes i professionals en una jornada festiva molt emotiva. V\u00e0rem votar i donar els premis del concurs de postals de nadal, fer una gimcana gr\u00e0cies als alumnes del CGS d&#8217;animaci\u00f3 sociocultural de l&#8217;Institut Severo Ochoa d&#8217;Esplugues, compartir els regals de l&#8217;amic invisible&#8230; Una jornada plena d&#8217;emocions i alegries que esperem gaudir any rere any.<\/p>\n<div id='gallery-1' class='gallery galleryid-10116 gallery-columns-3 gallery-size-medium'><figure class='gallery-item'>\n\t\t\t<div class='gallery-icon landscape'>\n\t\t\t\t<a href='https:\/\/serveiseducatius.xtec.cat\/creda-baixllobregat\/wp-content\/uploads\/usu1334\/2024\/12\/Imatge-de-WhatsApp-2024-12-12-a-les-16.38.59_a41b7c0a.jpg'><img loading=\"lazy\" decoding=\"async\" width=\"300\" height=\"225\" src=\"https:\/\/serveiseducatius.xtec.cat\/creda-baixllobregat\/wp-content\/uploads\/usu1334\/2024\/12\/Imatge-de-WhatsApp-2024-12-12-a-les-16.38.59_a41b7c0a-300x225.jpg\" class=\"attachment-medium size-medium\" alt=\"\" srcset=\"https:\/\/serveiseducatius.xtec.cat\/creda-baixllobregat\/wp-content\/uploads\/usu1334\/2024\/12\/Imatge-de-WhatsApp-2024-12-12-a-les-16.38.59_a41b7c0a-300x225.jpg 300w, https:\/\/serveiseducatius.xtec.cat\/creda-baixllobregat\/wp-content\/uploads\/usu1334\/2024\/12\/Imatge-de-WhatsApp-2024-12-12-a-les-16.38.59_a41b7c0a-1024x768.jpg 1024w, https:\/\/serveiseducatius.xtec.cat\/creda-baixllobregat\/wp-content\/uploads\/usu1334\/2024\/12\/Imatge-de-WhatsApp-2024-12-12-a-les-16.38.59_a41b7c0a-768x576.jpg 768w, https:\/\/serveiseducatius.xtec.cat\/creda-baixllobregat\/wp-content\/uploads\/usu1334\/2024\/12\/Imatge-de-WhatsApp-2024-12-12-a-les-16.38.59_a41b7c0a-1536x1152.jpg 1536w, https:\/\/serveiseducatius.xtec.cat\/creda-baixllobregat\/wp-content\/uploads\/usu1334\/2024\/12\/Imatge-de-WhatsApp-2024-12-12-a-les-16.38.59_a41b7c0a-200x150.jpg 200w, https:\/\/serveiseducatius.xtec.cat\/creda-baixllobregat\/wp-content\/uploads\/usu1334\/2024\/12\/Imatge-de-WhatsApp-2024-12-12-a-les-16.38.59_a41b7c0a.jpg 2048w\" sizes=\"auto, (max-width: 300px) 100vw, 300px\" \/><\/a>\n\t\t\t<\/div><\/figure><figure class='gallery-item'>\n\t\t\t<div class='gallery-icon landscape'>\n\t\t\t\t<a href='https:\/\/serveiseducatius.xtec.cat\/creda-baixllobregat\/wp-content\/uploads\/usu1334\/2024\/12\/Imatge-de-WhatsApp-2024-12-12-a-les-16.38.59_af37871d.jpg'><img loading=\"lazy\" decoding=\"async\" width=\"300\" height=\"225\" src=\"https:\/\/serveiseducatius.xtec.cat\/creda-baixllobregat\/wp-content\/uploads\/usu1334\/2024\/12\/Imatge-de-WhatsApp-2024-12-12-a-les-16.38.59_af37871d-300x225.jpg\" class=\"attachment-medium size-medium\" alt=\"\" srcset=\"https:\/\/serveiseducatius.xtec.cat\/creda-baixllobregat\/wp-content\/uploads\/usu1334\/2024\/12\/Imatge-de-WhatsApp-2024-12-12-a-les-16.38.59_af37871d-300x225.jpg 300w, https:\/\/serveiseducatius.xtec.cat\/creda-baixllobregat\/wp-content\/uploads\/usu1334\/2024\/12\/Imatge-de-WhatsApp-2024-12-12-a-les-16.38.59_af37871d-1024x768.jpg 1024w, https:\/\/serveiseducatius.xtec.cat\/creda-baixllobregat\/wp-content\/uploads\/usu1334\/2024\/12\/Imatge-de-WhatsApp-2024-12-12-a-les-16.38.59_af37871d-768x576.jpg 768w, https:\/\/serveiseducatius.xtec.cat\/creda-baixllobregat\/wp-content\/uploads\/usu1334\/2024\/12\/Imatge-de-WhatsApp-2024-12-12-a-les-16.38.59_af37871d-1536x1152.jpg 1536w, https:\/\/serveiseducatius.xtec.cat\/creda-baixllobregat\/wp-content\/uploads\/usu1334\/2024\/12\/Imatge-de-WhatsApp-2024-12-12-a-les-16.38.59_af37871d-200x150.jpg 200w, https:\/\/serveiseducatius.xtec.cat\/creda-baixllobregat\/wp-content\/uploads\/usu1334\/2024\/12\/Imatge-de-WhatsApp-2024-12-12-a-les-16.38.59_af37871d.jpg 2048w\" sizes=\"auto, (max-width: 300px) 100vw, 300px\" \/><\/a>\n\t\t\t<\/div><\/figure><figure class='gallery-item'>\n\t\t\t<div class='gallery-icon landscape'>\n\t\t\t\t<a href='https:\/\/serveiseducatius.xtec.cat\/creda-baixllobregat\/wp-content\/uploads\/usu1334\/2024\/12\/Imatge-de-WhatsApp-2024-12-12-a-les-16.39.00_4c7a0bbd.jpg'><img loading=\"lazy\" decoding=\"async\" width=\"300\" height=\"225\" src=\"https:\/\/serveiseducatius.xtec.cat\/creda-baixllobregat\/wp-content\/uploads\/usu1334\/2024\/12\/Imatge-de-WhatsApp-2024-12-12-a-les-16.39.00_4c7a0bbd-300x225.jpg\" class=\"attachment-medium size-medium\" alt=\"\" srcset=\"https:\/\/serveiseducatius.xtec.cat\/creda-baixllobregat\/wp-content\/uploads\/usu1334\/2024\/12\/Imatge-de-WhatsApp-2024-12-12-a-les-16.39.00_4c7a0bbd-300x225.jpg 300w, https:\/\/serveiseducatius.xtec.cat\/creda-baixllobregat\/wp-content\/uploads\/usu1334\/2024\/12\/Imatge-de-WhatsApp-2024-12-12-a-les-16.39.00_4c7a0bbd-1024x768.jpg 1024w, https:\/\/serveiseducatius.xtec.cat\/creda-baixllobregat\/wp-content\/uploads\/usu1334\/2024\/12\/Imatge-de-WhatsApp-2024-12-12-a-les-16.39.00_4c7a0bbd-768x576.jpg 768w, https:\/\/serveiseducatius.xtec.cat\/creda-baixllobregat\/wp-content\/uploads\/usu1334\/2024\/12\/Imatge-de-WhatsApp-2024-12-12-a-les-16.39.00_4c7a0bbd-1536x1152.jpg 1536w, https:\/\/serveiseducatius.xtec.cat\/creda-baixllobregat\/wp-content\/uploads\/usu1334\/2024\/12\/Imatge-de-WhatsApp-2024-12-12-a-les-16.39.00_4c7a0bbd-200x150.jpg 200w, https:\/\/serveiseducatius.xtec.cat\/creda-baixllobregat\/wp-content\/uploads\/usu1334\/2024\/12\/Imatge-de-WhatsApp-2024-12-12-a-les-16.39.00_4c7a0bbd.jpg 2048w\" sizes=\"auto, (max-width: 300px) 100vw, 300px\" \/><\/a>\n\t\t\t<\/div><\/figure><figure class='gallery-item'>\n\t\t\t<div class='gallery-icon landscape'>\n\t\t\t\t<a href='https:\/\/serveiseducatius.xtec.cat\/creda-baixllobregat\/wp-content\/uploads\/usu1334\/2024\/12\/Imatge-de-WhatsApp-2024-12-12-a-les-16.39.00_5a9acf14.jpg'><img loading=\"lazy\" decoding=\"async\" width=\"300\" height=\"225\" src=\"https:\/\/serveiseducatius.xtec.cat\/creda-baixllobregat\/wp-content\/uploads\/usu1334\/2024\/12\/Imatge-de-WhatsApp-2024-12-12-a-les-16.39.00_5a9acf14-300x225.jpg\" class=\"attachment-medium size-medium\" alt=\"\" srcset=\"https:\/\/serveiseducatius.xtec.cat\/creda-baixllobregat\/wp-content\/uploads\/usu1334\/2024\/12\/Imatge-de-WhatsApp-2024-12-12-a-les-16.39.00_5a9acf14-300x225.jpg 300w, https:\/\/serveiseducatius.xtec.cat\/creda-baixllobregat\/wp-content\/uploads\/usu1334\/2024\/12\/Imatge-de-WhatsApp-2024-12-12-a-les-16.39.00_5a9acf14-1024x768.jpg 1024w, https:\/\/serveiseducatius.xtec.cat\/creda-baixllobregat\/wp-content\/uploads\/usu1334\/2024\/12\/Imatge-de-WhatsApp-2024-12-12-a-les-16.39.00_5a9acf14-768x576.jpg 768w, https:\/\/serveiseducatius.xtec.cat\/creda-baixllobregat\/wp-content\/uploads\/usu1334\/2024\/12\/Imatge-de-WhatsApp-2024-12-12-a-les-16.39.00_5a9acf14-1536x1152.jpg 1536w, https:\/\/serveiseducatius.xtec.cat\/creda-baixllobregat\/wp-content\/uploads\/usu1334\/2024\/12\/Imatge-de-WhatsApp-2024-12-12-a-les-16.39.00_5a9acf14-200x150.jpg 200w, https:\/\/serveiseducatius.xtec.cat\/creda-baixllobregat\/wp-content\/uploads\/usu1334\/2024\/12\/Imatge-de-WhatsApp-2024-12-12-a-les-16.39.00_5a9acf14.jpg 2048w\" sizes=\"auto, (max-width: 300px) 100vw, 300px\" \/><\/a>\n\t\t\t<\/div><\/figure><figure class='gallery-item'>\n\t\t\t<div class='gallery-icon landscape'>\n\t\t\t\t<a href='https:\/\/serveiseducatius.xtec.cat\/creda-baixllobregat\/wp-content\/uploads\/usu1334\/2024\/12\/Imatge-de-WhatsApp-2024-12-12-a-les-16.39.00_ec51b97f.jpg'><img loading=\"lazy\" decoding=\"async\" width=\"300\" height=\"225\" src=\"https:\/\/serveiseducatius.xtec.cat\/creda-baixllobregat\/wp-content\/uploads\/usu1334\/2024\/12\/Imatge-de-WhatsApp-2024-12-12-a-les-16.39.00_ec51b97f-300x225.jpg\" class=\"attachment-medium size-medium\" alt=\"\" srcset=\"https:\/\/serveiseducatius.xtec.cat\/creda-baixllobregat\/wp-content\/uploads\/usu1334\/2024\/12\/Imatge-de-WhatsApp-2024-12-12-a-les-16.39.00_ec51b97f-300x225.jpg 300w, https:\/\/serveiseducatius.xtec.cat\/creda-baixllobregat\/wp-content\/uploads\/usu1334\/2024\/12\/Imatge-de-WhatsApp-2024-12-12-a-les-16.39.00_ec51b97f-1024x768.jpg 1024w, https:\/\/serveiseducatius.xtec.cat\/creda-baixllobregat\/wp-content\/uploads\/usu1334\/2024\/12\/Imatge-de-WhatsApp-2024-12-12-a-les-16.39.00_ec51b97f-768x576.jpg 768w, https:\/\/serveiseducatius.xtec.cat\/creda-baixllobregat\/wp-content\/uploads\/usu1334\/2024\/12\/Imatge-de-WhatsApp-2024-12-12-a-les-16.39.00_ec51b97f-1536x1152.jpg 1536w, https:\/\/serveiseducatius.xtec.cat\/creda-baixllobregat\/wp-content\/uploads\/usu1334\/2024\/12\/Imatge-de-WhatsApp-2024-12-12-a-les-16.39.00_ec51b97f-200x150.jpg 200w, https:\/\/serveiseducatius.xtec.cat\/creda-baixllobregat\/wp-content\/uploads\/usu1334\/2024\/12\/Imatge-de-WhatsApp-2024-12-12-a-les-16.39.00_ec51b97f.jpg 2048w\" sizes=\"auto, (max-width: 300px) 100vw, 300px\" \/><\/a>\n\t\t\t<\/div><\/figure><figure class='gallery-item'>\n\t\t\t<div class='gallery-icon landscape'>\n\t\t\t\t<a href='https:\/\/serveiseducatius.xtec.cat\/creda-baixllobregat\/wp-content\/uploads\/usu1334\/2024\/12\/Imatge-de-WhatsApp-2024-12-12-a-les-16.39.01_1e8d77e2.jpg'><img loading=\"lazy\" decoding=\"async\" width=\"300\" height=\"225\" src=\"https:\/\/serveiseducatius.xtec.cat\/creda-baixllobregat\/wp-content\/uploads\/usu1334\/2024\/12\/Imatge-de-WhatsApp-2024-12-12-a-les-16.39.01_1e8d77e2-300x225.jpg\" class=\"attachment-medium size-medium\" alt=\"\" srcset=\"https:\/\/serveiseducatius.xtec.cat\/creda-baixllobregat\/wp-content\/uploads\/usu1334\/2024\/12\/Imatge-de-WhatsApp-2024-12-12-a-les-16.39.01_1e8d77e2-300x225.jpg 300w, https:\/\/serveiseducatius.xtec.cat\/creda-baixllobregat\/wp-content\/uploads\/usu1334\/2024\/12\/Imatge-de-WhatsApp-2024-12-12-a-les-16.39.01_1e8d77e2-1024x768.jpg 1024w, https:\/\/serveiseducatius.xtec.cat\/creda-baixllobregat\/wp-content\/uploads\/usu1334\/2024\/12\/Imatge-de-WhatsApp-2024-12-12-a-les-16.39.01_1e8d77e2-768x576.jpg 768w, https:\/\/serveiseducatius.xtec.cat\/creda-baixllobregat\/wp-content\/uploads\/usu1334\/2024\/12\/Imatge-de-WhatsApp-2024-12-12-a-les-16.39.01_1e8d77e2-1536x1152.jpg 1536w, https:\/\/serveiseducatius.xtec.cat\/creda-baixllobregat\/wp-content\/uploads\/usu1334\/2024\/12\/Imatge-de-WhatsApp-2024-12-12-a-les-16.39.01_1e8d77e2-200x150.jpg 200w, https:\/\/serveiseducatius.xtec.cat\/creda-baixllobregat\/wp-content\/uploads\/usu1334\/2024\/12\/Imatge-de-WhatsApp-2024-12-12-a-les-16.39.01_1e8d77e2.jpg 2048w\" sizes=\"auto, (max-width: 300px) 100vw, 300px\" \/><\/a>\n\t\t\t<\/div><\/figure><figure class='gallery-item'>\n\t\t\t<div class='gallery-icon landscape'>\n\t\t\t\t<a href='https:\/\/serveiseducatius.xtec.cat\/creda-baixllobregat\/wp-content\/uploads\/usu1334\/2024\/12\/Imatge-de-WhatsApp-2024-12-12-a-les-16.39.01_521bce7b.jpg'><img loading=\"lazy\" decoding=\"async\" width=\"300\" height=\"225\" src=\"https:\/\/serveiseducatius.xtec.cat\/creda-baixllobregat\/wp-content\/uploads\/usu1334\/2024\/12\/Imatge-de-WhatsApp-2024-12-12-a-les-16.39.01_521bce7b-300x225.jpg\" class=\"attachment-medium size-medium\" alt=\"\" srcset=\"https:\/\/serveiseducatius.xtec.cat\/creda-baixllobregat\/wp-content\/uploads\/usu1334\/2024\/12\/Imatge-de-WhatsApp-2024-12-12-a-les-16.39.01_521bce7b-300x225.jpg 300w, https:\/\/serveiseducatius.xtec.cat\/creda-baixllobregat\/wp-content\/uploads\/usu1334\/2024\/12\/Imatge-de-WhatsApp-2024-12-12-a-les-16.39.01_521bce7b-1024x768.jpg 1024w, https:\/\/serveiseducatius.xtec.cat\/creda-baixllobregat\/wp-content\/uploads\/usu1334\/2024\/12\/Imatge-de-WhatsApp-2024-12-12-a-les-16.39.01_521bce7b-768x576.jpg 768w, https:\/\/serveiseducatius.xtec.cat\/creda-baixllobregat\/wp-content\/uploads\/usu1334\/2024\/12\/Imatge-de-WhatsApp-2024-12-12-a-les-16.39.01_521bce7b-1536x1152.jpg 1536w, https:\/\/serveiseducatius.xtec.cat\/creda-baixllobregat\/wp-content\/uploads\/usu1334\/2024\/12\/Imatge-de-WhatsApp-2024-12-12-a-les-16.39.01_521bce7b-200x150.jpg 200w, https:\/\/serveiseducatius.xtec.cat\/creda-baixllobregat\/wp-content\/uploads\/usu1334\/2024\/12\/Imatge-de-WhatsApp-2024-12-12-a-les-16.39.01_521bce7b.jpg 2048w\" sizes=\"auto, (max-width: 300px) 100vw, 300px\" \/><\/a>\n\t\t\t<\/div><\/figure><figure class='gallery-item'>\n\t\t\t<div class='gallery-icon landscape'>\n\t\t\t\t<a href='https:\/\/serveiseducatius.xtec.cat\/creda-baixllobregat\/wp-content\/uploads\/usu1334\/2024\/12\/Imatge-de-WhatsApp-2024-12-12-a-les-16.39.01_bc3b41f7.jpg'><img loading=\"lazy\" decoding=\"async\" width=\"300\" height=\"225\" src=\"https:\/\/serveiseducatius.xtec.cat\/creda-baixllobregat\/wp-content\/uploads\/usu1334\/2024\/12\/Imatge-de-WhatsApp-2024-12-12-a-les-16.39.01_bc3b41f7-300x225.jpg\" class=\"attachment-medium size-medium\" alt=\"\" srcset=\"https:\/\/serveiseducatius.xtec.cat\/creda-baixllobregat\/wp-content\/uploads\/usu1334\/2024\/12\/Imatge-de-WhatsApp-2024-12-12-a-les-16.39.01_bc3b41f7-300x225.jpg 300w, https:\/\/serveiseducatius.xtec.cat\/creda-baixllobregat\/wp-content\/uploads\/usu1334\/2024\/12\/Imatge-de-WhatsApp-2024-12-12-a-les-16.39.01_bc3b41f7-1024x768.jpg 1024w, https:\/\/serveiseducatius.xtec.cat\/creda-baixllobregat\/wp-content\/uploads\/usu1334\/2024\/12\/Imatge-de-WhatsApp-2024-12-12-a-les-16.39.01_bc3b41f7-768x576.jpg 768w, https:\/\/serveiseducatius.xtec.cat\/creda-baixllobregat\/wp-content\/uploads\/usu1334\/2024\/12\/Imatge-de-WhatsApp-2024-12-12-a-les-16.39.01_bc3b41f7-1536x1152.jpg 1536w, https:\/\/serveiseducatius.xtec.cat\/creda-baixllobregat\/wp-content\/uploads\/usu1334\/2024\/12\/Imatge-de-WhatsApp-2024-12-12-a-les-16.39.01_bc3b41f7-200x150.jpg 200w, https:\/\/serveiseducatius.xtec.cat\/creda-baixllobregat\/wp-content\/uploads\/usu1334\/2024\/12\/Imatge-de-WhatsApp-2024-12-12-a-les-16.39.01_bc3b41f7.jpg 2048w\" sizes=\"auto, (max-width: 300px) 100vw, 300px\" \/><\/a>\n\t\t\t<\/div><\/figure><figure class='gallery-item'>\n\t\t\t<div class='gallery-icon portrait'>\n\t\t\t\t<a href='https:\/\/serveiseducatius.xtec.cat\/creda-baixllobregat\/wp-content\/uploads\/usu1334\/2024\/12\/INVISIBLE.jpg'><img loading=\"lazy\" decoding=\"async\" width=\"225\" height=\"300\" src=\"https:\/\/serveiseducatius.xtec.cat\/creda-baixllobregat\/wp-content\/uploads\/usu1334\/2024\/12\/INVISIBLE-225x300.jpg\" class=\"attachment-medium size-medium\" alt=\"\" srcset=\"https:\/\/serveiseducatius.xtec.cat\/creda-baixllobregat\/wp-content\/uploads\/usu1334\/2024\/12\/INVISIBLE-225x300.jpg 225w, https:\/\/serveiseducatius.xtec.cat\/creda-baixllobregat\/wp-content\/uploads\/usu1334\/2024\/12\/INVISIBLE-768x1024.jpg 768w, https:\/\/serveiseducatius.xtec.cat\/creda-baixllobregat\/wp-content\/uploads\/usu1334\/2024\/12\/INVISIBLE-1152x1536.jpg 1152w, https:\/\/serveiseducatius.xtec.cat\/creda-baixllobregat\/wp-content\/uploads\/usu1334\/2024\/12\/INVISIBLE.jpg 1536w\" sizes=\"auto, (max-width: 225px) 100vw, 225px\" \/><\/a>\n\t\t\t<\/div><\/figure><figure class='gallery-item'>\n\t\t\t<div class='gallery-icon portrait'>\n\t\t\t\t<a href='https:\/\/serveiseducatius.xtec.cat\/creda-baixllobregat\/wp-content\/uploads\/usu1334\/2024\/12\/festa-2-scaled.jpg'><img loading=\"lazy\" decoding=\"async\" width=\"225\" height=\"300\" src=\"https:\/\/serveiseducatius.xtec.cat\/creda-baixllobregat\/wp-content\/uploads\/usu1334\/2024\/12\/festa-2-225x300.jpg\" class=\"attachment-medium size-medium\" alt=\"\" srcset=\"https:\/\/serveiseducatius.xtec.cat\/creda-baixllobregat\/wp-content\/uploads\/usu1334\/2024\/12\/festa-2-225x300.jpg 225w, https:\/\/serveiseducatius.xtec.cat\/creda-baixllobregat\/wp-content\/uploads\/usu1334\/2024\/12\/festa-2-768x1024.jpg 768w, https:\/\/serveiseducatius.xtec.cat\/creda-baixllobregat\/wp-content\/uploads\/usu1334\/2024\/12\/festa-2-1152x1536.jpg 1152w, https:\/\/serveiseducatius.xtec.cat\/creda-baixllobregat\/wp-content\/uploads\/usu1334\/2024\/12\/festa-2-1536x2048.jpg 1536w, https:\/\/serveiseducatius.xtec.cat\/creda-baixllobregat\/wp-content\/uploads\/usu1334\/2024\/12\/festa-2-scaled.jpg 1920w\" sizes=\"auto, (max-width: 225px) 100vw, 225px\" \/><\/a>\n\t\t\t<\/div><\/figure><figure class='gallery-item'>\n\t\t\t<div class='gallery-icon portrait'>\n\t\t\t\t<a href='https:\/\/serveiseducatius.xtec.cat\/creda-baixllobregat\/wp-content\/uploads\/usu1334\/2024\/12\/festa-3-scaled.jpg'><img loading=\"lazy\" decoding=\"async\" width=\"225\" height=\"300\" src=\"https:\/\/serveiseducatius.xtec.cat\/creda-baixllobregat\/wp-content\/uploads\/usu1334\/2024\/12\/festa-3-225x300.jpg\" class=\"attachment-medium size-medium\" alt=\"\" srcset=\"https:\/\/serveiseducatius.xtec.cat\/creda-baixllobregat\/wp-content\/uploads\/usu1334\/2024\/12\/festa-3-225x300.jpg 225w, https:\/\/serveiseducatius.xtec.cat\/creda-baixllobregat\/wp-content\/uploads\/usu1334\/2024\/12\/festa-3-768x1024.jpg 768w, https:\/\/serveiseducatius.xtec.cat\/creda-baixllobregat\/wp-content\/uploads\/usu1334\/2024\/12\/festa-3-1152x1536.jpg 1152w, https:\/\/serveiseducatius.xtec.cat\/creda-baixllobregat\/wp-content\/uploads\/usu1334\/2024\/12\/festa-3-1536x2048.jpg 1536w, https:\/\/serveiseducatius.xtec.cat\/creda-baixllobregat\/wp-content\/uploads\/usu1334\/2024\/12\/festa-3-scaled.jpg 1920w\" sizes=\"auto, (max-width: 225px) 100vw, 225px\" \/><\/a>\n\t\t\t<\/div><\/figure><figure class='gallery-item'>\n\t\t\t<div class='gallery-icon portrait'>\n\t\t\t\t<a href='https:\/\/serveiseducatius.xtec.cat\/creda-baixllobregat\/wp-content\/uploads\/usu1334\/2024\/12\/festa1-scaled.jpg'><img loading=\"lazy\" decoding=\"async\" width=\"225\" height=\"300\" src=\"https:\/\/serveiseducatius.xtec.cat\/creda-baixllobregat\/wp-content\/uploads\/usu1334\/2024\/12\/festa1-225x300.jpg\" class=\"attachment-medium size-medium\" alt=\"\" srcset=\"https:\/\/serveiseducatius.xtec.cat\/creda-baixllobregat\/wp-content\/uploads\/usu1334\/2024\/12\/festa1-225x300.jpg 225w, https:\/\/serveiseducatius.xtec.cat\/creda-baixllobregat\/wp-content\/uploads\/usu1334\/2024\/12\/festa1-768x1024.jpg 768w, https:\/\/serveiseducatius.xtec.cat\/creda-baixllobregat\/wp-content\/uploads\/usu1334\/2024\/12\/festa1-1152x1536.jpg 1152w, https:\/\/serveiseducatius.xtec.cat\/creda-baixllobregat\/wp-content\/uploads\/usu1334\/2024\/12\/festa1-1536x2048.jpg 1536w, https:\/\/serveiseducatius.xtec.cat\/creda-baixllobregat\/wp-content\/uploads\/usu1334\/2024\/12\/festa1-scaled.jpg 1920w\" sizes=\"auto, (max-width: 225px) 100vw, 225px\" \/><\/a>\n\t\t\t<\/div><\/figure><figure class='gallery-item'>\n\t\t\t<div class='gallery-icon portrait'>\n\t\t\t\t<a href='https:\/\/serveiseducatius.xtec.cat\/creda-baixllobregat\/wp-content\/uploads\/usu1334\/2024\/12\/festa4-scaled.jpg'><img loading=\"lazy\" decoding=\"async\" width=\"225\" height=\"300\" src=\"https:\/\/serveiseducatius.xtec.cat\/creda-baixllobregat\/wp-content\/uploads\/usu1334\/2024\/12\/festa4-225x300.jpg\" class=\"attachment-medium size-medium\" alt=\"\" srcset=\"https:\/\/serveiseducatius.xtec.cat\/creda-baixllobregat\/wp-content\/uploads\/usu1334\/2024\/12\/festa4-225x300.jpg 225w, https:\/\/serveiseducatius.xtec.cat\/creda-baixllobregat\/wp-content\/uploads\/usu1334\/2024\/12\/festa4-768x1024.jpg 768w, https:\/\/serveiseducatius.xtec.cat\/creda-baixllobregat\/wp-content\/uploads\/usu1334\/2024\/12\/festa4-1152x1536.jpg 1152w, https:\/\/serveiseducatius.xtec.cat\/creda-baixllobregat\/wp-content\/uploads\/usu1334\/2024\/12\/festa4-1536x2048.jpg 1536w, https:\/\/serveiseducatius.xtec.cat\/creda-baixllobregat\/wp-content\/uploads\/usu1334\/2024\/12\/festa4-scaled.jpg 1920w\" sizes=\"auto, (max-width: 225px) 100vw, 225px\" \/><\/a>\n\t\t\t<\/div><\/figure><figure class='gallery-item'>\n\t\t\t<div class='gallery-icon portrait'>\n\t\t\t\t<a href='https:\/\/serveiseducatius.xtec.cat\/creda-baixllobregat\/wp-content\/uploads\/usu1334\/2024\/12\/festa5-scaled.jpg'><img loading=\"lazy\" decoding=\"async\" width=\"225\" height=\"300\" src=\"https:\/\/serveiseducatius.xtec.cat\/creda-baixllobregat\/wp-content\/uploads\/usu1334\/2024\/12\/festa5-225x300.jpg\" class=\"attachment-medium size-medium\" alt=\"\" srcset=\"https:\/\/serveiseducatius.xtec.cat\/creda-baixllobregat\/wp-content\/uploads\/usu1334\/2024\/12\/festa5-225x300.jpg 225w, https:\/\/serveiseducatius.xtec.cat\/creda-baixllobregat\/wp-content\/uploads\/usu1334\/2024\/12\/festa5-768x1024.jpg 768w, https:\/\/serveiseducatius.xtec.cat\/creda-baixllobregat\/wp-content\/uploads\/usu1334\/2024\/12\/festa5-1152x1536.jpg 1152w, https:\/\/serveiseducatius.xtec.cat\/creda-baixllobregat\/wp-content\/uploads\/usu1334\/2024\/12\/festa5-1536x2048.jpg 1536w, https:\/\/serveiseducatius.xtec.cat\/creda-baixllobregat\/wp-content\/uploads\/usu1334\/2024\/12\/festa5-scaled.jpg 1920w\" sizes=\"auto, (max-width: 225px) 100vw, 225px\" \/><\/a>\n\t\t\t<\/div><\/figure><figure class='gallery-item'>\n\t\t\t<div class='gallery-icon portrait'>\n\t\t\t\t<a href='https:\/\/serveiseducatius.xtec.cat\/creda-baixllobregat\/wp-content\/uploads\/usu1334\/2024\/12\/festa6-scaled.jpg'><img loading=\"lazy\" decoding=\"async\" width=\"225\" height=\"300\" src=\"https:\/\/serveiseducatius.xtec.cat\/creda-baixllobregat\/wp-content\/uploads\/usu1334\/2024\/12\/festa6-225x300.jpg\" class=\"attachment-medium size-medium\" alt=\"\" srcset=\"https:\/\/serveiseducatius.xtec.cat\/creda-baixllobregat\/wp-content\/uploads\/usu1334\/2024\/12\/festa6-225x300.jpg 225w, https:\/\/serveiseducatius.xtec.cat\/creda-baixllobregat\/wp-content\/uploads\/usu1334\/2024\/12\/festa6-768x1024.jpg 768w, https:\/\/serveiseducatius.xtec.cat\/creda-baixllobregat\/wp-content\/uploads\/usu1334\/2024\/12\/festa6-1152x1536.jpg 1152w, https:\/\/serveiseducatius.xtec.cat\/creda-baixllobregat\/wp-content\/uploads\/usu1334\/2024\/12\/festa6-1536x2048.jpg 1536w, https:\/\/serveiseducatius.xtec.cat\/creda-baixllobregat\/wp-content\/uploads\/usu1334\/2024\/12\/festa6-scaled.jpg 1920w\" sizes=\"auto, (max-width: 225px) 100vw, 225px\" \/><\/a>\n\t\t\t<\/div><\/figure><figure class='gallery-item'>\n\t\t\t<div class='gallery-icon portrait'>\n\t\t\t\t<a href='https:\/\/serveiseducatius.xtec.cat\/creda-baixllobregat\/wp-content\/uploads\/usu1334\/2024\/12\/Imatge-de-WhatsApp-2024-12-12-a-les-16.38.59_0a8ea62c.jpg'><img loading=\"lazy\" decoding=\"async\" width=\"225\" height=\"300\" src=\"https:\/\/serveiseducatius.xtec.cat\/creda-baixllobregat\/wp-content\/uploads\/usu1334\/2024\/12\/Imatge-de-WhatsApp-2024-12-12-a-les-16.38.59_0a8ea62c-225x300.jpg\" class=\"attachment-medium size-medium\" alt=\"\" srcset=\"https:\/\/serveiseducatius.xtec.cat\/creda-baixllobregat\/wp-content\/uploads\/usu1334\/2024\/12\/Imatge-de-WhatsApp-2024-12-12-a-les-16.38.59_0a8ea62c-225x300.jpg 225w, https:\/\/serveiseducatius.xtec.cat\/creda-baixllobregat\/wp-content\/uploads\/usu1334\/2024\/12\/Imatge-de-WhatsApp-2024-12-12-a-les-16.38.59_0a8ea62c-768x1024.jpg 768w, https:\/\/serveiseducatius.xtec.cat\/creda-baixllobregat\/wp-content\/uploads\/usu1334\/2024\/12\/Imatge-de-WhatsApp-2024-12-12-a-les-16.38.59_0a8ea62c-1152x1536.jpg 1152w, https:\/\/serveiseducatius.xtec.cat\/creda-baixllobregat\/wp-content\/uploads\/usu1334\/2024\/12\/Imatge-de-WhatsApp-2024-12-12-a-les-16.38.59_0a8ea62c.jpg 1536w\" sizes=\"auto, (max-width: 225px) 100vw, 225px\" \/><\/a>\n\t\t\t<\/div><\/figure><figure class='gallery-item'>\n\t\t\t<div class='gallery-icon portrait'>\n\t\t\t\t<a href='https:\/\/serveiseducatius.xtec.cat\/creda-baixllobregat\/wp-content\/uploads\/usu1334\/2024\/12\/Imatge-de-WhatsApp-2024-12-12-a-les-16.38.58_670f602b.jpg'><img loading=\"lazy\" decoding=\"async\" width=\"225\" height=\"300\" src=\"https:\/\/serveiseducatius.xtec.cat\/creda-baixllobregat\/wp-content\/uploads\/usu1334\/2024\/12\/Imatge-de-WhatsApp-2024-12-12-a-les-16.38.58_670f602b-225x300.jpg\" class=\"attachment-medium size-medium\" alt=\"\" srcset=\"https:\/\/serveiseducatius.xtec.cat\/creda-baixllobregat\/wp-content\/uploads\/usu1334\/2024\/12\/Imatge-de-WhatsApp-2024-12-12-a-les-16.38.58_670f602b-225x300.jpg 225w, https:\/\/serveiseducatius.xtec.cat\/creda-baixllobregat\/wp-content\/uploads\/usu1334\/2024\/12\/Imatge-de-WhatsApp-2024-12-12-a-les-16.38.58_670f602b-768x1024.jpg 768w, https:\/\/serveiseducatius.xtec.cat\/creda-baixllobregat\/wp-content\/uploads\/usu1334\/2024\/12\/Imatge-de-WhatsApp-2024-12-12-a-les-16.38.58_670f602b-1152x1536.jpg 1152w, https:\/\/serveiseducatius.xtec.cat\/creda-baixllobregat\/wp-content\/uploads\/usu1334\/2024\/12\/Imatge-de-WhatsApp-2024-12-12-a-les-16.38.58_670f602b.jpg 1536w\" sizes=\"auto, (max-width: 225px) 100vw, 225px\" \/><\/a>\n\t\t\t<\/div><\/figure>\n\t\t<\/div>\n\n<p>&nbsp;<\/p>\n<p>&nbsp;<\/p>\n","protected":false},"excerpt":{"rendered":"<p>El passat 11 de Desembre v\u00e0rem celebrar la tradicional festa de Nadal del CREDA en el Casal de la Gent de Sant Feliu de Llobregat amb gran participaci\u00f3 d&#8217;alumnes i professionals del CREDA i els centres PESAL del Baix Llobregat. Ens v\u00e0rem poder trobar alumnes i professionals en una jornada festiva molt emotiva. V\u00e0rem votar [&hellip;]<\/p>\n","protected":false},"author":8,"featured_media":10126,"comment_status":"closed","ping_status":"closed","sticky":false,"template":"","format":"standard","meta":{"_bbp_topic_count":0,"_bbp_reply_count":0,"_bbp_total_topic_count":0,"_bbp_total_reply_count":0,"_bbp_voice_count":0,"_bbp_anonymous_reply_count":0,"_bbp_topic_count_hidden":0,"_bbp_reply_count_hidden":0,"_bbp_forum_subforum_count":0,"site-sidebar-layout":"default","site-content-layout":"","ast-site-content-layout":"default","site-content-style":"default","site-sidebar-style":"default","ast-global-header-display":"","ast-banner-title-visibility":"","ast-main-header-display":"","ast-hfb-above-header-display":"","ast-hfb-below-header-display":"","ast-hfb-mobile-header-display":"","site-post-title":"","ast-breadcrumbs-content":"","ast-featured-img":"","footer-sml-layout":"","theme-transparent-header-meta":"default","adv-header-id-meta":"","stick-header-meta":"","header-above-stick-meta":"","header-main-stick-meta":"","header-below-stick-meta":"","astra-migrate-meta-layouts":"set","ast-page-background-enabled":"default","ast-page-background-meta":{"desktop":{"background-color":"var(--ast-global-color-4)","background-image":"","background-repeat":"repeat","background-position":"center center","background-size":"auto","background-attachment":"scroll","background-type":"","background-media":"","overlay-type":"","overlay-color":"","overlay-opacity":"","overlay-gradient":""},"tablet":{"background-color":"","background-image":"","background-repeat":"repeat","background-position":"center center","background-size":"auto","background-attachment":"scroll","background-type":"","background-media":"","overlay-type":"","overlay-color":"","overlay-opacity":"","overlay-gradient":""},"mobile":{"background-color":"","background-image":"","background-repeat":"repeat","background-position":"center center","background-size":"auto","background-attachment":"scroll","background-type":"","background-media":"","overlay-type":"","overlay-color":"","overlay-opacity":"","overlay-gradient":""}},"ast-content-background-meta":{"desktop":{"background-color":"var(--ast-global-color-5)","background-image":"","background-repeat":"repeat","background-position":"center center","background-size":"auto","background-attachment":"scroll","background-type":"","background-media":"","overlay-type":"","overlay-color":"","overlay-opacity":"","overlay-gradient":""},"tablet":{"background-color":"var(--ast-global-color-5)","background-image":"","background-repeat":"repeat","background-position":"center center","background-size":"auto","background-attachment":"scroll","background-type":"","background-media":"","overlay-type":"","overlay-color":"","overlay-opacity":"","overlay-gradient":""},"mobile":{"background-color":"var(--ast-global-color-5)","background-image":"","background-repeat":"repeat","background-position":"center center","background-size":"auto","background-attachment":"scroll","background-type":"","background-media":"","overlay-type":"","overlay-color":"","overlay-opacity":"","overlay-gradient":""}},"footnotes":""},"categories":[271,1,273],"tags":[329],"class_list":["post-10116","post","type-post","status-publish","format-standard","has-post-thumbnail","hentry","category-families","category-general","category-portada","tag-festa-nadal"],"post_mailing_queue_ids":[],"_links":{"self":[{"href":"https:\/\/serveiseducatius.xtec.cat\/creda-baixllobregat\/wp-json\/wp\/v2\/posts\/10116","targetHints":{"allow":["GET"]}}],"collection":[{"href":"https:\/\/serveiseducatius.xtec.cat\/creda-baixllobregat\/wp-json\/wp\/v2\/posts"}],"about":[{"href":"https:\/\/serveiseducatius.xtec.cat\/creda-baixllobregat\/wp-json\/wp\/v2\/types\/post"}],"author":[{"embeddable":true,"href":"https:\/\/serveiseducatius.xtec.cat\/creda-baixllobregat\/wp-json\/wp\/v2\/users\/8"}],"replies":[{"embeddable":true,"href":"https:\/\/serveiseducatius.xtec.cat\/creda-baixllobregat\/wp-json\/wp\/v2\/comments?post=10116"}],"version-history":[{"count":6,"href":"https:\/\/serveiseducatius.xtec.cat\/creda-baixllobregat\/wp-json\/wp\/v2\/posts\/10116\/revisions"}],"predecessor-version":[{"id":10140,"href":"https:\/\/serveiseducatius.xtec.cat\/creda-baixllobregat\/wp-json\/wp\/v2\/posts\/10116\/revisions\/10140"}],"wp:featuredmedia":[{"embeddable":true,"href":"https:\/\/serveiseducatius.xtec.cat\/creda-baixllobregat\/wp-json\/wp\/v2\/media\/10126"}],"wp:attachment":[{"href":"https:\/\/serveiseducatius.xtec.cat\/creda-baixllobregat\/wp-json\/wp\/v2\/media?parent=10116"}],"wp:term":[{"taxonomy":"category","embeddable":true,"href":"https:\/\/serveiseducatius.xtec.cat\/creda-baixllobregat\/wp-json\/wp\/v2\/categories?post=10116"},{"taxonomy":"post_tag","embeddable":true,"href":"https:\/\/serveiseducatius.xtec.cat\/creda-baixllobregat\/wp-json\/wp\/v2\/tags?post=10116"}],"curies":[{"name":"wp","href":"https:\/\/api.w.org\/{rel}","templated":true}]}}