{"id":9905,"date":"2019-09-25T10:54:31","date_gmt":"2019-09-25T08:54:31","guid":{"rendered":"http:\/\/serveiseducatius.xtec.cat\/conca\/?p=9905"},"modified":"2019-09-25T10:54:31","modified_gmt":"2019-09-25T08:54:31","slug":"xvi-jornada-desenyament-de-les-matematiques","status":"publish","type":"post","link":"https:\/\/serveiseducatius.xtec.cat\/conca\/portada\/xvi-jornada-desenyament-de-les-matematiques\/","title":{"rendered":"XVI Jornada d&#8217;Esenyament de les Matem\u00e0tiques"},"content":{"rendered":"<p>Amb el t\u00edtol &#8220;Estem fent mates i m\u00e9s. Les matem\u00e0tiques als projectes, l&#8217;STEAM i altres&#8221; es realitza la XVI Jornada d&#8217;Ensenyament de les Matem\u00e0tiques a Barcelona -Institut d\u2019Estudis Catalans-, el 28 de setembre.<\/p>\n<p>Ambients, treball per projectes o steam s\u00f3n paraules que s\u2019escolten dia a dia. Des de l\u2019avaluaci\u00f3 fins als continguts que proposa el curr\u00edculum, tot est\u00e0 impregnat d\u2019aquestes idees. En aquesta jornada s\u2019abordaran q\u00fcestions com ensenyar matem\u00e0tiques per abordar la realitat, quin paper tenen les matem\u00e0tiques dins d\u2019aquest tipus de propostes o com es construeix el coneixement matem\u00e0tic amb aquestes tasques.<\/p>\n<p><a href=\"https:\/\/docs.google.com\/forms\/d\/e\/1FAIpQLScFD8mrQJoRdGMDHXgCMsVZQ49LOKL9HrsBPRdSB4eCOohQaA\/viewform?pli=1\" target=\"_blank\" rel=\"noopener noreferrer\">Inscripci\u00f3<\/a><\/p>\n<p><a href=\"https:\/\/serveiseducatius.xtec.cat\/conca\/wp-content\/uploads\/usu1131\/2019\/09\/XVI-jornada-edu-matematica.jpg_1637373458.jpg\"><img loading=\"lazy\" decoding=\"async\" class=\"alignnone size-medium wp-image-9906\" src=\"https:\/\/serveiseducatius.xtec.cat\/conca\/wp-content\/uploads\/usu1131\/2019\/09\/XVI-jornada-edu-matematica.jpg_1637373458-300x201.jpg\" alt=\"\" width=\"300\" height=\"201\" srcset=\"https:\/\/serveiseducatius.xtec.cat\/conca\/wp-content\/uploads\/usu1131\/2019\/09\/XVI-jornada-edu-matematica.jpg_1637373458-300x201.jpg 300w, https:\/\/serveiseducatius.xtec.cat\/conca\/wp-content\/uploads\/usu1131\/2019\/09\/XVI-jornada-edu-matematica.jpg_1637373458.jpg 410w\" sizes=\"auto, (max-width: 300px) 100vw, 300px\" \/><\/a><\/p>\n","protected":false},"excerpt":{"rendered":"<p>Amb el t\u00edtol &#8220;Estem fent mates i m\u00e9s. Les matem\u00e0tiques als projectes, l&#8217;STEAM i altres&#8221; es realitza la XVI Jornada d&#8217;Ensenyament de les Matem\u00e0tiques a Barcelona -Institut d\u2019Estudis Catalans-, el 28 de setembre. Ambients, treball per projectes o steam s\u00f3n paraules que s\u2019escolten dia a dia. Des de l\u2019avaluaci\u00f3 fins als continguts que proposa el [&hellip;]<\/p>\n","protected":false},"author":1,"featured_media":9906,"comment_status":"open","ping_status":"closed","sticky":false,"template":"","format":"standard","meta":{"_bbp_topic_count":0,"_bbp_reply_count":0,"_bbp_total_topic_count":0,"_bbp_total_reply_count":0,"_bbp_voice_count":0,"_bbp_anonymous_reply_count":0,"_bbp_topic_count_hidden":0,"_bbp_reply_count_hidden":0,"_bbp_forum_subforum_count":0,"site-sidebar-layout":"default","site-content-layout":"","ast-site-content-layout":"","site-content-style":"default","site-sidebar-style":"default","ast-global-header-display":"","ast-banner-title-visibility":"","ast-main-header-display":"","ast-hfb-above-header-display":"","ast-hfb-below-header-display":"","ast-hfb-mobile-header-display":"","site-post-title":"","ast-breadcrumbs-content":"","ast-featured-img":"","footer-sml-layout":"","theme-transparent-header-meta":"","adv-header-id-meta":"","stick-header-meta":"","header-above-stick-meta":"","header-main-stick-meta":"","header-below-stick-meta":"","astra-migrate-meta-layouts":"default","ast-page-background-enabled":"default","ast-page-background-meta":{"desktop":{"background-color":"var(--ast-global-color-4)","background-image":"","background-repeat":"repeat","background-position":"center center","background-size":"auto","background-attachment":"scroll","background-type":"","background-media":"","overlay-type":"","overlay-color":"","overlay-opacity":"","overlay-gradient":""},"tablet":{"background-color":"","background-image":"","background-repeat":"repeat","background-position":"center center","background-size":"auto","background-attachment":"scroll","background-type":"","background-media":"","overlay-type":"","overlay-color":"","overlay-opacity":"","overlay-gradient":""},"mobile":{"background-color":"","background-image":"","background-repeat":"repeat","background-position":"center center","background-size":"auto","background-attachment":"scroll","background-type":"","background-media":"","overlay-type":"","overlay-color":"","overlay-opacity":"","overlay-gradient":""}},"ast-content-background-meta":{"desktop":{"background-color":"var(--ast-global-color-5)","background-image":"","background-repeat":"repeat","background-position":"center center","background-size":"auto","background-attachment":"scroll","background-type":"","background-media":"","overlay-type":"","overlay-color":"","overlay-opacity":"","overlay-gradient":""},"tablet":{"background-color":"var(--ast-global-color-5)","background-image":"","background-repeat":"repeat","background-position":"center center","background-size":"auto","background-attachment":"scroll","background-type":"","background-media":"","overlay-type":"","overlay-color":"","overlay-opacity":"","overlay-gradient":""},"mobile":{"background-color":"var(--ast-global-color-5)","background-image":"","background-repeat":"repeat","background-position":"center center","background-size":"auto","background-attachment":"scroll","background-type":"","background-media":"","overlay-type":"","overlay-color":"","overlay-opacity":"","overlay-gradient":""}},"footnotes":""},"categories":[235,29],"tags":[],"class_list":["post-9905","post","type-post","status-publish","format-standard","has-post-thumbnail","hentry","category-formacio_ins","category-portada"],"post_mailing_queue_ids":[],"_links":{"self":[{"href":"https:\/\/serveiseducatius.xtec.cat\/conca\/wp-json\/wp\/v2\/posts\/9905","targetHints":{"allow":["GET"]}}],"collection":[{"href":"https:\/\/serveiseducatius.xtec.cat\/conca\/wp-json\/wp\/v2\/posts"}],"about":[{"href":"https:\/\/serveiseducatius.xtec.cat\/conca\/wp-json\/wp\/v2\/types\/post"}],"author":[{"embeddable":true,"href":"https:\/\/serveiseducatius.xtec.cat\/conca\/wp-json\/wp\/v2\/users\/1"}],"replies":[{"embeddable":true,"href":"https:\/\/serveiseducatius.xtec.cat\/conca\/wp-json\/wp\/v2\/comments?post=9905"}],"version-history":[{"count":1,"href":"https:\/\/serveiseducatius.xtec.cat\/conca\/wp-json\/wp\/v2\/posts\/9905\/revisions"}],"predecessor-version":[{"id":9907,"href":"https:\/\/serveiseducatius.xtec.cat\/conca\/wp-json\/wp\/v2\/posts\/9905\/revisions\/9907"}],"wp:featuredmedia":[{"embeddable":true,"href":"https:\/\/serveiseducatius.xtec.cat\/conca\/wp-json\/wp\/v2\/media\/9906"}],"wp:attachment":[{"href":"https:\/\/serveiseducatius.xtec.cat\/conca\/wp-json\/wp\/v2\/media?parent=9905"}],"wp:term":[{"taxonomy":"category","embeddable":true,"href":"https:\/\/serveiseducatius.xtec.cat\/conca\/wp-json\/wp\/v2\/categories?post=9905"},{"taxonomy":"post_tag","embeddable":true,"href":"https:\/\/serveiseducatius.xtec.cat\/conca\/wp-json\/wp\/v2\/tags?post=9905"}],"curies":[{"name":"wp","href":"https:\/\/api.w.org\/{rel}","templated":true}]}}