{"id":9891,"date":"2019-09-16T17:08:22","date_gmt":"2019-09-16T15:08:22","guid":{"rendered":"http:\/\/serveiseducatius.xtec.cat\/conca\/?p=9891"},"modified":"2019-09-16T17:08:22","modified_gmt":"2019-09-16T15:08:22","slug":"escacs-a-lescola","status":"publish","type":"post","link":"https:\/\/serveiseducatius.xtec.cat\/conca\/portada\/escacs-a-lescola\/","title":{"rendered":"Escacs a l&#8217;escola"},"content":{"rendered":"<div>Un any m\u00e9s, des del Programa Escacs a l&#8217;Escola s&#8217;ofereix diferents cursos de formaci\u00f3 per als mestres i professors amb la finalitat de donar a con\u00e8ixer els escacs com a eina educativa i com es poden utilitzar a les aules d&#8217;una forma transversal.<\/div>\n<div><\/div>\n<div><\/div>\n<div>Podeu inscriure-us a les activitats a la p\u00e0gina de la xtec, fins el 27 de setembre. Si poseu la paraula &#8220;escacs&#8221; al cercador us sortir\u00e0 tota l&#8217;oferta de cursos.<\/div>\n<p><a href=\"https:\/\/serveiseducatius.xtec.cat\/conca\/wp-content\/uploads\/usu1131\/2019\/09\/Escacs-a-lescola.jpeg\"><img loading=\"lazy\" decoding=\"async\" class=\"alignnone size-medium wp-image-9892\" src=\"https:\/\/serveiseducatius.xtec.cat\/conca\/wp-content\/uploads\/usu1131\/2019\/09\/Escacs-a-lescola-300x225.jpeg\" alt=\"\" width=\"300\" height=\"225\" \/><\/a><\/p>\n<p>Formaci\u00f3 de mestres i professors &#8211; Curs 2019\/20<br \/>\nServeis Territorials: Tarragona<\/p>\n<p><strong>Escacs a l\u2019Escola 1<\/strong><br \/>\n\u25cf EL VENDRELL &#8211; 17 d&#8217;octubre, 7 i 28 de novembre, 16 i 30 de gener<br \/>\n\u25cf TARRAGONA &#8211; 10 i 24 d\u2019octubre, 14 i 28 de novembre, 16 de gener<br \/>\n\u25cf REUS &#8211; 14 i 28 d\u2019octubre, 11 i 25 de novembre, 20 de gener<br \/>\n<strong>Escacs a l\u2019Escola 2<\/strong><br \/>\n\u25cf VALLS &#8211; 15 i 29 octubre, 12 i 26 novembre, 14 gener<br \/>\n\u25cf ULLDEMOLINS &#8211; 9 de novembre i 18 gener<br \/>\n\u25cf REUS &#8211; dates a determinar (2n quadrimestre)<br \/>\n<strong>Escacs a l\u2019Escola 3<\/strong><br \/>\n\u25cf VILA-SECA &#8211; 17 d\u2019octubre, 7 i 21 de novembre, 12 de desembre i 23 de gener<br \/>\n<strong>M\u00e9s Escacs<\/strong><br \/>\n\u25cf MONTBLANC &#8211; 14 oct, 13 i 27 gener, 10 febrer i 9 mar\u00e7<br \/>\n\u25cf REUS &#8211; dates a determinar (2n quadrimestre)<\/p>\n","protected":false},"excerpt":{"rendered":"<p>Un any m\u00e9s, des del Programa Escacs a l&#8217;Escola s&#8217;ofereix diferents cursos de formaci\u00f3 per als mestres i professors amb la finalitat de donar a con\u00e8ixer els escacs com a eina educativa i com es poden utilitzar a les aules d&#8217;una forma transversal. Podeu inscriure-us a les activitats a la p\u00e0gina de la xtec, fins [&hellip;]<\/p>\n","protected":false},"author":1,"featured_media":0,"comment_status":"open","ping_status":"closed","sticky":false,"template":"","format":"standard","meta":{"_bbp_topic_count":0,"_bbp_reply_count":0,"_bbp_total_topic_count":0,"_bbp_total_reply_count":0,"_bbp_voice_count":0,"_bbp_anonymous_reply_count":0,"_bbp_topic_count_hidden":0,"_bbp_reply_count_hidden":0,"_bbp_forum_subforum_count":0,"site-sidebar-layout":"default","site-content-layout":"","ast-site-content-layout":"","site-content-style":"default","site-sidebar-style":"default","ast-global-header-display":"","ast-banner-title-visibility":"","ast-main-header-display":"","ast-hfb-above-header-display":"","ast-hfb-below-header-display":"","ast-hfb-mobile-header-display":"","site-post-title":"","ast-breadcrumbs-content":"","ast-featured-img":"","footer-sml-layout":"","theme-transparent-header-meta":"","adv-header-id-meta":"","stick-header-meta":"","header-above-stick-meta":"","header-main-stick-meta":"","header-below-stick-meta":"","astra-migrate-meta-layouts":"default","ast-page-background-enabled":"default","ast-page-background-meta":{"desktop":{"background-color":"var(--ast-global-color-4)","background-image":"","background-repeat":"repeat","background-position":"center center","background-size":"auto","background-attachment":"scroll","background-type":"","background-media":"","overlay-type":"","overlay-color":"","overlay-opacity":"","overlay-gradient":""},"tablet":{"background-color":"","background-image":"","background-repeat":"repeat","background-position":"center center","background-size":"auto","background-attachment":"scroll","background-type":"","background-media":"","overlay-type":"","overlay-color":"","overlay-opacity":"","overlay-gradient":""},"mobile":{"background-color":"","background-image":"","background-repeat":"repeat","background-position":"center center","background-size":"auto","background-attachment":"scroll","background-type":"","background-media":"","overlay-type":"","overlay-color":"","overlay-opacity":"","overlay-gradient":""}},"ast-content-background-meta":{"desktop":{"background-color":"var(--ast-global-color-5)","background-image":"","background-repeat":"repeat","background-position":"center center","background-size":"auto","background-attachment":"scroll","background-type":"","background-media":"","overlay-type":"","overlay-color":"","overlay-opacity":"","overlay-gradient":""},"tablet":{"background-color":"var(--ast-global-color-5)","background-image":"","background-repeat":"repeat","background-position":"center center","background-size":"auto","background-attachment":"scroll","background-type":"","background-media":"","overlay-type":"","overlay-color":"","overlay-opacity":"","overlay-gradient":""},"mobile":{"background-color":"var(--ast-global-color-5)","background-image":"","background-repeat":"repeat","background-position":"center center","background-size":"auto","background-attachment":"scroll","background-type":"","background-media":"","overlay-type":"","overlay-color":"","overlay-opacity":"","overlay-gradient":""}},"footnotes":""},"categories":[153,29],"tags":[428,215,183],"class_list":["post-9891","post","type-post","status-publish","format-standard","hentry","category-pfz","category-portada","tag-escacs","tag-formacio-permanent-del-professorat","tag-matematica"],"post_mailing_queue_ids":[],"_links":{"self":[{"href":"https:\/\/serveiseducatius.xtec.cat\/conca\/wp-json\/wp\/v2\/posts\/9891","targetHints":{"allow":["GET"]}}],"collection":[{"href":"https:\/\/serveiseducatius.xtec.cat\/conca\/wp-json\/wp\/v2\/posts"}],"about":[{"href":"https:\/\/serveiseducatius.xtec.cat\/conca\/wp-json\/wp\/v2\/types\/post"}],"author":[{"embeddable":true,"href":"https:\/\/serveiseducatius.xtec.cat\/conca\/wp-json\/wp\/v2\/users\/1"}],"replies":[{"embeddable":true,"href":"https:\/\/serveiseducatius.xtec.cat\/conca\/wp-json\/wp\/v2\/comments?post=9891"}],"version-history":[{"count":2,"href":"https:\/\/serveiseducatius.xtec.cat\/conca\/wp-json\/wp\/v2\/posts\/9891\/revisions"}],"predecessor-version":[{"id":9894,"href":"https:\/\/serveiseducatius.xtec.cat\/conca\/wp-json\/wp\/v2\/posts\/9891\/revisions\/9894"}],"wp:attachment":[{"href":"https:\/\/serveiseducatius.xtec.cat\/conca\/wp-json\/wp\/v2\/media?parent=9891"}],"wp:term":[{"taxonomy":"category","embeddable":true,"href":"https:\/\/serveiseducatius.xtec.cat\/conca\/wp-json\/wp\/v2\/categories?post=9891"},{"taxonomy":"post_tag","embeddable":true,"href":"https:\/\/serveiseducatius.xtec.cat\/conca\/wp-json\/wp\/v2\/tags?post=9891"}],"curies":[{"name":"wp","href":"https:\/\/api.w.org\/{rel}","templated":true}]}}