{"id":9717,"date":"2019-04-26T14:09:57","date_gmt":"2019-04-26T12:09:57","guid":{"rendered":"http:\/\/serveiseducatius.xtec.cat\/conca\/?p=9717"},"modified":"2019-04-27T10:06:02","modified_gmt":"2019-04-27T08:06:02","slug":"assaig-general-de-la-cantata","status":"publish","type":"post","link":"https:\/\/serveiseducatius.xtec.cat\/conca\/portada\/assaig-general-de-la-cantata\/","title":{"rendered":"Assaig general de la Cantata"},"content":{"rendered":"<p>Avui 26 d&#8217;abril s&#8217;ha realitzat l&#8217;assaig general de &#8220;La llegenda de la princesa i Sant Jordi&#8221; amb els alumnes de cicle mitj\u00e0 de prim\u00e0ria de totes les escoles de la Conca de Barber\u00e0. \u00c9s la setena edici\u00f3 de les trobades musicals &#8220;Cantem junts&#8221; que es realitza a la nostra comarca. Aquest any la seva estrena ha coincidit amb la XXXII edici\u00f3 de la Setmana Medieval i ha estat un dels actes inclosos en el programa de l&#8217;Associaci\u00f3 Medieval de la Llegenda de Sant Jordi d&#8217;enguany.<\/p>\n<p>Aquestes trobades es realitzen cada dos anys i en el mateix cicle per garantir que tot l&#8217;alumnat de la comarca pugui viure en primera persona aquesta experi\u00e8ncia musical.<\/p>\n<p><img loading=\"lazy\" decoding=\"async\" class=\"size-medium wp-image-9720 alignleft\" src=\"https:\/\/serveiseducatius.xtec.cat\/conca\/wp-content\/uploads\/usu1131\/2019\/04\/IMG_20190426_135912-300x148.jpg\" alt=\"\" width=\"300\" height=\"148\" srcset=\"https:\/\/serveiseducatius.xtec.cat\/conca\/wp-content\/uploads\/usu1131\/2019\/04\/IMG_20190426_135912-300x148.jpg 300w, https:\/\/serveiseducatius.xtec.cat\/conca\/wp-content\/uploads\/usu1131\/2019\/04\/IMG_20190426_135912-768x379.jpg 768w, https:\/\/serveiseducatius.xtec.cat\/conca\/wp-content\/uploads\/usu1131\/2019\/04\/IMG_20190426_135912-1024x505.jpg 1024w\" sizes=\"auto, (max-width: 300px) 100vw, 300px\" \/><\/p>\n<p>La veu cantant la porten les mestres de m\u00fasica de les escoles de la Conca juntament amb el CRP. Tamb\u00e9 hi col\u00b7laboren altres persones, institucions, entitats, empreses i col\u00b7laboradors. Gr\u00e0cies a tots ells!!\u00a0<a class=\"twitter-atreply pretty-link js-nav\" dir=\"ltr\" href=\"https:\/\/twitter.com\/ConsellConca\" data-mentioned-user-id=\"1248225984\"><s>@<\/s><b>ConsellConca<\/b><\/a> <a class=\"twitter-atreply pretty-link js-nav\" dir=\"ltr\" href=\"https:\/\/twitter.com\/ajmontblanc\" data-mentioned-user-id=\"259636632\"><s>@<\/s><b>ajmontblanc<\/b><\/a> <a class=\"twitter-atreply pretty-link js-nav\" dir=\"ltr\" href=\"https:\/\/twitter.com\/setmanamedieval\" data-mentioned-user-id=\"99902386\"><s>@<\/s><b>setmanamedieval<\/b><\/a> <a class=\"twitter-atreply pretty-link js-nav\" dir=\"ltr\" href=\"https:\/\/twitter.com\/LaMuscaCat\" data-mentioned-user-id=\"2347396938\"><s>@<\/s><b>LaMuscaCat<\/b><\/a> <a class=\"twitter-atreply pretty-link js-nav\" dir=\"ltr\" href=\"https:\/\/twitter.com\/MasForaster\" data-mentioned-user-id=\"1650037963\"><s>@<\/s><b>MasForaster<\/b><\/a> <a class=\"twitter-atreply pretty-link js-nav\" dir=\"ltr\" href=\"https:\/\/twitter.com\/cpnlcat\" data-mentioned-user-id=\"80536908\"><s>@<\/s><b>cpnlcat<\/b><\/a> i AMPA dels centres participants.<\/p>\n<p>&nbsp;<\/p>\n","protected":false},"excerpt":{"rendered":"<p>Avui 26 d&#8217;abril s&#8217;ha realitzat l&#8217;assaig general de &#8220;La llegenda de la princesa i Sant Jordi&#8221; amb els alumnes de cicle mitj\u00e0 de prim\u00e0ria de totes les escoles de la Conca de Barber\u00e0. \u00c9s la setena edici\u00f3 de les trobades musicals &#8220;Cantem junts&#8221; que es realitza a la nostra comarca. Aquest any la seva estrena [&hellip;]<\/p>\n","protected":false},"author":1,"featured_media":9720,"comment_status":"open","ping_status":"closed","sticky":false,"template":"","format":"standard","meta":{"_bbp_topic_count":0,"_bbp_reply_count":0,"_bbp_total_topic_count":0,"_bbp_total_reply_count":0,"_bbp_voice_count":0,"_bbp_anonymous_reply_count":0,"_bbp_topic_count_hidden":0,"_bbp_reply_count_hidden":0,"_bbp_forum_subforum_count":0,"site-sidebar-layout":"default","site-content-layout":"","ast-site-content-layout":"","site-content-style":"default","site-sidebar-style":"default","ast-global-header-display":"","ast-banner-title-visibility":"","ast-main-header-display":"","ast-hfb-above-header-display":"","ast-hfb-below-header-display":"","ast-hfb-mobile-header-display":"","site-post-title":"","ast-breadcrumbs-content":"","ast-featured-img":"","footer-sml-layout":"","theme-transparent-header-meta":"","adv-header-id-meta":"","stick-header-meta":"","header-above-stick-meta":"","header-main-stick-meta":"","header-below-stick-meta":"","astra-migrate-meta-layouts":"default","ast-page-background-enabled":"default","ast-page-background-meta":{"desktop":{"background-color":"var(--ast-global-color-4)","background-image":"","background-repeat":"repeat","background-position":"center center","background-size":"auto","background-attachment":"scroll","background-type":"","background-media":"","overlay-type":"","overlay-color":"","overlay-opacity":"","overlay-gradient":""},"tablet":{"background-color":"","background-image":"","background-repeat":"repeat","background-position":"center center","background-size":"auto","background-attachment":"scroll","background-type":"","background-media":"","overlay-type":"","overlay-color":"","overlay-opacity":"","overlay-gradient":""},"mobile":{"background-color":"","background-image":"","background-repeat":"repeat","background-position":"center center","background-size":"auto","background-attachment":"scroll","background-type":"","background-media":"","overlay-type":"","overlay-color":"","overlay-opacity":"","overlay-gradient":""}},"ast-content-background-meta":{"desktop":{"background-color":"var(--ast-global-color-5)","background-image":"","background-repeat":"repeat","background-position":"center center","background-size":"auto","background-attachment":"scroll","background-type":"","background-media":"","overlay-type":"","overlay-color":"","overlay-opacity":"","overlay-gradient":""},"tablet":{"background-color":"var(--ast-global-color-5)","background-image":"","background-repeat":"repeat","background-position":"center center","background-size":"auto","background-attachment":"scroll","background-type":"","background-media":"","overlay-type":"","overlay-color":"","overlay-opacity":"","overlay-gradient":""},"mobile":{"background-color":"var(--ast-global-color-5)","background-image":"","background-repeat":"repeat","background-position":"center center","background-size":"auto","background-attachment":"scroll","background-type":"","background-media":"","overlay-type":"","overlay-color":"","overlay-opacity":"","overlay-gradient":""}},"footnotes":""},"categories":[440,29],"tags":[467,172,301],"class_list":["post-9717","post","type-post","status-publish","format-standard","has-post-thumbnail","hentry","category-cantata","category-portada","tag-cantat","tag-educacio-primaria","tag-musica"],"post_mailing_queue_ids":[],"_links":{"self":[{"href":"https:\/\/serveiseducatius.xtec.cat\/conca\/wp-json\/wp\/v2\/posts\/9717","targetHints":{"allow":["GET"]}}],"collection":[{"href":"https:\/\/serveiseducatius.xtec.cat\/conca\/wp-json\/wp\/v2\/posts"}],"about":[{"href":"https:\/\/serveiseducatius.xtec.cat\/conca\/wp-json\/wp\/v2\/types\/post"}],"author":[{"embeddable":true,"href":"https:\/\/serveiseducatius.xtec.cat\/conca\/wp-json\/wp\/v2\/users\/1"}],"replies":[{"embeddable":true,"href":"https:\/\/serveiseducatius.xtec.cat\/conca\/wp-json\/wp\/v2\/comments?post=9717"}],"version-history":[{"count":3,"href":"https:\/\/serveiseducatius.xtec.cat\/conca\/wp-json\/wp\/v2\/posts\/9717\/revisions"}],"predecessor-version":[{"id":9723,"href":"https:\/\/serveiseducatius.xtec.cat\/conca\/wp-json\/wp\/v2\/posts\/9717\/revisions\/9723"}],"wp:featuredmedia":[{"embeddable":true,"href":"https:\/\/serveiseducatius.xtec.cat\/conca\/wp-json\/wp\/v2\/media\/9720"}],"wp:attachment":[{"href":"https:\/\/serveiseducatius.xtec.cat\/conca\/wp-json\/wp\/v2\/media?parent=9717"}],"wp:term":[{"taxonomy":"category","embeddable":true,"href":"https:\/\/serveiseducatius.xtec.cat\/conca\/wp-json\/wp\/v2\/categories?post=9717"},{"taxonomy":"post_tag","embeddable":true,"href":"https:\/\/serveiseducatius.xtec.cat\/conca\/wp-json\/wp\/v2\/tags?post=9717"}],"curies":[{"name":"wp","href":"https:\/\/api.w.org\/{rel}","templated":true}]}}