{"id":9634,"date":"2019-03-13T12:47:59","date_gmt":"2019-03-13T11:47:59","guid":{"rendered":"http:\/\/serveiseducatius.xtec.cat\/conca\/?p=9634"},"modified":"2019-03-13T13:08:37","modified_gmt":"2019-03-13T12:08:37","slug":"la-poesia-envers-lescola-mirades-i-experiencies-salo-del-llibre-infantil-i-juvenil-de-catalunya","status":"publish","type":"post","link":"https:\/\/serveiseducatius.xtec.cat\/conca\/portada\/la-poesia-envers-lescola-mirades-i-experiencies-salo-del-llibre-infantil-i-juvenil-de-catalunya\/","title":{"rendered":"La poesia envers l&#8217;escola: mirades i experi\u00e8ncies. Sal\u00f3 del llibre infantil i juvenil de Catalunya"},"content":{"rendered":"<p>En el marc del Sal\u00f3 del LIJ que es realitzar\u00e0 de l&#8217;1 al 14 d&#8217;abril al Centre cultural i teatre l&#8217;Amistat a Mollerussa s&#8217;organitza una jornada dedicada a la lectura, enguany, amb el t\u00edtol <strong>La poesia envers l&#8217;escola: mirades i experi\u00e8ncies.<\/strong><\/p>\n<p><a href=\"https:\/\/serveiseducatius.xtec.cat\/conca\/wp-content\/uploads\/usu1131\/2019\/03\/presentacio-autores-2.jpg\"><img loading=\"lazy\" decoding=\"async\" class=\"alignnone size-medium wp-image-9635\" src=\"https:\/\/serveiseducatius.xtec.cat\/conca\/wp-content\/uploads\/usu1131\/2019\/03\/presentacio-autores-2-300x228.jpg\" alt=\"\" width=\"300\" height=\"228\" srcset=\"https:\/\/serveiseducatius.xtec.cat\/conca\/wp-content\/uploads\/usu1131\/2019\/03\/presentacio-autores-2-300x228.jpg 300w, https:\/\/serveiseducatius.xtec.cat\/conca\/wp-content\/uploads\/usu1131\/2019\/03\/presentacio-autores-2-768x583.jpg 768w, https:\/\/serveiseducatius.xtec.cat\/conca\/wp-content\/uploads\/usu1131\/2019\/03\/presentacio-autores-2.jpg 800w\" sizes=\"auto, (max-width: 300px) 100vw, 300px\" \/><\/a><\/p>\n<p>Informaci\u00f3 del <a href=\"https:\/\/www.clijcat.cat\/\" target=\"_blank\" rel=\"noopener\">Sal\u00f3<\/a><\/p>\n<p><a href=\"http:\/\/xtec.gencat.cat\/web\/.content\/projectes\/lectura\/impulslectura\/actes-literaris\/mollerussa\/programa__salo_mollerussa_2019.pdf\" target=\"_blank\" rel=\"noopener\">Programa<\/a> i\u00a0\u00a0<a href=\"https:\/\/aplicacions.gestioeducativa.gencat.cat\/pls\/soloas\/pk_for_mod_ins.p_for_pre_cons_activitats?p_any=2018-2019&amp;p_codi=9000450555\" target=\"_blank\" rel=\"noopener\">inscripci\u00f3<\/a><a href=\"http:\/\/xtec.gencat.cat\/web\/.content\/projectes\/lectura\/impulslectura\/actes-literaris\/mollerussa\/programa__salo_mollerussa_2019.pdf\" target=\"_blank\" rel=\"noopener\"> (<\/a>reconeguda pel Departament), per\u00edode d&#8217;inscripci\u00f3 de l&#8217;11 de mar\u00e7 al 4 d&#8217;abril<\/p>\n","protected":false},"excerpt":{"rendered":"<p>En el marc del Sal\u00f3 del LIJ que es realitzar\u00e0 de l&#8217;1 al 14 d&#8217;abril al Centre cultural i teatre l&#8217;Amistat a Mollerussa s&#8217;organitza una jornada dedicada a la lectura, enguany, amb el t\u00edtol La poesia envers l&#8217;escola: mirades i experi\u00e8ncies. Informaci\u00f3 del Sal\u00f3 Programa i\u00a0\u00a0inscripci\u00f3 (reconeguda pel Departament), per\u00edode d&#8217;inscripci\u00f3 de l&#8217;11 de mar\u00e7 [&hellip;]<\/p>\n","protected":false},"author":1,"featured_media":9636,"comment_status":"open","ping_status":"closed","sticky":false,"template":"","format":"standard","meta":{"_bbp_topic_count":0,"_bbp_reply_count":0,"_bbp_total_topic_count":0,"_bbp_total_reply_count":0,"_bbp_voice_count":0,"_bbp_anonymous_reply_count":0,"_bbp_topic_count_hidden":0,"_bbp_reply_count_hidden":0,"_bbp_forum_subforum_count":0,"site-sidebar-layout":"default","site-content-layout":"","ast-site-content-layout":"","site-content-style":"default","site-sidebar-style":"default","ast-global-header-display":"","ast-banner-title-visibility":"","ast-main-header-display":"","ast-hfb-above-header-display":"","ast-hfb-below-header-display":"","ast-hfb-mobile-header-display":"","site-post-title":"","ast-breadcrumbs-content":"","ast-featured-img":"","footer-sml-layout":"","theme-transparent-header-meta":"","adv-header-id-meta":"","stick-header-meta":"","header-above-stick-meta":"","header-main-stick-meta":"","header-below-stick-meta":"","astra-migrate-meta-layouts":"default","ast-page-background-enabled":"default","ast-page-background-meta":{"desktop":{"background-color":"var(--ast-global-color-4)","background-image":"","background-repeat":"repeat","background-position":"center center","background-size":"auto","background-attachment":"scroll","background-type":"","background-media":"","overlay-type":"","overlay-color":"","overlay-opacity":"","overlay-gradient":""},"tablet":{"background-color":"","background-image":"","background-repeat":"repeat","background-position":"center center","background-size":"auto","background-attachment":"scroll","background-type":"","background-media":"","overlay-type":"","overlay-color":"","overlay-opacity":"","overlay-gradient":""},"mobile":{"background-color":"","background-image":"","background-repeat":"repeat","background-position":"center center","background-size":"auto","background-attachment":"scroll","background-type":"","background-media":"","overlay-type":"","overlay-color":"","overlay-opacity":"","overlay-gradient":""}},"ast-content-background-meta":{"desktop":{"background-color":"var(--ast-global-color-5)","background-image":"","background-repeat":"repeat","background-position":"center center","background-size":"auto","background-attachment":"scroll","background-type":"","background-media":"","overlay-type":"","overlay-color":"","overlay-opacity":"","overlay-gradient":""},"tablet":{"background-color":"var(--ast-global-color-5)","background-image":"","background-repeat":"repeat","background-position":"center center","background-size":"auto","background-attachment":"scroll","background-type":"","background-media":"","overlay-type":"","overlay-color":"","overlay-opacity":"","overlay-gradient":""},"mobile":{"background-color":"var(--ast-global-color-5)","background-image":"","background-repeat":"repeat","background-position":"center center","background-size":"auto","background-attachment":"scroll","background-type":"","background-media":"","overlay-type":"","overlay-color":"","overlay-opacity":"","overlay-gradient":""}},"footnotes":""},"categories":[81,29],"tags":[163,172,179,192,464],"class_list":["post-9634","post","type-post","status-publish","format-standard","has-post-thumbnail","hentry","category-biblioteca-escolar","category-portada","tag-educacio-infantil","tag-educacio-primaria","tag-educacio-secundaria","tag-literatura-infantil-i-juvenil","tag-poesia"],"post_mailing_queue_ids":[],"_links":{"self":[{"href":"https:\/\/serveiseducatius.xtec.cat\/conca\/wp-json\/wp\/v2\/posts\/9634","targetHints":{"allow":["GET"]}}],"collection":[{"href":"https:\/\/serveiseducatius.xtec.cat\/conca\/wp-json\/wp\/v2\/posts"}],"about":[{"href":"https:\/\/serveiseducatius.xtec.cat\/conca\/wp-json\/wp\/v2\/types\/post"}],"author":[{"embeddable":true,"href":"https:\/\/serveiseducatius.xtec.cat\/conca\/wp-json\/wp\/v2\/users\/1"}],"replies":[{"embeddable":true,"href":"https:\/\/serveiseducatius.xtec.cat\/conca\/wp-json\/wp\/v2\/comments?post=9634"}],"version-history":[{"count":1,"href":"https:\/\/serveiseducatius.xtec.cat\/conca\/wp-json\/wp\/v2\/posts\/9634\/revisions"}],"predecessor-version":[{"id":9637,"href":"https:\/\/serveiseducatius.xtec.cat\/conca\/wp-json\/wp\/v2\/posts\/9634\/revisions\/9637"}],"wp:featuredmedia":[{"embeddable":true,"href":"https:\/\/serveiseducatius.xtec.cat\/conca\/wp-json\/wp\/v2\/media\/9636"}],"wp:attachment":[{"href":"https:\/\/serveiseducatius.xtec.cat\/conca\/wp-json\/wp\/v2\/media?parent=9634"}],"wp:term":[{"taxonomy":"category","embeddable":true,"href":"https:\/\/serveiseducatius.xtec.cat\/conca\/wp-json\/wp\/v2\/categories?post=9634"},{"taxonomy":"post_tag","embeddable":true,"href":"https:\/\/serveiseducatius.xtec.cat\/conca\/wp-json\/wp\/v2\/tags?post=9634"}],"curies":[{"name":"wp","href":"https:\/\/api.w.org\/{rel}","templated":true}]}}