{"id":9618,"date":"2019-03-06T10:39:42","date_gmt":"2019-03-06T09:39:42","guid":{"rendered":"http:\/\/serveiseducatius.xtec.cat\/conca\/?p=9618"},"modified":"2019-03-06T10:39:42","modified_gmt":"2019-03-06T09:39:42","slug":"persones-que-eduquen-inclusio-educativa","status":"publish","type":"post","link":"https:\/\/serveiseducatius.xtec.cat\/conca\/portada\/persones-que-eduquen-inclusio-educativa\/","title":{"rendered":"Persones que eduquen: inclusi\u00f3 educativa"},"content":{"rendered":"<p>El programa de r\u00e0dio &#8220;Persones que eduquen&#8221; va entrevistar el passat 24 de febrer a docents de la comarca sobre la inclusi\u00f3 educativa.<\/p>\n<p>Us facilitem l&#8217;<a href=\"https:\/\/www.esplugafmradio.info\/blog\/2019\/03\/01\/persones-que-eduquen-inclusio-educativa-del-24-de-febrer-del-2019\/\" target=\"_blank\" rel=\"noopener\">enlla\u00e7<\/a> per si el voleu escoltar:<\/p>\n<p><a href=\"https:\/\/serveiseducatius.xtec.cat\/conca\/wp-content\/uploads\/usu1131\/2019\/03\/Persones-que-eduquen-Gbosch_9703-1024x683.jpg\"><img loading=\"lazy\" decoding=\"async\" class=\"alignnone size-medium wp-image-9619\" src=\"https:\/\/serveiseducatius.xtec.cat\/conca\/wp-content\/uploads\/usu1131\/2019\/03\/Persones-que-eduquen-Gbosch_9703-1024x683-300x200.jpg\" alt=\"\" width=\"300\" height=\"200\" srcset=\"https:\/\/serveiseducatius.xtec.cat\/conca\/wp-content\/uploads\/usu1131\/2019\/03\/Persones-que-eduquen-Gbosch_9703-1024x683-300x200.jpg 300w, https:\/\/serveiseducatius.xtec.cat\/conca\/wp-content\/uploads\/usu1131\/2019\/03\/Persones-que-eduquen-Gbosch_9703-1024x683-768x512.jpg 768w, https:\/\/serveiseducatius.xtec.cat\/conca\/wp-content\/uploads\/usu1131\/2019\/03\/Persones-que-eduquen-Gbosch_9703-1024x683.jpg 1024w\" sizes=\"auto, (max-width: 300px) 100vw, 300px\" \/><\/a><\/p>\n<p><em>Intervenen mestres i t\u00e8cnics d\u2019Educaci\u00f3 Especial: Carme Vielba (ZER Conca),S\u00f2nia Garcia (Escola Salvador Ninot de Sarral), May Reyes (Escola Eugeni d\u2019Ors de Valls), Gl\u00f2ria Canosa (Escola Mart\u00ed Poch de l\u2019Espluga), Marta Farr\u00e9 (Escola Vedruna de l\u2019Espluga), Eugeni Cabr\u00e9 (Institut Joan Amig\u00f3 de l\u2019Espluga), Roser Funollet (Institut Mart\u00ed l\u2019Hum\u00e0 de Montblanc), Ferran Poca, director de l\u2019EAP; Rosa L\u00f3pez (mare de l\u2019Aniol i el Daniel) i Filo Farr\u00e9. T\u00e8cnic: Gerard Bosch<\/em><\/p>\n<p>Informaci\u00f3 i foto extreta EFRM.cat<\/p>\n<p>&nbsp;<\/p>\n","protected":false},"excerpt":{"rendered":"<p>El programa de r\u00e0dio &#8220;Persones que eduquen&#8221; va entrevistar el passat 24 de febrer a docents de la comarca sobre la inclusi\u00f3 educativa. Us facilitem l&#8217;enlla\u00e7 per si el voleu escoltar: Intervenen mestres i t\u00e8cnics d\u2019Educaci\u00f3 Especial: Carme Vielba (ZER Conca),S\u00f2nia Garcia (Escola Salvador Ninot de Sarral), May Reyes (Escola Eugeni d\u2019Ors de Valls), Gl\u00f2ria [&hellip;]<\/p>\n","protected":false},"author":1,"featured_media":9619,"comment_status":"open","ping_status":"closed","sticky":false,"template":"","format":"standard","meta":{"_bbp_topic_count":0,"_bbp_reply_count":0,"_bbp_total_topic_count":0,"_bbp_total_reply_count":0,"_bbp_voice_count":0,"_bbp_anonymous_reply_count":0,"_bbp_topic_count_hidden":0,"_bbp_reply_count_hidden":0,"_bbp_forum_subforum_count":0,"site-sidebar-layout":"default","site-content-layout":"","ast-site-content-layout":"","site-content-style":"default","site-sidebar-style":"default","ast-global-header-display":"","ast-banner-title-visibility":"","ast-main-header-display":"","ast-hfb-above-header-display":"","ast-hfb-below-header-display":"","ast-hfb-mobile-header-display":"","site-post-title":"","ast-breadcrumbs-content":"","ast-featured-img":"","footer-sml-layout":"","theme-transparent-header-meta":"","adv-header-id-meta":"","stick-header-meta":"","header-above-stick-meta":"","header-main-stick-meta":"","header-below-stick-meta":"","astra-migrate-meta-layouts":"default","ast-page-background-enabled":"default","ast-page-background-meta":{"desktop":{"background-color":"var(--ast-global-color-4)","background-image":"","background-repeat":"repeat","background-position":"center center","background-size":"auto","background-attachment":"scroll","background-type":"","background-media":"","overlay-type":"","overlay-color":"","overlay-opacity":"","overlay-gradient":""},"tablet":{"background-color":"","background-image":"","background-repeat":"repeat","background-position":"center center","background-size":"auto","background-attachment":"scroll","background-type":"","background-media":"","overlay-type":"","overlay-color":"","overlay-opacity":"","overlay-gradient":""},"mobile":{"background-color":"","background-image":"","background-repeat":"repeat","background-position":"center center","background-size":"auto","background-attachment":"scroll","background-type":"","background-media":"","overlay-type":"","overlay-color":"","overlay-opacity":"","overlay-gradient":""}},"ast-content-background-meta":{"desktop":{"background-color":"var(--ast-global-color-5)","background-image":"","background-repeat":"repeat","background-position":"center center","background-size":"auto","background-attachment":"scroll","background-type":"","background-media":"","overlay-type":"","overlay-color":"","overlay-opacity":"","overlay-gradient":""},"tablet":{"background-color":"var(--ast-global-color-5)","background-image":"","background-repeat":"repeat","background-position":"center center","background-size":"auto","background-attachment":"scroll","background-type":"","background-media":"","overlay-type":"","overlay-color":"","overlay-opacity":"","overlay-gradient":""},"mobile":{"background-color":"var(--ast-global-color-5)","background-image":"","background-repeat":"repeat","background-position":"center center","background-size":"auto","background-attachment":"scroll","background-type":"","background-media":"","overlay-type":"","overlay-color":"","overlay-opacity":"","overlay-gradient":""}},"footnotes":""},"categories":[29],"tags":[],"class_list":["post-9618","post","type-post","status-publish","format-standard","has-post-thumbnail","hentry","category-portada"],"post_mailing_queue_ids":[],"_links":{"self":[{"href":"https:\/\/serveiseducatius.xtec.cat\/conca\/wp-json\/wp\/v2\/posts\/9618","targetHints":{"allow":["GET"]}}],"collection":[{"href":"https:\/\/serveiseducatius.xtec.cat\/conca\/wp-json\/wp\/v2\/posts"}],"about":[{"href":"https:\/\/serveiseducatius.xtec.cat\/conca\/wp-json\/wp\/v2\/types\/post"}],"author":[{"embeddable":true,"href":"https:\/\/serveiseducatius.xtec.cat\/conca\/wp-json\/wp\/v2\/users\/1"}],"replies":[{"embeddable":true,"href":"https:\/\/serveiseducatius.xtec.cat\/conca\/wp-json\/wp\/v2\/comments?post=9618"}],"version-history":[{"count":1,"href":"https:\/\/serveiseducatius.xtec.cat\/conca\/wp-json\/wp\/v2\/posts\/9618\/revisions"}],"predecessor-version":[{"id":9620,"href":"https:\/\/serveiseducatius.xtec.cat\/conca\/wp-json\/wp\/v2\/posts\/9618\/revisions\/9620"}],"wp:featuredmedia":[{"embeddable":true,"href":"https:\/\/serveiseducatius.xtec.cat\/conca\/wp-json\/wp\/v2\/media\/9619"}],"wp:attachment":[{"href":"https:\/\/serveiseducatius.xtec.cat\/conca\/wp-json\/wp\/v2\/media?parent=9618"}],"wp:term":[{"taxonomy":"category","embeddable":true,"href":"https:\/\/serveiseducatius.xtec.cat\/conca\/wp-json\/wp\/v2\/categories?post=9618"},{"taxonomy":"post_tag","embeddable":true,"href":"https:\/\/serveiseducatius.xtec.cat\/conca\/wp-json\/wp\/v2\/tags?post=9618"}],"curies":[{"name":"wp","href":"https:\/\/api.w.org\/{rel}","templated":true}]}}