{"id":9603,"date":"2019-02-07T15:40:52","date_gmt":"2019-02-07T14:40:52","guid":{"rendered":"http:\/\/serveiseducatius.xtec.cat\/conca\/?p=9603"},"modified":"2021-02-26T13:58:11","modified_gmt":"2021-02-26T12:58:11","slug":"convocat-els-vi-jocs-florals-escolars","status":"publish","type":"post","link":"https:\/\/serveiseducatius.xtec.cat\/conca\/portada\/convocat-els-vi-jocs-florals-escolars\/","title":{"rendered":"VI Jocs Florals Escolars"},"content":{"rendered":"<p>El Departament d&#8217;Educaci\u00f3 ha convocat els VI Jocs Florals Escolars del curs 2018\/19, en portada a la <a href=\"http:\/\/xtec.gencat.cat\/ca\/centres\/alscentres\/premis\/jocsflorals\/1819\" target=\"_blank\" rel=\"noopener noreferrer\">XTEC<\/a>.<\/p>\n<p><a href=\"https:\/\/drive.google.com\/file\/d\/1Hty74dA7llWIqTMDA9gjxPvc5iaOnwBW\/view\" target=\"_blank\" rel=\"noopener noreferrer\">Bases<\/a>\u00a0(a l&#8217;enlla\u00e7 podeu consultar les bases), aquestes s\u00f3n les categories<\/p>\n<ol>\n<li>Les categories establertes s\u00f3n les seg\u00fcents:\n<ol style=\"list-style-type: upper-alpha;\">\n<li>\u00a0Alumnat del cicle inicial d&#8217;educaci\u00f3 prim\u00e0ria.<\/li>\n<li>\u00a0Alumnat del cicle mitj\u00e0 d&#8217;educaci\u00f3 prim\u00e0ria.<\/li>\n<li>\u00a0Alumnat del cicle superior d&#8217;educaci\u00f3 prim\u00e0ria.<\/li>\n<li>\u00a0Alumnat d&#8217;educaci\u00f3 especial d&#8217;educaci\u00f3 prim\u00e0ria.<\/li>\n<li>Alumnat d&#8217;educaci\u00f3 especial d&#8217;educaci\u00f3 secund\u00e0ria.<\/li>\n<li>Alumnat de 1r i 2n d&#8217;educaci\u00f3 secund\u00e0ria obligat\u00f2ria.<\/li>\n<li>Alumnat de 3r i 4t d&#8217;educaci\u00f3 secund\u00e0ria obligat\u00f2ria.<\/li>\n<li>Conte audiovisual i il\u00b7lustrat per a tots els alumnes de prim\u00e0ria.<\/li>\n<\/ol>\n<\/li>\n<\/ol>\n<p>La participaci\u00f3 \u00e9s volunt\u00e0ria, cal enviar aquest <a href=\"https:\/\/docs.google.com\/forms\/d\/1l-sgoGqHm6hEW0G_XzOis9u2PooU7J5oVVqQs7pmXro\/viewform?edit_requested=true\" target=\"_blank\" rel=\"noopener noreferrer\">formulari<\/a> al CRP per fer la inscripci\u00f3 abans del 28 de febrer, els treballs que es presentin (com a m\u00e0xim un per categoria) es lliuraran abans del 24 d&#8217;abril en format digital i per correu electr\u00f2nic al CRP de la Conca de Barber\u00e0.<\/p>\n<div class=\"gmail_default\">L&#8217;acte final territorial ser\u00e0 el 18 de maig a Tarragona.<\/div>\n","protected":false},"excerpt":{"rendered":"<p>El Departament d&#8217;Educaci\u00f3 ha convocat els VI Jocs Florals Escolars del curs 2018\/19, en portada a la XTEC. Bases\u00a0(a l&#8217;enlla\u00e7 podeu consultar les bases), aquestes s\u00f3n les categories Les categories establertes s\u00f3n les seg\u00fcents: \u00a0Alumnat del cicle inicial d&#8217;educaci\u00f3 prim\u00e0ria. \u00a0Alumnat del cicle mitj\u00e0 d&#8217;educaci\u00f3 prim\u00e0ria. \u00a0Alumnat del cicle superior d&#8217;educaci\u00f3 prim\u00e0ria. \u00a0Alumnat d&#8217;educaci\u00f3 especial [&hellip;]<\/p>\n","protected":false},"author":1,"featured_media":965,"comment_status":"open","ping_status":"closed","sticky":false,"template":"","format":"standard","meta":{"_bbp_topic_count":0,"_bbp_reply_count":0,"_bbp_total_topic_count":0,"_bbp_total_reply_count":0,"_bbp_voice_count":0,"_bbp_anonymous_reply_count":0,"_bbp_topic_count_hidden":0,"_bbp_reply_count_hidden":0,"_bbp_forum_subforum_count":0,"site-sidebar-layout":"default","site-content-layout":"","ast-site-content-layout":"","site-content-style":"default","site-sidebar-style":"default","ast-global-header-display":"","ast-banner-title-visibility":"","ast-main-header-display":"","ast-hfb-above-header-display":"","ast-hfb-below-header-display":"","ast-hfb-mobile-header-display":"","site-post-title":"","ast-breadcrumbs-content":"","ast-featured-img":"","footer-sml-layout":"","theme-transparent-header-meta":"","adv-header-id-meta":"","stick-header-meta":"","header-above-stick-meta":"","header-main-stick-meta":"","header-below-stick-meta":"","astra-migrate-meta-layouts":"default","ast-page-background-enabled":"default","ast-page-background-meta":{"desktop":{"background-color":"var(--ast-global-color-4)","background-image":"","background-repeat":"repeat","background-position":"center center","background-size":"auto","background-attachment":"scroll","background-type":"","background-media":"","overlay-type":"","overlay-color":"","overlay-opacity":"","overlay-gradient":""},"tablet":{"background-color":"","background-image":"","background-repeat":"repeat","background-position":"center center","background-size":"auto","background-attachment":"scroll","background-type":"","background-media":"","overlay-type":"","overlay-color":"","overlay-opacity":"","overlay-gradient":""},"mobile":{"background-color":"","background-image":"","background-repeat":"repeat","background-position":"center center","background-size":"auto","background-attachment":"scroll","background-type":"","background-media":"","overlay-type":"","overlay-color":"","overlay-opacity":"","overlay-gradient":""}},"ast-content-background-meta":{"desktop":{"background-color":"var(--ast-global-color-5)","background-image":"","background-repeat":"repeat","background-position":"center center","background-size":"auto","background-attachment":"scroll","background-type":"","background-media":"","overlay-type":"","overlay-color":"","overlay-opacity":"","overlay-gradient":""},"tablet":{"background-color":"var(--ast-global-color-5)","background-image":"","background-repeat":"repeat","background-position":"center center","background-size":"auto","background-attachment":"scroll","background-type":"","background-media":"","overlay-type":"","overlay-color":"","overlay-opacity":"","overlay-gradient":""},"mobile":{"background-color":"var(--ast-global-color-5)","background-image":"","background-repeat":"repeat","background-position":"center center","background-size":"auto","background-attachment":"scroll","background-type":"","background-media":"","overlay-type":"","overlay-color":"","overlay-opacity":"","overlay-gradient":""}},"footnotes":""},"categories":[71,29],"tags":[460,459,172,179,159],"class_list":["post-9603","post","type-post","status-publish","format-standard","has-post-thumbnail","hentry","category-jocs-florals","category-portada","tag-audiovisual","tag-concurs","tag-educacio-primaria","tag-educacio-secundaria","tag-escriptura"],"post_mailing_queue_ids":[],"_links":{"self":[{"href":"https:\/\/serveiseducatius.xtec.cat\/conca\/wp-json\/wp\/v2\/posts\/9603","targetHints":{"allow":["GET"]}}],"collection":[{"href":"https:\/\/serveiseducatius.xtec.cat\/conca\/wp-json\/wp\/v2\/posts"}],"about":[{"href":"https:\/\/serveiseducatius.xtec.cat\/conca\/wp-json\/wp\/v2\/types\/post"}],"author":[{"embeddable":true,"href":"https:\/\/serveiseducatius.xtec.cat\/conca\/wp-json\/wp\/v2\/users\/1"}],"replies":[{"embeddable":true,"href":"https:\/\/serveiseducatius.xtec.cat\/conca\/wp-json\/wp\/v2\/comments?post=9603"}],"version-history":[{"count":4,"href":"https:\/\/serveiseducatius.xtec.cat\/conca\/wp-json\/wp\/v2\/posts\/9603\/revisions"}],"predecessor-version":[{"id":11219,"href":"https:\/\/serveiseducatius.xtec.cat\/conca\/wp-json\/wp\/v2\/posts\/9603\/revisions\/11219"}],"wp:featuredmedia":[{"embeddable":true,"href":"https:\/\/serveiseducatius.xtec.cat\/conca\/wp-json\/wp\/v2\/media\/965"}],"wp:attachment":[{"href":"https:\/\/serveiseducatius.xtec.cat\/conca\/wp-json\/wp\/v2\/media?parent=9603"}],"wp:term":[{"taxonomy":"category","embeddable":true,"href":"https:\/\/serveiseducatius.xtec.cat\/conca\/wp-json\/wp\/v2\/categories?post=9603"},{"taxonomy":"post_tag","embeddable":true,"href":"https:\/\/serveiseducatius.xtec.cat\/conca\/wp-json\/wp\/v2\/tags?post=9603"}],"curies":[{"name":"wp","href":"https:\/\/api.w.org\/{rel}","templated":true}]}}