{"id":9442,"date":"2018-09-28T13:57:16","date_gmt":"2018-09-28T11:57:16","guid":{"rendered":"http:\/\/serveiseducatius.xtec.cat\/conca\/?p=9442"},"modified":"2018-09-28T13:58:04","modified_gmt":"2018-09-28T11:58:04","slug":"oberta-les-inscripcions-al-recerkids","status":"publish","type":"post","link":"https:\/\/serveiseducatius.xtec.cat\/conca\/portada\/oberta-les-inscripcions-al-recerkids\/","title":{"rendered":"Oberta les inscripcions al Recerkids"},"content":{"rendered":"<p><a href=\"http:\/\/www.recerkids.cat\/\" target=\"_blank\" rel=\"noopener\">Recerkids<\/a> \u00e9s una iniciativa impulsada per la\u00a0<a href=\"https:\/\/recerkids.us13.list-manage.com\/track\/click?u=29b5d15ba954a6b70ad212262&amp;id=eab8cc484a&amp;e=a9ebdc39f8\" target=\"_blank\" rel=\"noopener\" data-saferedirecturl=\"https:\/\/www.google.com\/url?q=https:\/\/recerkids.us13.list-manage.com\/track\/click?u%3D29b5d15ba954a6b70ad212262%26id%3Deab8cc484a%26e%3Da9ebdc39f8&amp;source=gmail&amp;ust=1538221527265000&amp;usg=AFQjCNEcDXsoQShrTGLaHz2ZwD2AB3seag\">Direcci\u00f3 General de Recerca<\/a>\u00a0dins del seu programa d\u2019activitats pedag\u00f2giques, que tenen l\u2019objectiu de divulgar la ci\u00e8ncia a les escoles i donar a con\u00e8ixer la tasca dels centres de Recerca de Catalunya.<\/p>\n<p>El programa Recerkids es divideix en dues fases. En la primera, els estudiants de 5\u00e8 i 6\u00e8 de Prim\u00e0ria desenvolupen una recerca cient\u00edfica a l\u2019aula, i en la segona presenten els resultats en un congr\u00e9s cient\u00edfic.<\/p>\n<p>Gr\u00e0cies a l&#8217;\u00e8xit de les passades edicions, el congr\u00e9s creix i enguany tindr\u00e0 lloc a 4 ciutats diferents:\u00a0<strong>Barcelona, Lleida, Tarragona i Vic<\/strong>.<\/p>\n<p>Les <a href=\"http:\/\/www.recerkids.cat\/inscripcions\/\" target=\"_blank\" rel=\"noopener\">inscripcions<\/a> s\u00f3n del<strong>\u00a028 de setembre al 16 de novembre<\/strong>, i\u00a0ja estan obertes.<\/p>\n","protected":false},"excerpt":{"rendered":"<p>Recerkids \u00e9s una iniciativa impulsada per la\u00a0Direcci\u00f3 General de Recerca\u00a0dins del seu programa d\u2019activitats pedag\u00f2giques, que tenen l\u2019objectiu de divulgar la ci\u00e8ncia a les escoles i donar a con\u00e8ixer la tasca dels centres de Recerca de Catalunya.<\/p>\n","protected":false},"author":1,"featured_media":8719,"comment_status":"open","ping_status":"closed","sticky":false,"template":"","format":"standard","meta":{"_bbp_topic_count":0,"_bbp_reply_count":0,"_bbp_total_topic_count":0,"_bbp_total_reply_count":0,"_bbp_voice_count":0,"_bbp_anonymous_reply_count":0,"_bbp_topic_count_hidden":0,"_bbp_reply_count_hidden":0,"_bbp_forum_subforum_count":0,"site-sidebar-layout":"default","site-content-layout":"","ast-site-content-layout":"","site-content-style":"default","site-sidebar-style":"default","ast-global-header-display":"","ast-banner-title-visibility":"","ast-main-header-display":"","ast-hfb-above-header-display":"","ast-hfb-below-header-display":"","ast-hfb-mobile-header-display":"","site-post-title":"","ast-breadcrumbs-content":"","ast-featured-img":"","footer-sml-layout":"","theme-transparent-header-meta":"","adv-header-id-meta":"","stick-header-meta":"","header-above-stick-meta":"","header-main-stick-meta":"","header-below-stick-meta":"","astra-migrate-meta-layouts":"default","ast-page-background-enabled":"default","ast-page-background-meta":{"desktop":{"background-color":"var(--ast-global-color-4)","background-image":"","background-repeat":"repeat","background-position":"center center","background-size":"auto","background-attachment":"scroll","background-type":"","background-media":"","overlay-type":"","overlay-color":"","overlay-opacity":"","overlay-gradient":""},"tablet":{"background-color":"","background-image":"","background-repeat":"repeat","background-position":"center center","background-size":"auto","background-attachment":"scroll","background-type":"","background-media":"","overlay-type":"","overlay-color":"","overlay-opacity":"","overlay-gradient":""},"mobile":{"background-color":"","background-image":"","background-repeat":"repeat","background-position":"center center","background-size":"auto","background-attachment":"scroll","background-type":"","background-media":"","overlay-type":"","overlay-color":"","overlay-opacity":"","overlay-gradient":""}},"ast-content-background-meta":{"desktop":{"background-color":"var(--ast-global-color-5)","background-image":"","background-repeat":"repeat","background-position":"center center","background-size":"auto","background-attachment":"scroll","background-type":"","background-media":"","overlay-type":"","overlay-color":"","overlay-opacity":"","overlay-gradient":""},"tablet":{"background-color":"var(--ast-global-color-5)","background-image":"","background-repeat":"repeat","background-position":"center center","background-size":"auto","background-attachment":"scroll","background-type":"","background-media":"","overlay-type":"","overlay-color":"","overlay-opacity":"","overlay-gradient":""},"mobile":{"background-color":"var(--ast-global-color-5)","background-image":"","background-repeat":"repeat","background-position":"center center","background-size":"auto","background-attachment":"scroll","background-type":"","background-media":"","overlay-type":"","overlay-color":"","overlay-opacity":"","overlay-gradient":""}},"footnotes":""},"categories":[65,78,29],"tags":[444,250,172,445,443],"class_list":["post-9442","post","type-post","status-publish","format-standard","has-post-thumbnail","hentry","category-crp","category-cd","category-portada","tag-cicle-superior","tag-ciencia","tag-educacio-primaria","tag-llum","tag-recerca"],"post_mailing_queue_ids":[],"_links":{"self":[{"href":"https:\/\/serveiseducatius.xtec.cat\/conca\/wp-json\/wp\/v2\/posts\/9442","targetHints":{"allow":["GET"]}}],"collection":[{"href":"https:\/\/serveiseducatius.xtec.cat\/conca\/wp-json\/wp\/v2\/posts"}],"about":[{"href":"https:\/\/serveiseducatius.xtec.cat\/conca\/wp-json\/wp\/v2\/types\/post"}],"author":[{"embeddable":true,"href":"https:\/\/serveiseducatius.xtec.cat\/conca\/wp-json\/wp\/v2\/users\/1"}],"replies":[{"embeddable":true,"href":"https:\/\/serveiseducatius.xtec.cat\/conca\/wp-json\/wp\/v2\/comments?post=9442"}],"version-history":[{"count":3,"href":"https:\/\/serveiseducatius.xtec.cat\/conca\/wp-json\/wp\/v2\/posts\/9442\/revisions"}],"predecessor-version":[{"id":9446,"href":"https:\/\/serveiseducatius.xtec.cat\/conca\/wp-json\/wp\/v2\/posts\/9442\/revisions\/9446"}],"wp:featuredmedia":[{"embeddable":true,"href":"https:\/\/serveiseducatius.xtec.cat\/conca\/wp-json\/wp\/v2\/media\/8719"}],"wp:attachment":[{"href":"https:\/\/serveiseducatius.xtec.cat\/conca\/wp-json\/wp\/v2\/media?parent=9442"}],"wp:term":[{"taxonomy":"category","embeddable":true,"href":"https:\/\/serveiseducatius.xtec.cat\/conca\/wp-json\/wp\/v2\/categories?post=9442"},{"taxonomy":"post_tag","embeddable":true,"href":"https:\/\/serveiseducatius.xtec.cat\/conca\/wp-json\/wp\/v2\/tags?post=9442"}],"curies":[{"name":"wp","href":"https:\/\/api.w.org\/{rel}","templated":true}]}}