{"id":8817,"date":"2018-02-15T09:43:46","date_gmt":"2018-02-15T08:43:46","guid":{"rendered":"http:\/\/serveiseducatius.xtec.cat\/conca\/?p=8817"},"modified":"2018-02-26T13:52:32","modified_gmt":"2018-02-26T12:52:32","slug":"lart-daprendre-a-mirar-i-resoldre-els-conflictes-des-de-la-mirada-sistemica","status":"publish","type":"post","link":"https:\/\/serveiseducatius.xtec.cat\/conca\/general\/lart-daprendre-a-mirar-i-resoldre-els-conflictes-des-de-la-mirada-sistemica\/","title":{"rendered":"L&#8217;ART D&#8217;APRENDRE A MIRAR I RESOLDRE ELS CONFLICTES DES DE LA MIRADA SIST\u00c8MICA"},"content":{"rendered":"<p><strong><a href=\"http:\/\/serveiseducatius.xtec.cat\/conca\/wp-content\/uploads\/usu1131\/2018\/02\/CARLES-PARELLADA.jpg\"><img loading=\"lazy\" decoding=\"async\" class=\"wp-image-8818 alignleft\" src=\"http:\/\/serveiseducatius.xtec.cat\/conca\/wp-content\/uploads\/usu1131\/2018\/02\/CARLES-PARELLADA.jpg\" alt=\"\" width=\"248\" height=\"350\" srcset=\"https:\/\/serveiseducatius.xtec.cat\/conca\/wp-content\/uploads\/usu1131\/2018\/02\/CARLES-PARELLADA.jpg 320w, https:\/\/serveiseducatius.xtec.cat\/conca\/wp-content\/uploads\/usu1131\/2018\/02\/CARLES-PARELLADA-212x300.jpg 212w\" sizes=\"auto, (max-width: 248px) 100vw, 248px\" \/><\/a><\/strong><strong>XERRADA\u00a0<\/strong><strong>a c\u00e0rrec:\u00a0<\/strong><strong>CARLES\u00a0 PARELLADA<\/strong><\/p>\n<p><strong>\u00a0Dimarts 20 de febrer de 2018<\/strong><\/p>\n<p><strong>\u00a02\/4\u00a0 de 6 de la tarda al CRP de la Conca<\/strong><\/p>\n<p>L\u2019ART D\u2019APRENDRE A MIRAR I RESOLDRE ELS CONFLICTES DES DE LA MIRADA SIST\u00c8MICA: Sovint entenem per conflicte quelcom que preferir\u00edem evitar, est\u00e0 clar que a tots ens agradaria tenir una vida ben pl\u00e0cida, per\u00f2 sabem que aix\u00f2 no \u00e9s possible del tot, i a m\u00e9s, sabem tamb\u00e9 que els conflictes s\u00f3n necessaris per a continuar evolucionant, i en aquest sentit els podem interpretar com una oportunitat per millorar les nostres compet\u00e8ncies i habilitats personals i professionals. La mirada sist\u00e8mica, sota la premissa de mirar-nos amb bons ulls, aporta elements per ampliar aquesta reflexi\u00f3 i per entendre qu\u00e8 es mou al darrera dels petits o grans conflictes amb els que ens trobem, i de quina manera els podem encarar per treure el millor profit possible.<\/p>\n","protected":false},"excerpt":{"rendered":"<p>XERRADA\u00a0a c\u00e0rrec:\u00a0CARLES\u00a0 PARELLADA \u00a0Dimarts 20 de febrer de 2018 \u00a02\/4\u00a0 de 6 de la tarda al CRP de la Conca L\u2019ART D\u2019APRENDRE A MIRAR I RESOLDRE ELS CONFLICTES DES DE LA MIRADA SIST\u00c8MICA: Sovint entenem per conflicte quelcom que preferir\u00edem evitar, est\u00e0 clar que a tots ens agradaria tenir una vida ben pl\u00e0cida, per\u00f2 sabem [&hellip;]<\/p>\n","protected":false},"author":1,"featured_media":8818,"comment_status":"open","ping_status":"closed","sticky":false,"template":"","format":"standard","meta":{"_bbp_topic_count":0,"_bbp_reply_count":0,"_bbp_total_topic_count":0,"_bbp_total_reply_count":0,"_bbp_voice_count":0,"_bbp_anonymous_reply_count":0,"_bbp_topic_count_hidden":0,"_bbp_reply_count_hidden":0,"_bbp_forum_subforum_count":0,"site-sidebar-layout":"default","site-content-layout":"","ast-site-content-layout":"","site-content-style":"default","site-sidebar-style":"default","ast-global-header-display":"","ast-banner-title-visibility":"","ast-main-header-display":"","ast-hfb-above-header-display":"","ast-hfb-below-header-display":"","ast-hfb-mobile-header-display":"","site-post-title":"","ast-breadcrumbs-content":"","ast-featured-img":"","footer-sml-layout":"","theme-transparent-header-meta":"","adv-header-id-meta":"","stick-header-meta":"","header-above-stick-meta":"","header-main-stick-meta":"","header-below-stick-meta":"","astra-migrate-meta-layouts":"default","ast-page-background-enabled":"default","ast-page-background-meta":{"desktop":{"background-color":"var(--ast-global-color-4)","background-image":"","background-repeat":"repeat","background-position":"center center","background-size":"auto","background-attachment":"scroll","background-type":"","background-media":"","overlay-type":"","overlay-color":"","overlay-opacity":"","overlay-gradient":""},"tablet":{"background-color":"","background-image":"","background-repeat":"repeat","background-position":"center center","background-size":"auto","background-attachment":"scroll","background-type":"","background-media":"","overlay-type":"","overlay-color":"","overlay-opacity":"","overlay-gradient":""},"mobile":{"background-color":"","background-image":"","background-repeat":"repeat","background-position":"center center","background-size":"auto","background-attachment":"scroll","background-type":"","background-media":"","overlay-type":"","overlay-color":"","overlay-opacity":"","overlay-gradient":""}},"ast-content-background-meta":{"desktop":{"background-color":"var(--ast-global-color-5)","background-image":"","background-repeat":"repeat","background-position":"center center","background-size":"auto","background-attachment":"scroll","background-type":"","background-media":"","overlay-type":"","overlay-color":"","overlay-opacity":"","overlay-gradient":""},"tablet":{"background-color":"var(--ast-global-color-5)","background-image":"","background-repeat":"repeat","background-position":"center center","background-size":"auto","background-attachment":"scroll","background-type":"","background-media":"","overlay-type":"","overlay-color":"","overlay-opacity":"","overlay-gradient":""},"mobile":{"background-color":"var(--ast-global-color-5)","background-image":"","background-repeat":"repeat","background-position":"center center","background-size":"auto","background-attachment":"scroll","background-type":"","background-media":"","overlay-type":"","overlay-color":"","overlay-opacity":"","overlay-gradient":""}},"footnotes":""},"categories":[65,1,29],"tags":[],"class_list":["post-8817","post","type-post","status-publish","format-standard","has-post-thumbnail","hentry","category-crp","category-general","category-portada"],"post_mailing_queue_ids":[],"_links":{"self":[{"href":"https:\/\/serveiseducatius.xtec.cat\/conca\/wp-json\/wp\/v2\/posts\/8817","targetHints":{"allow":["GET"]}}],"collection":[{"href":"https:\/\/serveiseducatius.xtec.cat\/conca\/wp-json\/wp\/v2\/posts"}],"about":[{"href":"https:\/\/serveiseducatius.xtec.cat\/conca\/wp-json\/wp\/v2\/types\/post"}],"author":[{"embeddable":true,"href":"https:\/\/serveiseducatius.xtec.cat\/conca\/wp-json\/wp\/v2\/users\/1"}],"replies":[{"embeddable":true,"href":"https:\/\/serveiseducatius.xtec.cat\/conca\/wp-json\/wp\/v2\/comments?post=8817"}],"version-history":[{"count":3,"href":"https:\/\/serveiseducatius.xtec.cat\/conca\/wp-json\/wp\/v2\/posts\/8817\/revisions"}],"predecessor-version":[{"id":8821,"href":"https:\/\/serveiseducatius.xtec.cat\/conca\/wp-json\/wp\/v2\/posts\/8817\/revisions\/8821"}],"wp:featuredmedia":[{"embeddable":true,"href":"https:\/\/serveiseducatius.xtec.cat\/conca\/wp-json\/wp\/v2\/media\/8818"}],"wp:attachment":[{"href":"https:\/\/serveiseducatius.xtec.cat\/conca\/wp-json\/wp\/v2\/media?parent=8817"}],"wp:term":[{"taxonomy":"category","embeddable":true,"href":"https:\/\/serveiseducatius.xtec.cat\/conca\/wp-json\/wp\/v2\/categories?post=8817"},{"taxonomy":"post_tag","embeddable":true,"href":"https:\/\/serveiseducatius.xtec.cat\/conca\/wp-json\/wp\/v2\/tags?post=8817"}],"curies":[{"name":"wp","href":"https:\/\/api.w.org\/{rel}","templated":true}]}}