{"id":8708,"date":"2018-01-29T16:16:14","date_gmt":"2018-01-29T15:16:14","guid":{"rendered":"http:\/\/serveiseducatius.xtec.cat\/conca\/?p=8708"},"modified":"2018-01-29T16:16:14","modified_gmt":"2018-01-29T15:16:14","slug":"formacio-stem-primaria","status":"publish","type":"post","link":"https:\/\/serveiseducatius.xtec.cat\/conca\/portada\/formacio-stem-primaria\/","title":{"rendered":"Formaci\u00f3 STEM. Prim\u00e0ria"},"content":{"rendered":"<p>Encara sou a temps d&#8217;apuntar-vos a la formaci\u00f3 STEM (<b>Codi activitat 7001520500)\u00a0<\/b>que es porta a terme a l&#8217;Institut Mart\u00ed i Franqu\u00e8s a partir del 15 de febrer.<\/p>\n<p style=\"font-weight: 400;\">L\u2019\u00e0mbit CTEM o\u00a0STEM\u00a0engloba les \u00e0rees disciplinars de les Ci\u00e8ncies, la Tecnologia, la Enginyeria i la Matem\u00e0tica. La perspectiva d\u2019integrar\u00a0 i refor\u00e7ar l\u2019ensenyament de les \u00e0rees cient\u00edfic-tecnol\u00f2giques es considera una eina crucial<\/p>\n<p><strong>Per aix\u00f2 us oferim la possibilitat de fer aquesta formaci\u00f3 amb els seg\u00fcent objectius<\/strong><\/p>\n<p>1.- Oferir un espai de reflexi\u00f3 sobre el Perqu\u00e8, qu\u00e8 i com de l\u2019educaci\u00f3\u00a0STEM<\/p>\n<p>2.- Destacar les caracter\u00edstiques espec\u00edfiques dels Projectes de l\u2019\u00e0mbit\u00a0STEM<\/p>\n<p>3.- Referenciar l\u2019auge de la introducci\u00f3 de l\u2019enginyeria i l\u2019\u00fas de les Tecnologies Creatives en l\u2019actual canvi de paradigma del disseny<\/p>\n<p>4.- Actualitzar i resituar el paper del Pensament Computacional en les pr\u00e0ctiques\u00a0STEM<\/p>\n<p style=\"font-weight: 400;\">5.- Re-conceptualitzar la idea de Ci\u00e8ncia, Tecnologia i Societat en base a nous marcs de refer\u00e8ncia com l\u2019RRI.<\/p>\n<p style=\"font-weight: 400;\"><a href=\"http:\/\/serveiseducatius.xtec.cat\/conca\/wp-content\/uploads\/usu1131\/2018\/01\/Diptic-per-STEM-per-a-professors-de-primaria-i-secundaria.pdf\">Diptic-per-STEM-per-a-professors-de-primaria-i-secundaria<\/a><\/p>\n","protected":false},"excerpt":{"rendered":"<p>Encara sou a temps d&#8217;apuntar-vos a la formaci\u00f3 STEM (Codi activitat 7001520500)\u00a0que es porta a terme a l&#8217;Institut Mart\u00ed i Franqu\u00e8s a partir del 15 de febrer. L\u2019\u00e0mbit CTEM o\u00a0STEM\u00a0engloba les \u00e0rees disciplinars de les Ci\u00e8ncies, la Tecnologia, la Enginyeria i la Matem\u00e0tica. La perspectiva d\u2019integrar\u00a0 i refor\u00e7ar l\u2019ensenyament de les \u00e0rees cient\u00edfic-tecnol\u00f2giques es considera [&hellip;]<\/p>\n","protected":false},"author":1,"featured_media":0,"comment_status":"open","ping_status":"closed","sticky":false,"template":"","format":"standard","meta":{"_bbp_topic_count":0,"_bbp_reply_count":0,"_bbp_total_topic_count":0,"_bbp_total_reply_count":0,"_bbp_voice_count":0,"_bbp_anonymous_reply_count":0,"_bbp_topic_count_hidden":0,"_bbp_reply_count_hidden":0,"_bbp_forum_subforum_count":0,"site-sidebar-layout":"default","site-content-layout":"","ast-site-content-layout":"","site-content-style":"default","site-sidebar-style":"default","ast-global-header-display":"","ast-banner-title-visibility":"","ast-main-header-display":"","ast-hfb-above-header-display":"","ast-hfb-below-header-display":"","ast-hfb-mobile-header-display":"","site-post-title":"","ast-breadcrumbs-content":"","ast-featured-img":"","footer-sml-layout":"","theme-transparent-header-meta":"","adv-header-id-meta":"","stick-header-meta":"","header-above-stick-meta":"","header-main-stick-meta":"","header-below-stick-meta":"","astra-migrate-meta-layouts":"default","ast-page-background-enabled":"default","ast-page-background-meta":{"desktop":{"background-color":"var(--ast-global-color-4)","background-image":"","background-repeat":"repeat","background-position":"center center","background-size":"auto","background-attachment":"scroll","background-type":"","background-media":"","overlay-type":"","overlay-color":"","overlay-opacity":"","overlay-gradient":""},"tablet":{"background-color":"","background-image":"","background-repeat":"repeat","background-position":"center center","background-size":"auto","background-attachment":"scroll","background-type":"","background-media":"","overlay-type":"","overlay-color":"","overlay-opacity":"","overlay-gradient":""},"mobile":{"background-color":"","background-image":"","background-repeat":"repeat","background-position":"center center","background-size":"auto","background-attachment":"scroll","background-type":"","background-media":"","overlay-type":"","overlay-color":"","overlay-opacity":"","overlay-gradient":""}},"ast-content-background-meta":{"desktop":{"background-color":"var(--ast-global-color-5)","background-image":"","background-repeat":"repeat","background-position":"center center","background-size":"auto","background-attachment":"scroll","background-type":"","background-media":"","overlay-type":"","overlay-color":"","overlay-opacity":"","overlay-gradient":""},"tablet":{"background-color":"var(--ast-global-color-5)","background-image":"","background-repeat":"repeat","background-position":"center center","background-size":"auto","background-attachment":"scroll","background-type":"","background-media":"","overlay-type":"","overlay-color":"","overlay-opacity":"","overlay-gradient":""},"mobile":{"background-color":"var(--ast-global-color-5)","background-image":"","background-repeat":"repeat","background-position":"center center","background-size":"auto","background-attachment":"scroll","background-type":"","background-media":"","overlay-type":"","overlay-color":"","overlay-opacity":"","overlay-gradient":""}},"footnotes":""},"categories":[65,78,29],"tags":[172,226,215,348,352],"class_list":["post-8708","post","type-post","status-publish","format-standard","hentry","category-crp","category-cd","category-portada","tag-educacio-primaria","tag-formacio","tag-formacio-permanent-del-professorat","tag-formacio-tarragona","tag-stem"],"post_mailing_queue_ids":[],"_links":{"self":[{"href":"https:\/\/serveiseducatius.xtec.cat\/conca\/wp-json\/wp\/v2\/posts\/8708","targetHints":{"allow":["GET"]}}],"collection":[{"href":"https:\/\/serveiseducatius.xtec.cat\/conca\/wp-json\/wp\/v2\/posts"}],"about":[{"href":"https:\/\/serveiseducatius.xtec.cat\/conca\/wp-json\/wp\/v2\/types\/post"}],"author":[{"embeddable":true,"href":"https:\/\/serveiseducatius.xtec.cat\/conca\/wp-json\/wp\/v2\/users\/1"}],"replies":[{"embeddable":true,"href":"https:\/\/serveiseducatius.xtec.cat\/conca\/wp-json\/wp\/v2\/comments?post=8708"}],"version-history":[{"count":3,"href":"https:\/\/serveiseducatius.xtec.cat\/conca\/wp-json\/wp\/v2\/posts\/8708\/revisions"}],"predecessor-version":[{"id":8712,"href":"https:\/\/serveiseducatius.xtec.cat\/conca\/wp-json\/wp\/v2\/posts\/8708\/revisions\/8712"}],"wp:attachment":[{"href":"https:\/\/serveiseducatius.xtec.cat\/conca\/wp-json\/wp\/v2\/media?parent=8708"}],"wp:term":[{"taxonomy":"category","embeddable":true,"href":"https:\/\/serveiseducatius.xtec.cat\/conca\/wp-json\/wp\/v2\/categories?post=8708"},{"taxonomy":"post_tag","embeddable":true,"href":"https:\/\/serveiseducatius.xtec.cat\/conca\/wp-json\/wp\/v2\/tags?post=8708"}],"curies":[{"name":"wp","href":"https:\/\/api.w.org\/{rel}","templated":true}]}}