{"id":8570,"date":"2017-06-20T09:22:45","date_gmt":"2017-06-20T07:22:45","guid":{"rendered":"http:\/\/serveiseducatius.xtec.cat\/conca\/?p=8570"},"modified":"2017-06-20T09:23:03","modified_gmt":"2017-06-20T07:23:03","slug":"iv-jornades-de-practiques-de-refrencia-per-a-lexit-escolar-pracxit17","status":"publish","type":"post","link":"https:\/\/serveiseducatius.xtec.cat\/conca\/portada\/iv-jornades-de-practiques-de-refrencia-per-a-lexit-escolar-pracxit17\/","title":{"rendered":"IV Jornades de pr\u00e0ctiques de refr\u00e8ncia per a l&#8217;\u00e8xit escolar #pracxit17"},"content":{"rendered":"<p>Els dies <strong>3<\/strong><strong>\u00a0i 4 de juliol, de 9 a 14 h,<\/strong> a la<strong> Sala T\u00e0rraco <\/strong>de<strong> l\u2019INS Pere Martell, del Complex Educatiu de Tarragona<\/strong>, tindran lloc les quartes\u00a0<strong>Jornades de pr\u00e0ctiques de refer\u00e8ncia per a l\u2019\u00e8xit escolar 2017 \u00a0#pracXIT17<\/strong>\u00a0adre\u00e7ades a l\u2019Educaci\u00f3 infantil i prim\u00e0ria i a l\u2019Educaci\u00f3 secund\u00e0ria obligat\u00f2ria, \u00a0on s\u2019exposaran les experi\u00e8ncies, que han realitzat al llarg d\u2019aquest curs i que han obtingut bon resultats tant a nivell metodol\u00f2gic, organitzatiu i competencial.<\/p>\n<p>M\u00e9s informaci\u00f3 i inscripci\u00f3 a :<\/p>\n<blockquote class=\"wp-embedded-content\" data-secret=\"z92Nblt04e\"><p><a href=\"https:\/\/blocs.xtec.cat\/pracxit17\/\">Presentaci\u00f3<\/a><\/p><\/blockquote>\n<p><iframe loading=\"lazy\" class=\"wp-embedded-content\" sandbox=\"allow-scripts\" security=\"restricted\" style=\"position: absolute; clip: rect(1px, 1px, 1px, 1px);\" title=\"&#8220;Presentaci\u00f3&#8221; &#8212; IV Jornades de pr\u00e0ctiques de refer\u00e8ncia per a l&#039;\u00e8xit escolar 2017 \u2013 #pracXIT17\" src=\"https:\/\/blocs.xtec.cat\/pracxit17\/embed\/#?secret=z92Nblt04e\" data-secret=\"z92Nblt04e\" width=\"500\" height=\"282\" frameborder=\"0\" marginwidth=\"0\" marginheight=\"0\" scrolling=\"no\"><\/iframe><\/p>\n<p><strong>El\u00a0per\u00edode d&#8217;<\/strong><span style=\"font-style: inherit;\"><strong>Inscripci\u00f3 \u00e9s el seg\u00fcent\u00a0<\/strong>\u00e9s<\/span><span style=\"font-style: inherit; font-weight: inherit;\">\u00a0de\u00a0l&#8217;1 al 29 de juny de\u00a02017, fins arribar el m\u00e0xim d\u2019aforament (120) i les a<\/span><strong style=\"font-style: inherit;\">djudicacions<\/strong><span style=\"font-style: inherit; font-weight: inherit;\">\u00a0 ser\u00e0 el 30 de juny de\u00a02017.<\/span><\/p>\n<ul>\n<li style=\"font-style: inherit;\"><span style=\"font-weight: inherit; font-style: inherit;\">Inscripci\u00f3\u00a0Educaci\u00f3 Infantil i\u00a0Prim\u00e0ria<\/span><span style=\"font-weight: inherit;\">:<\/span><strong>\u00a0<a style=\"font-style: inherit;\" href=\"https:\/\/aplicacions.gestioeducativa.gencat.cat\/pls\/soloas\/pk_for_mod_ins.p_for_pre_cons_activitats?p_any=2016-2017&amp;p_codi=7000520507\" data-saferedirecturl=\"https:\/\/www.google.com\/url?hl=ca&amp;q=https:\/\/aplicacions.gestioeducativa.gencat.cat\/pls\/soloas\/pk_for_mod_ins.p_for_pre_cons_activitats?p_any%3D2016-2017%26p_codi%3D7000520507&amp;source=gmail&amp;ust=1498029315732000&amp;usg=AFQjCNGI5PTW2DQ4F6kDu4pKsmFevi8oBg\">7000520507<\/a><\/strong><span style=\"font-weight: inherit;\">\u00a0\u00a0<\/span><span style=\"font-weight: inherit; font-style: inherit;\">Pr\u00e0ctiques\u00a0de\u00a0refer\u00e8ncia\u00a0per\u00a0a\u00a0l\u2019\u00e8xit\u00a0escolar\u00a02017.<\/span><\/li>\n<li style=\"font-style: inherit;\"><strong style=\"font-style: inherit;\">Inscripci\u00f3 Educaci\u00f3 Secund\u00e0ria<span style=\"font-weight: inherit;\">:\u00a0<a style=\"font-style: inherit; font-weight: inherit;\" href=\"https:\/\/aplicacions.gestioeducativa.gencat.cat\/pls\/soloas\/pk_for_mod_ins.p_for_pre_cons_activitats?p_any=2016-2017&amp;p_codi=7000540507\" data-saferedirecturl=\"https:\/\/www.google.com\/url?hl=ca&amp;q=https:\/\/aplicacions.gestioeducativa.gencat.cat\/pls\/soloas\/pk_for_mod_ins.p_for_pre_cons_activitats?p_any%3D2016-2017%26p_codi%3D7000540507&amp;source=gmail&amp;ust=1498029315732000&amp;usg=AFQjCNEhvaeyOUluErgG-tYMHtjQLI9wFw\">7000540507<\/a>\u00a0\u00a0<\/span><\/strong><span style=\"font-weight: inherit; font-style: inherit;\">Pr\u00e0ctiques de\u00a0refer\u00e8ncia\u00a0per\u00a0a\u00a0l\u2019\u00e8xit\u00a0escolar\u00a02017.<\/span><\/li>\n<li style=\"font-style: inherit;\"><span style=\"font-style: inherit; font-weight: inherit;\">Trobareu, en aquest correu el\u00a0<\/span><strong><a href=\"https:\/\/blocs.xtec.cat\/pracxit17\/programa-2017\/\" data-saferedirecturl=\"https:\/\/www.google.com\/url?hl=ca&amp;q=https:\/\/blocs.xtec.cat\/pracxit17\/programa-2017\/&amp;source=gmail&amp;ust=1498029315732000&amp;usg=AFQjCNFZiJswOFHgOYPS_z7wBslnR90JzQ\">programa<\/a><\/strong><\/li>\n<\/ul>\n","protected":false},"excerpt":{"rendered":"<p>Els dies 3\u00a0i 4 de juliol, de 9 a 14 h, a la Sala T\u00e0rraco de l\u2019INS Pere Martell, del Complex Educatiu de Tarragona, tindran lloc les quartes\u00a0Jornades de pr\u00e0ctiques de refer\u00e8ncia per a l\u2019\u00e8xit escolar 2017 \u00a0#pracXIT17\u00a0adre\u00e7ades a l\u2019Educaci\u00f3 infantil i prim\u00e0ria i a l\u2019Educaci\u00f3 secund\u00e0ria obligat\u00f2ria, \u00a0on s\u2019exposaran les experi\u00e8ncies, que han realitzat [&hellip;]<\/p>\n","protected":false},"author":1,"featured_media":0,"comment_status":"open","ping_status":"closed","sticky":false,"template":"","format":"standard","meta":{"_bbp_topic_count":0,"_bbp_reply_count":0,"_bbp_total_topic_count":0,"_bbp_total_reply_count":0,"_bbp_voice_count":0,"_bbp_anonymous_reply_count":0,"_bbp_topic_count_hidden":0,"_bbp_reply_count_hidden":0,"_bbp_forum_subforum_count":0,"site-sidebar-layout":"default","site-content-layout":"","ast-site-content-layout":"","site-content-style":"default","site-sidebar-style":"default","ast-global-header-display":"","ast-banner-title-visibility":"","ast-main-header-display":"","ast-hfb-above-header-display":"","ast-hfb-below-header-display":"","ast-hfb-mobile-header-display":"","site-post-title":"","ast-breadcrumbs-content":"","ast-featured-img":"","footer-sml-layout":"","theme-transparent-header-meta":"","adv-header-id-meta":"","stick-header-meta":"","header-above-stick-meta":"","header-main-stick-meta":"","header-below-stick-meta":"","astra-migrate-meta-layouts":"default","ast-page-background-enabled":"default","ast-page-background-meta":{"desktop":{"background-color":"var(--ast-global-color-4)","background-image":"","background-repeat":"repeat","background-position":"center center","background-size":"auto","background-attachment":"scroll","background-type":"","background-media":"","overlay-type":"","overlay-color":"","overlay-opacity":"","overlay-gradient":""},"tablet":{"background-color":"","background-image":"","background-repeat":"repeat","background-position":"center center","background-size":"auto","background-attachment":"scroll","background-type":"","background-media":"","overlay-type":"","overlay-color":"","overlay-opacity":"","overlay-gradient":""},"mobile":{"background-color":"","background-image":"","background-repeat":"repeat","background-position":"center center","background-size":"auto","background-attachment":"scroll","background-type":"","background-media":"","overlay-type":"","overlay-color":"","overlay-opacity":"","overlay-gradient":""}},"ast-content-background-meta":{"desktop":{"background-color":"var(--ast-global-color-5)","background-image":"","background-repeat":"repeat","background-position":"center center","background-size":"auto","background-attachment":"scroll","background-type":"","background-media":"","overlay-type":"","overlay-color":"","overlay-opacity":"","overlay-gradient":""},"tablet":{"background-color":"var(--ast-global-color-5)","background-image":"","background-repeat":"repeat","background-position":"center center","background-size":"auto","background-attachment":"scroll","background-type":"","background-media":"","overlay-type":"","overlay-color":"","overlay-opacity":"","overlay-gradient":""},"mobile":{"background-color":"var(--ast-global-color-5)","background-image":"","background-repeat":"repeat","background-position":"center center","background-size":"auto","background-attachment":"scroll","background-type":"","background-media":"","overlay-type":"","overlay-color":"","overlay-opacity":"","overlay-gradient":""}},"footnotes":""},"categories":[154,235,29],"tags":[330,163,172,179,317],"class_list":["post-8570","post","type-post","status-publish","format-standard","hentry","category-formacio","category-formacio_ins","category-portada","tag-pracxit17","tag-educacio-infantil","tag-educacio-primaria","tag-educacio-secundaria","tag-jornada"],"post_mailing_queue_ids":[],"_links":{"self":[{"href":"https:\/\/serveiseducatius.xtec.cat\/conca\/wp-json\/wp\/v2\/posts\/8570","targetHints":{"allow":["GET"]}}],"collection":[{"href":"https:\/\/serveiseducatius.xtec.cat\/conca\/wp-json\/wp\/v2\/posts"}],"about":[{"href":"https:\/\/serveiseducatius.xtec.cat\/conca\/wp-json\/wp\/v2\/types\/post"}],"author":[{"embeddable":true,"href":"https:\/\/serveiseducatius.xtec.cat\/conca\/wp-json\/wp\/v2\/users\/1"}],"replies":[{"embeddable":true,"href":"https:\/\/serveiseducatius.xtec.cat\/conca\/wp-json\/wp\/v2\/comments?post=8570"}],"version-history":[{"count":1,"href":"https:\/\/serveiseducatius.xtec.cat\/conca\/wp-json\/wp\/v2\/posts\/8570\/revisions"}],"predecessor-version":[{"id":8571,"href":"https:\/\/serveiseducatius.xtec.cat\/conca\/wp-json\/wp\/v2\/posts\/8570\/revisions\/8571"}],"wp:attachment":[{"href":"https:\/\/serveiseducatius.xtec.cat\/conca\/wp-json\/wp\/v2\/media?parent=8570"}],"wp:term":[{"taxonomy":"category","embeddable":true,"href":"https:\/\/serveiseducatius.xtec.cat\/conca\/wp-json\/wp\/v2\/categories?post=8570"},{"taxonomy":"post_tag","embeddable":true,"href":"https:\/\/serveiseducatius.xtec.cat\/conca\/wp-json\/wp\/v2\/tags?post=8570"}],"curies":[{"name":"wp","href":"https:\/\/api.w.org\/{rel}","templated":true}]}}