{"id":8423,"date":"2017-04-07T14:22:54","date_gmt":"2017-04-07T12:22:54","guid":{"rendered":"http:\/\/serveiseducatius.xtec.cat\/conca\/?p=8423"},"modified":"2017-04-07T14:22:54","modified_gmt":"2017-04-07T12:22:54","slug":"4-escoles-de-la-conca-de-barbera-passen-a-semifinals","status":"publish","type":"post","link":"https:\/\/serveiseducatius.xtec.cat\/conca\/portada\/4-escoles-de-la-conca-de-barbera-passen-a-semifinals\/","title":{"rendered":"4 Escoles de la Conca de Barber\u00e0 passen a semifinals"},"content":{"rendered":"<p>11 centres de la comarca, amb un total de 365 alumnes, han participat en el XIII Certamen nacional infantil i juvenil de lectura en veu alta (CLVA) organitzat pel Departament d\u2019Ensenyament i la Fundaci\u00f3 Enciclop\u00e8dia Catalana.<\/p>\n<p>Els quart de final del CLVA s\u2019ha celebrat a Reus els dies 3,4,5 i 6 d\u2019abril amb un total d\u2019unes 145 lectures.<\/p>\n<p>Els alumnes de la nostra comarca que han passat a semifinals s\u00f3n:<\/p>\n<p>De la categoria grumets vermells (cicle mitj\u00e0):<\/p>\n<ul>\n<li>Isolda Sans. Escola Sagrat Cor, de Solivella, de la categoria Grumets vermells (cicle mitj\u00e0)<\/li>\n<\/ul>\n<p>De la categoria grumets verds (cicle superior):<\/p>\n<ul>\n<li>Laura P\u00e9rez. Escola <a href=\"http:\/\/blocs.xtec.cat\/pira\/2017\/04\/04\/certamen-nacional-infantil-i-juvenil-de-lectura-en-veu-alta\/\">Antoni Tous<\/a>, de Pira.<\/li>\n<li>Laia Remol\u00e0. Escola <a href=\"http:\/\/escolalesmuralles.blogspot.com.es\/2017\/04\/certamen-de-lectura-en-veu-alta.html\">Les Muralles<\/a>, de Montblanc.<\/li>\n<li>Mart\u00ed Jiball\u00ed. Escola Mare de D\u00e9u dels Torrents, de Vimbod\u00ed.<\/li>\n<\/ul>\n<p>Enhorabona a tots els alumnes i docents que han treballat de valent per millorar la lectura. Des del Centre de Recursos de la Conca desitgem molta sort en les lectures dels \u00a0semifinalistes.<\/p>\n<p>&nbsp;<\/p>\n","protected":false},"excerpt":{"rendered":"<p>11 centres de la comarca, amb un total de 365 alumnes, han participat en el XIII Certamen nacional infantil i juvenil de lectura en veu alta (CLVA) organitzat pel Departament d\u2019Ensenyament i la Fundaci\u00f3 Enciclop\u00e8dia Catalana. Els quart de final del CLVA s\u2019ha celebrat a Reus els dies 3,4,5 i 6 d\u2019abril amb un total [&hellip;]<\/p>\n","protected":false},"author":1,"featured_media":0,"comment_status":"open","ping_status":"open","sticky":false,"template":"","format":"standard","meta":{"_bbp_topic_count":0,"_bbp_reply_count":0,"_bbp_total_topic_count":0,"_bbp_total_reply_count":0,"_bbp_voice_count":0,"_bbp_anonymous_reply_count":0,"_bbp_topic_count_hidden":0,"_bbp_reply_count_hidden":0,"_bbp_forum_subforum_count":0,"site-sidebar-layout":"default","site-content-layout":"","ast-site-content-layout":"","site-content-style":"default","site-sidebar-style":"default","ast-global-header-display":"","ast-banner-title-visibility":"","ast-main-header-display":"","ast-hfb-above-header-display":"","ast-hfb-below-header-display":"","ast-hfb-mobile-header-display":"","site-post-title":"","ast-breadcrumbs-content":"","ast-featured-img":"","footer-sml-layout":"","theme-transparent-header-meta":"","adv-header-id-meta":"","stick-header-meta":"","header-above-stick-meta":"","header-main-stick-meta":"","header-below-stick-meta":"","astra-migrate-meta-layouts":"default","ast-page-background-enabled":"default","ast-page-background-meta":{"desktop":{"background-color":"var(--ast-global-color-4)","background-image":"","background-repeat":"repeat","background-position":"center center","background-size":"auto","background-attachment":"scroll","background-type":"","background-media":"","overlay-type":"","overlay-color":"","overlay-opacity":"","overlay-gradient":""},"tablet":{"background-color":"","background-image":"","background-repeat":"repeat","background-position":"center center","background-size":"auto","background-attachment":"scroll","background-type":"","background-media":"","overlay-type":"","overlay-color":"","overlay-opacity":"","overlay-gradient":""},"mobile":{"background-color":"","background-image":"","background-repeat":"repeat","background-position":"center center","background-size":"auto","background-attachment":"scroll","background-type":"","background-media":"","overlay-type":"","overlay-color":"","overlay-opacity":"","overlay-gradient":""}},"ast-content-background-meta":{"desktop":{"background-color":"var(--ast-global-color-5)","background-image":"","background-repeat":"repeat","background-position":"center center","background-size":"auto","background-attachment":"scroll","background-type":"","background-media":"","overlay-type":"","overlay-color":"","overlay-opacity":"","overlay-gradient":""},"tablet":{"background-color":"var(--ast-global-color-5)","background-image":"","background-repeat":"repeat","background-position":"center center","background-size":"auto","background-attachment":"scroll","background-type":"","background-media":"","overlay-type":"","overlay-color":"","overlay-opacity":"","overlay-gradient":""},"mobile":{"background-color":"var(--ast-global-color-5)","background-image":"","background-repeat":"repeat","background-position":"center center","background-size":"auto","background-attachment":"scroll","background-type":"","background-media":"","overlay-type":"","overlay-color":"","overlay-opacity":"","overlay-gradient":""}},"footnotes":""},"categories":[65,72,29],"tags":[],"class_list":["post-8423","post","type-post","status-publish","format-standard","hentry","category-crp","category-lectura-en-veu-alta","category-portada"],"post_mailing_queue_ids":[],"_links":{"self":[{"href":"https:\/\/serveiseducatius.xtec.cat\/conca\/wp-json\/wp\/v2\/posts\/8423","targetHints":{"allow":["GET"]}}],"collection":[{"href":"https:\/\/serveiseducatius.xtec.cat\/conca\/wp-json\/wp\/v2\/posts"}],"about":[{"href":"https:\/\/serveiseducatius.xtec.cat\/conca\/wp-json\/wp\/v2\/types\/post"}],"author":[{"embeddable":true,"href":"https:\/\/serveiseducatius.xtec.cat\/conca\/wp-json\/wp\/v2\/users\/1"}],"replies":[{"embeddable":true,"href":"https:\/\/serveiseducatius.xtec.cat\/conca\/wp-json\/wp\/v2\/comments?post=8423"}],"version-history":[{"count":2,"href":"https:\/\/serveiseducatius.xtec.cat\/conca\/wp-json\/wp\/v2\/posts\/8423\/revisions"}],"predecessor-version":[{"id":8425,"href":"https:\/\/serveiseducatius.xtec.cat\/conca\/wp-json\/wp\/v2\/posts\/8423\/revisions\/8425"}],"wp:attachment":[{"href":"https:\/\/serveiseducatius.xtec.cat\/conca\/wp-json\/wp\/v2\/media?parent=8423"}],"wp:term":[{"taxonomy":"category","embeddable":true,"href":"https:\/\/serveiseducatius.xtec.cat\/conca\/wp-json\/wp\/v2\/categories?post=8423"},{"taxonomy":"post_tag","embeddable":true,"href":"https:\/\/serveiseducatius.xtec.cat\/conca\/wp-json\/wp\/v2\/tags?post=8423"}],"curies":[{"name":"wp","href":"https:\/\/api.w.org\/{rel}","templated":true}]}}