{"id":14892,"date":"2026-09-02T10:39:02","date_gmt":"2026-09-02T08:39:02","guid":{"rendered":"https:\/\/serveiseducatius.xtec.cat\/conca\/?p=14892"},"modified":"2026-09-02T14:27:18","modified_gmt":"2026-09-02T12:27:18","slug":"jornada-dont-look-away","status":"publish","type":"post","link":"https:\/\/serveiseducatius.xtec.cat\/conca\/general\/jornada-dont-look-away\/","title":{"rendered":"Jornada &#8220;Don&#8217;t look away&#8221;"},"content":{"rendered":"<p>El Centre de Recursos Pedag\u00f2gics (CRP) de la Conca de Barber\u00e0 est\u00e0 desenvolupant un projecte europeu Erasmus+ KA122 amb el t\u00edtol <em>\u201cDon\u2019t look away: coeducation in action\u201d<\/em>, centrat en la coeducaci\u00f3 i el lideratge intermedi (middle tier), amb l\u2019objectiu de promoure pr\u00e0ctiques educatives m\u00e9s inclusives, equitatives i respectuoses als centres educatius de la comarca.<\/p>\n<p>El projecte neix amb la voluntat de con\u00e8ixer com diferents pa\u00efsos i institucions europees acompanyen els centres educatius en termes de coeducaci\u00f3, igualtat d\u2019oportunitats, benestar i lideratge educatiu. A trav\u00e9s de les diferents mobilitats i activitats previstes, el CRP podr\u00e0 observar experi\u00e8ncies internacionals, metodologies i estructures de suport als centres per tal de traslladar-ne aquells aspectes m\u00e9s enriquidors al context educatiu de la Conca de Barber\u00e0.<\/p>\n<p>En el marc d\u2019aquest projecte, els dies <strong>2 i 3 d\u2019octubre<\/strong> organitzem una jornada a Montblanc dedicada a la coeducaci\u00f3, que inclour\u00e0 confer\u00e8ncies, tallers, experi\u00e8ncies de centres educatius, taules rodones i presentaci\u00f3 de recursos.<\/p>\n<p><img loading=\"lazy\" decoding=\"async\" class=\"aligncenter size-medium wp-image-14896\" src=\"https:\/\/serveiseducatius.xtec.cat\/conca\/wp-content\/uploads\/usu1131\/2026\/09\/jornada-erasmus-1-223x300.png\" alt=\"\" width=\"223\" height=\"300\" srcset=\"https:\/\/serveiseducatius.xtec.cat\/conca\/wp-content\/uploads\/usu1131\/2026\/09\/jornada-erasmus-1-223x300.png 223w, https:\/\/serveiseducatius.xtec.cat\/conca\/wp-content\/uploads\/usu1131\/2026\/09\/jornada-erasmus-1.png 448w\" sizes=\"auto, (max-width: 223px) 100vw, 223px\" \/><\/p>\n<p>A continuaci\u00f3 podeu veure el programa detallat dels dos dies.<\/p>\n<p>La jornada del primer dia, divendres 2 d&#8217;octubre, sota el t\u00edtol &#8220;<strong>Liderar la coeducaci\u00f3<\/strong>&#8221; est\u00e0 adre\u00e7at a equips directius i COCOBE.<\/p>\n<p>El segon dia, &#8220;<strong>Transformant mirades<\/strong>&#8220;, oberta a tot el personal docent. Tenir en compte que tamb\u00e9 hi haur\u00e0 servei de canguratge gratu\u00eft proporcionat a trav\u00e9s del SIAD.<\/p>\n<p>Els codis d&#8217;inscripci\u00f3 s\u00f3n els seg\u00fcents:<\/p>\n<p>Divendres 2 &#8220;<a href=\"https:\/\/aplicacions.gestioeducativa.gencat.cat\/ords\/pls\/soloas\/pk_for_mod_ins.p_for_detall_activitat?p_header=Llista%20d%27activitats^pk_for_mod_ins.p_for_cons_activitats?p_crp=705%26p_crp_txt=Conca%26p_any=2026-2027%26p_totes=S%26p_inici=1%26p_excloure_crp_rec=T&amp;p_codi=7050011705&amp;p_curs=2026-2027&amp;p_excloure_crp_rec=T\">Liderar la coeducaci\u00f3<\/a>&#8220;: <span class=\"a_GcMg font-feature-liga-off font-feature-clig-off font-feature-calt-off text-decoration-none text-strikethrough-none\">7050011705<\/span><\/p>\n<p>Dissabte 3: &#8220;<a href=\"https:\/\/aplicacions.gestioeducativa.gencat.cat\/ords\/pls\/soloas\/pk_for_mod_ins.p_for_detall_activitat?p_header=Llista%20d%27activitats^pk_for_mod_ins.p_for_cons_activitats?p_crp=705%26p_crp_txt=Conca%26p_any=2026-2027%26p_totes=S%26p_inici=1%26p_excloure_crp_rec=T&amp;p_codi=7050021705&amp;p_curs=2026-2027&amp;p_excloure_crp_rec=T\">Transformant mirades<\/a>&#8220;: <span class=\"a_GcMg font-feature-liga-off font-feature-clig-off font-feature-calt-off text-decoration-none text-strikethrough-none\">7050021705<\/span><\/p>\n<p>&nbsp;<\/p>\n<p><img loading=\"lazy\" decoding=\"async\" class=\"aligncenter wp-image-14897 size-large\" src=\"https:\/\/serveiseducatius.xtec.cat\/conca\/wp-content\/uploads\/usu1131\/2026\/09\/Jornada-Dont-look-away-4-1024x724.png\" alt=\"\" width=\"1024\" height=\"724\" srcset=\"https:\/\/serveiseducatius.xtec.cat\/conca\/wp-content\/uploads\/usu1131\/2026\/09\/Jornada-Dont-look-away-4-1024x724.png 1024w, https:\/\/serveiseducatius.xtec.cat\/conca\/wp-content\/uploads\/usu1131\/2026\/09\/Jornada-Dont-look-away-4-300x212.png 300w, https:\/\/serveiseducatius.xtec.cat\/conca\/wp-content\/uploads\/usu1131\/2026\/09\/Jornada-Dont-look-away-4-768x543.png 768w, https:\/\/serveiseducatius.xtec.cat\/conca\/wp-content\/uploads\/usu1131\/2026\/09\/Jornada-Dont-look-away-4-1536x1086.png 1536w, https:\/\/serveiseducatius.xtec.cat\/conca\/wp-content\/uploads\/usu1131\/2026\/09\/Jornada-Dont-look-away-4.png 2000w\" sizes=\"auto, (max-width: 1024px) 100vw, 1024px\" \/><\/p>\n","protected":false},"excerpt":{"rendered":"<p>El Centre de Recursos Pedag\u00f2gics (CRP) de la Conca de Barber\u00e0 est\u00e0 desenvolupant un projecte europeu Erasmus+ KA122 amb el t\u00edtol \u201cDon\u2019t look away: coeducation in action\u201d, centrat en la coeducaci\u00f3 i el lideratge intermedi (middle tier), amb l\u2019objectiu de promoure pr\u00e0ctiques educatives m\u00e9s inclusives, equitatives i respectuoses als centres educatius de la comarca. El [&hellip;]<\/p>\n","protected":false},"author":1,"featured_media":14896,"comment_status":"open","ping_status":"open","sticky":false,"template":"","format":"standard","meta":{"_bbp_topic_count":0,"_bbp_reply_count":0,"_bbp_total_topic_count":0,"_bbp_total_reply_count":0,"_bbp_voice_count":0,"_bbp_anonymous_reply_count":0,"_bbp_topic_count_hidden":0,"_bbp_reply_count_hidden":0,"_bbp_forum_subforum_count":0,"site-sidebar-layout":"default","site-content-layout":"","ast-site-content-layout":"default","site-content-style":"default","site-sidebar-style":"default","ast-global-header-display":"","ast-banner-title-visibility":"","ast-main-header-display":"","ast-hfb-above-header-display":"","ast-hfb-below-header-display":"","ast-hfb-mobile-header-display":"","site-post-title":"","ast-breadcrumbs-content":"","ast-featured-img":"","footer-sml-layout":"","theme-transparent-header-meta":"default","adv-header-id-meta":"","stick-header-meta":"","header-above-stick-meta":"","header-main-stick-meta":"","header-below-stick-meta":"","astra-migrate-meta-layouts":"set","ast-page-background-enabled":"default","ast-page-background-meta":{"desktop":{"background-color":"var(--ast-global-color-4)","background-image":"","background-repeat":"repeat","background-position":"center center","background-size":"auto","background-attachment":"scroll","background-type":"","background-media":"","overlay-type":"","overlay-color":"","overlay-opacity":"","overlay-gradient":""},"tablet":{"background-color":"","background-image":"","background-repeat":"repeat","background-position":"center center","background-size":"auto","background-attachment":"scroll","background-type":"","background-media":"","overlay-type":"","overlay-color":"","overlay-opacity":"","overlay-gradient":""},"mobile":{"background-color":"","background-image":"","background-repeat":"repeat","background-position":"center center","background-size":"auto","background-attachment":"scroll","background-type":"","background-media":"","overlay-type":"","overlay-color":"","overlay-opacity":"","overlay-gradient":""}},"ast-content-background-meta":{"desktop":{"background-color":"var(--ast-global-color-5)","background-image":"","background-repeat":"repeat","background-position":"center center","background-size":"auto","background-attachment":"scroll","background-type":"","background-media":"","overlay-type":"","overlay-color":"","overlay-opacity":"","overlay-gradient":""},"tablet":{"background-color":"var(--ast-global-color-5)","background-image":"","background-repeat":"repeat","background-position":"center center","background-size":"auto","background-attachment":"scroll","background-type":"","background-media":"","overlay-type":"","overlay-color":"","overlay-opacity":"","overlay-gradient":""},"mobile":{"background-color":"var(--ast-global-color-5)","background-image":"","background-repeat":"repeat","background-position":"center center","background-size":"auto","background-attachment":"scroll","background-type":"","background-media":"","overlay-type":"","overlay-color":"","overlay-opacity":"","overlay-gradient":""}},"footnotes":""},"categories":[65,899,154,1,153,29],"tags":[],"class_list":["post-14892","post","type-post","status-publish","format-standard","has-post-thumbnail","hentry","category-crp","category-erasmus","category-formacio","category-general","category-pfz","category-portada"],"post_mailing_queue_ids":[],"_links":{"self":[{"href":"https:\/\/serveiseducatius.xtec.cat\/conca\/wp-json\/wp\/v2\/posts\/14892","targetHints":{"allow":["GET"]}}],"collection":[{"href":"https:\/\/serveiseducatius.xtec.cat\/conca\/wp-json\/wp\/v2\/posts"}],"about":[{"href":"https:\/\/serveiseducatius.xtec.cat\/conca\/wp-json\/wp\/v2\/types\/post"}],"author":[{"embeddable":true,"href":"https:\/\/serveiseducatius.xtec.cat\/conca\/wp-json\/wp\/v2\/users\/1"}],"replies":[{"embeddable":true,"href":"https:\/\/serveiseducatius.xtec.cat\/conca\/wp-json\/wp\/v2\/comments?post=14892"}],"version-history":[{"count":2,"href":"https:\/\/serveiseducatius.xtec.cat\/conca\/wp-json\/wp\/v2\/posts\/14892\/revisions"}],"predecessor-version":[{"id":14898,"href":"https:\/\/serveiseducatius.xtec.cat\/conca\/wp-json\/wp\/v2\/posts\/14892\/revisions\/14898"}],"wp:featuredmedia":[{"embeddable":true,"href":"https:\/\/serveiseducatius.xtec.cat\/conca\/wp-json\/wp\/v2\/media\/14896"}],"wp:attachment":[{"href":"https:\/\/serveiseducatius.xtec.cat\/conca\/wp-json\/wp\/v2\/media?parent=14892"}],"wp:term":[{"taxonomy":"category","embeddable":true,"href":"https:\/\/serveiseducatius.xtec.cat\/conca\/wp-json\/wp\/v2\/categories?post=14892"},{"taxonomy":"post_tag","embeddable":true,"href":"https:\/\/serveiseducatius.xtec.cat\/conca\/wp-json\/wp\/v2\/tags?post=14892"}],"curies":[{"name":"wp","href":"https:\/\/api.w.org\/{rel}","templated":true}]}}