{"id":14721,"date":"2026-02-20T12:30:02","date_gmt":"2026-02-20T11:30:02","guid":{"rendered":"https:\/\/serveiseducatius.xtec.cat\/conca\/?p=14721"},"modified":"2026-02-17T13:20:09","modified_gmt":"2026-02-17T12:20:09","slug":"xxxiii-lescola-al-teatre-teatre-en-angles-little-red-rocks","status":"publish","type":"post","link":"https:\/\/serveiseducatius.xtec.cat\/conca\/general\/xxxiii-lescola-al-teatre-teatre-en-angles-little-red-rocks\/","title":{"rendered":"XXXIII L\u2019escola al teatre. Teatre en angl\u00e8s \u201cLittle Red Rocks\u201d"},"content":{"rendered":"<p class=\"\" data-start=\"241\" data-end=\"596\">Un any m\u00e9s, les escoles de la comarca conjuntament amb el Centre de Recursos Pedag\u00f2gics de la Conca de Barber\u00e0 organitzen el programa\u00a0<strong data-start=\"338\" data-end=\"362\">\u201cL\u2019Escola al Teatre\u201d<\/strong>, que arriba a la seva 33a edici\u00f3. Aquesta activitat forma part de la proposta educativa que vol apropar les arts esc\u00e8niques a l\u2019alumnat de la comarca i promoure l\u2019aprenentatge de lleng\u00fces estrangeres mitjan\u00e7ant l\u2019experi\u00e8ncia teatral.<\/p>\n<p class=\"\" data-start=\"649\" data-end=\"974\">Enguany, els alumnes del\u00a0<strong data-start=\"674\" data-end=\"712\">cicle mitj\u00e0 i superior de prim\u00e0ria<\/strong> gaudiran de l\u2019obra <em><strong>Little Red Rocks<\/strong><\/em>, una divertida adaptaci\u00f3 en angl\u00e8s a c\u00e0rrec de la companyia <strong data-start=\"811\" data-end=\"830\">Jumping Ducks<\/strong>. L\u2019objectiu \u00e9s oferir una immersi\u00f3 ling\u00fc\u00edstica en un context l\u00fadic i motivador, potenciant la comprensi\u00f3 oral de l\u2019angl\u00e8s d\u2019una manera natural.<\/p>\n<p data-start=\"649\" data-end=\"974\">\n<p data-start=\"649\" data-end=\"974\"><img loading=\"lazy\" decoding=\"async\" class=\"aligncenter size-medium wp-image-14722\" src=\"https:\/\/serveiseducatius.xtec.cat\/conca\/wp-content\/uploads\/usu1131\/2026\/02\/XXXIII-Lescola-al-teatre_CMCS_Curs2025-2026_LittleRedRocks-212x300.jpg\" alt=\"\" width=\"212\" height=\"300\" srcset=\"https:\/\/serveiseducatius.xtec.cat\/conca\/wp-content\/uploads\/usu1131\/2026\/02\/XXXIII-Lescola-al-teatre_CMCS_Curs2025-2026_LittleRedRocks-212x300.jpg 212w, https:\/\/serveiseducatius.xtec.cat\/conca\/wp-content\/uploads\/usu1131\/2026\/02\/XXXIII-Lescola-al-teatre_CMCS_Curs2025-2026_LittleRedRocks-724x1024.jpg 724w, https:\/\/serveiseducatius.xtec.cat\/conca\/wp-content\/uploads\/usu1131\/2026\/02\/XXXIII-Lescola-al-teatre_CMCS_Curs2025-2026_LittleRedRocks-768x1086.jpg 768w, https:\/\/serveiseducatius.xtec.cat\/conca\/wp-content\/uploads\/usu1131\/2026\/02\/XXXIII-Lescola-al-teatre_CMCS_Curs2025-2026_LittleRedRocks-1086x1536.jpg 1086w, https:\/\/serveiseducatius.xtec.cat\/conca\/wp-content\/uploads\/usu1131\/2026\/02\/XXXIII-Lescola-al-teatre_CMCS_Curs2025-2026_LittleRedRocks.jpg 1414w\" sizes=\"auto, (max-width: 212px) 100vw, 212px\" \/><\/p>\n<h3 class=\"\" data-start=\"976\" data-end=\"1002\">Calendari i localitats<\/h3>\n<p class=\"\" data-start=\"1004\" data-end=\"1120\">Les representacions tindran lloc en diferents municipis de la comarca, facilitant l\u2019acc\u00e9s al m\u00e0xim nombre d\u2019escoles:<\/p>\n<ul data-start=\"1122\" data-end=\"1418\">\n<li class=\"\" data-start=\"1122\" data-end=\"1219\">\n<p class=\"\" data-start=\"1124\" data-end=\"1219\"><strong data-start=\"1124\" data-end=\"1148\">Dimarts, 3 de mar\u00e7<\/strong><br data-start=\"1148\" data-end=\"1151\" \/>\u23f0 10 h<br data-start=\"1171\" data-end=\"1174\" \/>\ud83d\udccd Teatre del Casal \u2013\u00a0<strong data-start=\"1287\" data-end=\"1312\">L\u2019Espluga de Francol\u00ed<\/strong><\/p>\n<\/li>\n<li class=\"\" data-start=\"1122\" data-end=\"1219\">\n<p class=\"\" data-start=\"1124\" data-end=\"1219\">\u23f015:15 h<br data-start=\"1260\" data-end=\"1263\" \/>\ud83d\udccd Teatre Municipal L\u2019Estrella \u2013\u00a0<strong data-start=\"1391\" data-end=\"1418\">Santa Coloma de Queralt<\/strong><\/p>\n<\/li>\n<li class=\"\" data-start=\"1314\" data-end=\"1418\">\n<p class=\"\" data-start=\"1316\" data-end=\"1418\"><strong data-start=\"1316\" data-end=\"1339\">Dimecres, 4 de mar\u00e7<\/strong><br data-start=\"1339\" data-end=\"1342\" \/>\u23f0 9:30 h i 11:30 h<br data-start=\"1353\" data-end=\"1356\" \/>\ud83d\udccd<span style=\"font-size: 16px;\">Pavell\u00f3 Casal Montblanqu\u00ed \u2013 <\/span><strong style=\"font-size: 16px;\" data-start=\"1206\" data-end=\"1219\">Montblanc<\/strong><\/p>\n<\/li>\n<\/ul>\n<p class=\"\" data-start=\"1456\" data-end=\"1764\">Aquesta activitat\u00a0compta amb la col\u00b7laboraci\u00f3 dels ajuntaments de\u00a0<strong data-start=\"1645\" data-end=\"1658\">Montblanc<\/strong>,\u00a0<strong data-start=\"1660\" data-end=\"1685\">l\u2019Espluga de Francol\u00ed<\/strong>,\u00a0<strong data-start=\"1687\" data-end=\"1714\">Santa Coloma de Queralt<\/strong>\u00a0i el\u00a0<strong data-start=\"1720\" data-end=\"1763\">Consell Comarcal de la Conca de Barber\u00e0<\/strong>.<\/p>\n","protected":false},"excerpt":{"rendered":"<p>Un any m\u00e9s, les escoles de la comarca conjuntament amb el Centre de Recursos Pedag\u00f2gics de la Conca de Barber\u00e0 organitzen el programa\u00a0\u201cL\u2019Escola al Teatre\u201d, que arriba a la seva 33a edici\u00f3. Aquesta activitat forma part de la proposta educativa que vol apropar les arts esc\u00e8niques a l\u2019alumnat de la comarca i promoure l\u2019aprenentatge de [&hellip;]<\/p>\n","protected":false},"author":1,"featured_media":14722,"comment_status":"open","ping_status":"open","sticky":false,"template":"","format":"standard","meta":{"_bbp_topic_count":0,"_bbp_reply_count":0,"_bbp_total_topic_count":0,"_bbp_total_reply_count":0,"_bbp_voice_count":0,"_bbp_anonymous_reply_count":0,"_bbp_topic_count_hidden":0,"_bbp_reply_count_hidden":0,"_bbp_forum_subforum_count":0,"site-sidebar-layout":"default","site-content-layout":"","ast-site-content-layout":"default","site-content-style":"default","site-sidebar-style":"default","ast-global-header-display":"","ast-banner-title-visibility":"","ast-main-header-display":"","ast-hfb-above-header-display":"","ast-hfb-below-header-display":"","ast-hfb-mobile-header-display":"","site-post-title":"","ast-breadcrumbs-content":"","ast-featured-img":"","footer-sml-layout":"","theme-transparent-header-meta":"default","adv-header-id-meta":"","stick-header-meta":"","header-above-stick-meta":"","header-main-stick-meta":"","header-below-stick-meta":"","astra-migrate-meta-layouts":"set","ast-page-background-enabled":"default","ast-page-background-meta":{"desktop":{"background-color":"var(--ast-global-color-4)","background-image":"","background-repeat":"repeat","background-position":"center center","background-size":"auto","background-attachment":"scroll","background-type":"","background-media":"","overlay-type":"","overlay-color":"","overlay-opacity":"","overlay-gradient":""},"tablet":{"background-color":"","background-image":"","background-repeat":"repeat","background-position":"center center","background-size":"auto","background-attachment":"scroll","background-type":"","background-media":"","overlay-type":"","overlay-color":"","overlay-opacity":"","overlay-gradient":""},"mobile":{"background-color":"","background-image":"","background-repeat":"repeat","background-position":"center center","background-size":"auto","background-attachment":"scroll","background-type":"","background-media":"","overlay-type":"","overlay-color":"","overlay-opacity":"","overlay-gradient":""}},"ast-content-background-meta":{"desktop":{"background-color":"var(--ast-global-color-5)","background-image":"","background-repeat":"repeat","background-position":"center center","background-size":"auto","background-attachment":"scroll","background-type":"","background-media":"","overlay-type":"","overlay-color":"","overlay-opacity":"","overlay-gradient":""},"tablet":{"background-color":"var(--ast-global-color-5)","background-image":"","background-repeat":"repeat","background-position":"center center","background-size":"auto","background-attachment":"scroll","background-type":"","background-media":"","overlay-type":"","overlay-color":"","overlay-opacity":"","overlay-gradient":""},"mobile":{"background-color":"var(--ast-global-color-5)","background-image":"","background-repeat":"repeat","background-position":"center center","background-size":"auto","background-attachment":"scroll","background-type":"","background-media":"","overlay-type":"","overlay-color":"","overlay-opacity":"","overlay-gradient":""}},"footnotes":""},"categories":[65,66,1,328,29],"tags":[],"class_list":["post-14721","post","type-post","status-publish","format-standard","has-post-thumbnail","hentry","category-crp","category-dinamitzacio","category-general","category-lescola-al-teatre","category-portada"],"post_mailing_queue_ids":[],"_links":{"self":[{"href":"https:\/\/serveiseducatius.xtec.cat\/conca\/wp-json\/wp\/v2\/posts\/14721","targetHints":{"allow":["GET"]}}],"collection":[{"href":"https:\/\/serveiseducatius.xtec.cat\/conca\/wp-json\/wp\/v2\/posts"}],"about":[{"href":"https:\/\/serveiseducatius.xtec.cat\/conca\/wp-json\/wp\/v2\/types\/post"}],"author":[{"embeddable":true,"href":"https:\/\/serveiseducatius.xtec.cat\/conca\/wp-json\/wp\/v2\/users\/1"}],"replies":[{"embeddable":true,"href":"https:\/\/serveiseducatius.xtec.cat\/conca\/wp-json\/wp\/v2\/comments?post=14721"}],"version-history":[{"count":1,"href":"https:\/\/serveiseducatius.xtec.cat\/conca\/wp-json\/wp\/v2\/posts\/14721\/revisions"}],"predecessor-version":[{"id":14723,"href":"https:\/\/serveiseducatius.xtec.cat\/conca\/wp-json\/wp\/v2\/posts\/14721\/revisions\/14723"}],"wp:featuredmedia":[{"embeddable":true,"href":"https:\/\/serveiseducatius.xtec.cat\/conca\/wp-json\/wp\/v2\/media\/14722"}],"wp:attachment":[{"href":"https:\/\/serveiseducatius.xtec.cat\/conca\/wp-json\/wp\/v2\/media?parent=14721"}],"wp:term":[{"taxonomy":"category","embeddable":true,"href":"https:\/\/serveiseducatius.xtec.cat\/conca\/wp-json\/wp\/v2\/categories?post=14721"},{"taxonomy":"post_tag","embeddable":true,"href":"https:\/\/serveiseducatius.xtec.cat\/conca\/wp-json\/wp\/v2\/tags?post=14721"}],"curies":[{"name":"wp","href":"https:\/\/api.w.org\/{rel}","templated":true}]}}