{"id":14701,"date":"2025-11-14T13:10:26","date_gmt":"2025-11-14T12:10:26","guid":{"rendered":"https:\/\/serveiseducatius.xtec.cat\/conca\/?p=14701"},"modified":"2026-02-11T13:13:10","modified_gmt":"2026-02-11T12:13:10","slug":"2a-sessio-formacio-implementacio-de-projectes-erasmus-ka121-ka122-convocatoria-2025","status":"publish","type":"post","link":"https:\/\/serveiseducatius.xtec.cat\/conca\/erasmus\/2a-sessio-formacio-implementacio-de-projectes-erasmus-ka121-ka122-convocatoria-2025\/","title":{"rendered":"2a sessi\u00f3 Formaci\u00f3 Implementaci\u00f3 de projectes Erasmus+ KA121\/KA122 convocat\u00f2ria 2025"},"content":{"rendered":"<blockquote class=\"wp-embedded-content\" data-secret=\"TyQPztGaET\"><p><a href=\"https:\/\/projectes.xtec.cat\/internacional\/general\/2a-sessio-formacio-implementacio-de-projectes-erasmus-ka121-ka122-convocatoria-2024\/\">2a sessi\u00f3 Formaci\u00f3 Implementaci\u00f3 de projectes Erasmus+ KA121\/KA122 convocat\u00f2ria 2025<\/a><\/p><\/blockquote>\n<p><iframe loading=\"lazy\" class=\"wp-embedded-content\" sandbox=\"allow-scripts\" security=\"restricted\" style=\"position: absolute; visibility: hidden;\" title=\"&#8220;2a sessi\u00f3 Formaci\u00f3 Implementaci\u00f3 de projectes Erasmus+ KA121\/KA122 convocat\u00f2ria 2025&#8221; &#8212; Unitat de Projectes Internacionals\" src=\"https:\/\/projectes.xtec.cat\/internacional\/general\/2a-sessio-formacio-implementacio-de-projectes-erasmus-ka121-ka122-convocatoria-2024\/embed\/#?secret=Cclth8BoAD#?secret=TyQPztGaET\" data-secret=\"TyQPztGaET\" width=\"500\" height=\"282\" frameborder=\"0\" marginwidth=\"0\" marginheight=\"0\" scrolling=\"no\"><\/iframe><\/p>\n<p>Aqu\u00ed trobareu enlla\u00e7at l&#8217;article amb les imatges de la segona sessi\u00f3 formativa <strong><em>Implementaci\u00f3 dels projectes Erasmus+ KA121\/KA122 convocat\u00f2ria 2025<\/em> <\/strong>en qu\u00e8 el CRP Conca hi participa.<\/p>\n","protected":false},"excerpt":{"rendered":"<p>2a sessi\u00f3 Formaci\u00f3 Implementaci\u00f3 de projectes Erasmus+ KA121\/KA122 convocat\u00f2ria 2025 Aqu\u00ed trobareu enlla\u00e7at l&#8217;article amb les imatges de la segona sessi\u00f3 formativa Implementaci\u00f3 dels projectes Erasmus+ KA121\/KA122 convocat\u00f2ria 2025 en qu\u00e8 el CRP Conca hi participa.<\/p>\n","protected":false},"author":1,"featured_media":0,"comment_status":"open","ping_status":"open","sticky":false,"template":"","format":"standard","meta":{"_bbp_topic_count":0,"_bbp_reply_count":0,"_bbp_total_topic_count":0,"_bbp_total_reply_count":0,"_bbp_voice_count":0,"_bbp_anonymous_reply_count":0,"_bbp_topic_count_hidden":0,"_bbp_reply_count_hidden":0,"_bbp_forum_subforum_count":0,"site-sidebar-layout":"default","site-content-layout":"","ast-site-content-layout":"default","site-content-style":"default","site-sidebar-style":"default","ast-global-header-display":"","ast-banner-title-visibility":"","ast-main-header-display":"","ast-hfb-above-header-display":"","ast-hfb-below-header-display":"","ast-hfb-mobile-header-display":"","site-post-title":"","ast-breadcrumbs-content":"","ast-featured-img":"","footer-sml-layout":"","theme-transparent-header-meta":"default","adv-header-id-meta":"","stick-header-meta":"","header-above-stick-meta":"","header-main-stick-meta":"","header-below-stick-meta":"","astra-migrate-meta-layouts":"set","ast-page-background-enabled":"default","ast-page-background-meta":{"desktop":{"background-color":"var(--ast-global-color-4)","background-image":"","background-repeat":"repeat","background-position":"center center","background-size":"auto","background-attachment":"scroll","background-type":"","background-media":"","overlay-type":"","overlay-color":"","overlay-opacity":"","overlay-gradient":""},"tablet":{"background-color":"","background-image":"","background-repeat":"repeat","background-position":"center center","background-size":"auto","background-attachment":"scroll","background-type":"","background-media":"","overlay-type":"","overlay-color":"","overlay-opacity":"","overlay-gradient":""},"mobile":{"background-color":"","background-image":"","background-repeat":"repeat","background-position":"center center","background-size":"auto","background-attachment":"scroll","background-type":"","background-media":"","overlay-type":"","overlay-color":"","overlay-opacity":"","overlay-gradient":""}},"ast-content-background-meta":{"desktop":{"background-color":"var(--ast-global-color-5)","background-image":"","background-repeat":"repeat","background-position":"center center","background-size":"auto","background-attachment":"scroll","background-type":"","background-media":"","overlay-type":"","overlay-color":"","overlay-opacity":"","overlay-gradient":""},"tablet":{"background-color":"var(--ast-global-color-5)","background-image":"","background-repeat":"repeat","background-position":"center center","background-size":"auto","background-attachment":"scroll","background-type":"","background-media":"","overlay-type":"","overlay-color":"","overlay-opacity":"","overlay-gradient":""},"mobile":{"background-color":"var(--ast-global-color-5)","background-image":"","background-repeat":"repeat","background-position":"center center","background-size":"auto","background-attachment":"scroll","background-type":"","background-media":"","overlay-type":"","overlay-color":"","overlay-opacity":"","overlay-gradient":""}},"footnotes":""},"categories":[899],"tags":[],"class_list":["post-14701","post","type-post","status-publish","format-standard","hentry","category-erasmus"],"post_mailing_queue_ids":[],"_links":{"self":[{"href":"https:\/\/serveiseducatius.xtec.cat\/conca\/wp-json\/wp\/v2\/posts\/14701","targetHints":{"allow":["GET"]}}],"collection":[{"href":"https:\/\/serveiseducatius.xtec.cat\/conca\/wp-json\/wp\/v2\/posts"}],"about":[{"href":"https:\/\/serveiseducatius.xtec.cat\/conca\/wp-json\/wp\/v2\/types\/post"}],"author":[{"embeddable":true,"href":"https:\/\/serveiseducatius.xtec.cat\/conca\/wp-json\/wp\/v2\/users\/1"}],"replies":[{"embeddable":true,"href":"https:\/\/serveiseducatius.xtec.cat\/conca\/wp-json\/wp\/v2\/comments?post=14701"}],"version-history":[{"count":1,"href":"https:\/\/serveiseducatius.xtec.cat\/conca\/wp-json\/wp\/v2\/posts\/14701\/revisions"}],"predecessor-version":[{"id":14702,"href":"https:\/\/serveiseducatius.xtec.cat\/conca\/wp-json\/wp\/v2\/posts\/14701\/revisions\/14702"}],"wp:attachment":[{"href":"https:\/\/serveiseducatius.xtec.cat\/conca\/wp-json\/wp\/v2\/media?parent=14701"}],"wp:term":[{"taxonomy":"category","embeddable":true,"href":"https:\/\/serveiseducatius.xtec.cat\/conca\/wp-json\/wp\/v2\/categories?post=14701"},{"taxonomy":"post_tag","embeddable":true,"href":"https:\/\/serveiseducatius.xtec.cat\/conca\/wp-json\/wp\/v2\/tags?post=14701"}],"curies":[{"name":"wp","href":"https:\/\/api.w.org\/{rel}","templated":true}]}}