{"id":14566,"date":"2025-10-02T17:16:39","date_gmt":"2025-10-02T15:16:39","guid":{"rendered":"https:\/\/serveiseducatius.xtec.cat\/conca\/?p=14566"},"modified":"2025-10-02T17:16:15","modified_gmt":"2025-10-02T15:16:15","slug":"inscripcio-xxii-certamen-de-lectura-en-veu-alta","status":"publish","type":"post","link":"https:\/\/serveiseducatius.xtec.cat\/conca\/general\/inscripcio-xxii-certamen-de-lectura-en-veu-alta\/","title":{"rendered":"Inscripci\u00f3 XXII Certamen de lectura en veu alta"},"content":{"rendered":"<p>Us informem que del 1<b>\u00a0al 31 d\u2019octubre\u00a0s\u2019iniciar\u00e0 el proc\u00e9s d\u2019inscripci\u00f3\u00a0<\/b>de les escoles que volen participar al XXII Certamen de Lectura en Veu alta que aquest any arriba la 22\u00aa edici\u00f3.<\/p>\n<div class=\"gmail_default\">Podeu realitzar la <strong>inscripci\u00f3\u00a0<\/strong>en\u00a0el seg\u00fcent enlla\u00e7\u00a0<a href=\"https:\/\/www.lecturaenveualta.cat\/certamen-de-lectura-en-veu-alta-escolar\/formulari-inscripcio\/\" target=\"_blank\" rel=\"noopener\" data-saferedirecturl=\"https:\/\/www.google.com\/url?q=https:\/\/www.lecturaenveualta.cat\/certamen-de-lectura-en-veu-alta-escolar\/formulari-inscripcio\/&amp;source=gmail&amp;ust=1727850755306000&amp;usg=AOvVaw36WNvMXvsP685ASJapyqid\">https:\/\/www.<wbr \/>lecturaenveualta.cat\/certamen-<wbr \/>de-lectura-en-veu-alta-<wbr \/>escolar\/formulari-inscripcio\/<\/a><\/div>\n<div class=\"gmail_default\"><\/div>\n<div><a href=\"https:\/\/www.lecturaenveualta.cat\/divulgacio-i-recursos\/\" target=\"_blank\" rel=\"noopener\" data-saferedirecturl=\"https:\/\/www.google.com\/url?q=https:\/\/www.lecturaenveualta.cat\/divulgacio-i-recursos\/&amp;source=gmail&amp;ust=1727850755306000&amp;usg=AOvVaw37MSGvFDaA-OCrACX2ADYj\"><img loading=\"lazy\" decoding=\"async\" class=\"aligncenter size-full wp-image-14567\" src=\"https:\/\/serveiseducatius.xtec.cat\/conca\/wp-content\/uploads\/usu1131\/2025\/10\/CLVA.png\" alt=\"\" width=\"702\" height=\"287\" \/><\/a><\/div>\n<div><\/div>\n<div class=\"gmail_default\">Ja hi ha publicats els <strong>llibres<\/strong> que s\u2019utilitzaran per\u00a0 a les semifinals. Els podeu veure\u00a0en\u00a0aquesta web:\u00a0\u00a0<a href=\"https:\/\/www.lecturaenveualta.cat\/certamen-de-lectura-en-veu-alta-escolar\/llibres\/\" target=\"_blank\" rel=\"noopener\" data-saferedirecturl=\"https:\/\/www.google.com\/url?q=https:\/\/www.lecturaenveualta.cat\/certamen-de-lectura-en-veu-alta-escolar\/llibres\/&amp;source=gmail&amp;ust=1727850755306000&amp;usg=AOvVaw3305fK6B8atZlfq2Aey625\">https:\/\/www.<wbr \/>lecturaenveualta.cat\/certamen-<wbr \/>de-lectura-en-veu-alta-<wbr \/>escolar\/llibres\/<\/a><\/div>\n<div class=\"gmail_default\"><\/div>\n<div class=\"gmail_default\">Tamb\u00e9 podeu llegir les <strong>bases del certamen<\/strong> en aquest enlla\u00e7:\u00a0<a href=\"https:\/\/www.lecturaenveualta.cat\/certamen-de-lectura-en-veu-alta-escolar\/bases-del-certamen-escolar\/\" target=\"_blank\" rel=\"noopener\" data-saferedirecturl=\"https:\/\/www.google.com\/url?q=https:\/\/www.lecturaenveualta.cat\/certamen-de-lectura-en-veu-alta-escolar\/bases-del-certamen-escolar\/&amp;source=gmail&amp;ust=1727850755306000&amp;usg=AOvVaw10e75KbkkJ5Hw4ZCt4MLfl\">https:\/\/www.<wbr \/>lecturaenveualta.cat\/certamen-<wbr \/>de-lectura-en-veu-alta-<wbr \/>escolar\/bases-del-certamen-<wbr \/>escolar\/<\/a><\/div>\n<div class=\"gmail_default\"><\/div>\n<div class=\"gmail_default\">La Conca de Barber\u00e0\u00a0sempre ha tingut una alta participaci\u00f3\u00a0i des del CRP us animem\u00a0a participar-hi. Tamb\u00e9 us informem que a la p\u00e0gina seg\u00fcent\u00a0<a href=\"https:\/\/www.lecturaenveualta.cat\/divulgacio-i-recursos\/\" target=\"_blank\" rel=\"noopener\" data-saferedirecturl=\"https:\/\/www.google.com\/url?q=https:\/\/www.lecturaenveualta.cat\/divulgacio-i-recursos\/&amp;source=gmail&amp;ust=1727850755306000&amp;usg=AOvVaw37MSGvFDaA-OCrACX2ADYj\">https:\/\/www.<wbr \/>lecturaenveualta.cat\/<wbr \/>divulgacio-i-recursos\/<\/a>\u00a0teniu disponibles recursos i activitats per treballar la lectura en veu alta<\/div>\n","protected":false},"excerpt":{"rendered":"<p>Us informem que del 1\u00a0al 31 d\u2019octubre\u00a0s\u2019iniciar\u00e0 el proc\u00e9s d\u2019inscripci\u00f3\u00a0de les escoles que volen participar al XXII Certamen de Lectura en Veu alta que aquest any arriba la 22\u00aa edici\u00f3. Podeu realitzar la inscripci\u00f3\u00a0en\u00a0el seg\u00fcent enlla\u00e7\u00a0https:\/\/www.lecturaenveualta.cat\/certamen-de-lectura-en-veu-alta-escolar\/formulari-inscripcio\/ Ja hi ha publicats els llibres que s\u2019utilitzaran per\u00a0 a les semifinals. Els podeu veure\u00a0en\u00a0aquesta web:\u00a0\u00a0https:\/\/www.lecturaenveualta.cat\/certamen-de-lectura-en-veu-alta-escolar\/llibres\/ Tamb\u00e9 podeu llegir [&hellip;]<\/p>\n","protected":false},"author":1,"featured_media":14567,"comment_status":"open","ping_status":"open","sticky":false,"template":"","format":"standard","meta":{"_bbp_topic_count":0,"_bbp_reply_count":0,"_bbp_total_topic_count":0,"_bbp_total_reply_count":0,"_bbp_voice_count":0,"_bbp_anonymous_reply_count":0,"_bbp_topic_count_hidden":0,"_bbp_reply_count_hidden":0,"_bbp_forum_subforum_count":0,"site-sidebar-layout":"default","site-content-layout":"","ast-site-content-layout":"","site-content-style":"default","site-sidebar-style":"default","ast-global-header-display":"","ast-banner-title-visibility":"","ast-main-header-display":"","ast-hfb-above-header-display":"","ast-hfb-below-header-display":"","ast-hfb-mobile-header-display":"","site-post-title":"","ast-breadcrumbs-content":"","ast-featured-img":"","footer-sml-layout":"","theme-transparent-header-meta":"","adv-header-id-meta":"","stick-header-meta":"","header-above-stick-meta":"","header-main-stick-meta":"","header-below-stick-meta":"","astra-migrate-meta-layouts":"default","ast-page-background-enabled":"default","ast-page-background-meta":{"desktop":{"background-color":"var(--ast-global-color-4)","background-image":"","background-repeat":"repeat","background-position":"center center","background-size":"auto","background-attachment":"scroll","background-type":"","background-media":"","overlay-type":"","overlay-color":"","overlay-opacity":"","overlay-gradient":""},"tablet":{"background-color":"","background-image":"","background-repeat":"repeat","background-position":"center center","background-size":"auto","background-attachment":"scroll","background-type":"","background-media":"","overlay-type":"","overlay-color":"","overlay-opacity":"","overlay-gradient":""},"mobile":{"background-color":"","background-image":"","background-repeat":"repeat","background-position":"center center","background-size":"auto","background-attachment":"scroll","background-type":"","background-media":"","overlay-type":"","overlay-color":"","overlay-opacity":"","overlay-gradient":""}},"ast-content-background-meta":{"desktop":{"background-color":"var(--ast-global-color-5)","background-image":"","background-repeat":"repeat","background-position":"center center","background-size":"auto","background-attachment":"scroll","background-type":"","background-media":"","overlay-type":"","overlay-color":"","overlay-opacity":"","overlay-gradient":""},"tablet":{"background-color":"var(--ast-global-color-5)","background-image":"","background-repeat":"repeat","background-position":"center center","background-size":"auto","background-attachment":"scroll","background-type":"","background-media":"","overlay-type":"","overlay-color":"","overlay-opacity":"","overlay-gradient":""},"mobile":{"background-color":"var(--ast-global-color-5)","background-image":"","background-repeat":"repeat","background-position":"center center","background-size":"auto","background-attachment":"scroll","background-type":"","background-media":"","overlay-type":"","overlay-color":"","overlay-opacity":"","overlay-gradient":""}},"footnotes":""},"categories":[66,1,72,29],"tags":[],"class_list":["post-14566","post","type-post","status-publish","format-standard","has-post-thumbnail","hentry","category-dinamitzacio","category-general","category-lectura-en-veu-alta","category-portada"],"post_mailing_queue_ids":[],"_links":{"self":[{"href":"https:\/\/serveiseducatius.xtec.cat\/conca\/wp-json\/wp\/v2\/posts\/14566","targetHints":{"allow":["GET"]}}],"collection":[{"href":"https:\/\/serveiseducatius.xtec.cat\/conca\/wp-json\/wp\/v2\/posts"}],"about":[{"href":"https:\/\/serveiseducatius.xtec.cat\/conca\/wp-json\/wp\/v2\/types\/post"}],"author":[{"embeddable":true,"href":"https:\/\/serveiseducatius.xtec.cat\/conca\/wp-json\/wp\/v2\/users\/1"}],"replies":[{"embeddable":true,"href":"https:\/\/serveiseducatius.xtec.cat\/conca\/wp-json\/wp\/v2\/comments?post=14566"}],"version-history":[{"count":6,"href":"https:\/\/serveiseducatius.xtec.cat\/conca\/wp-json\/wp\/v2\/posts\/14566\/revisions"}],"predecessor-version":[{"id":14573,"href":"https:\/\/serveiseducatius.xtec.cat\/conca\/wp-json\/wp\/v2\/posts\/14566\/revisions\/14573"}],"wp:featuredmedia":[{"embeddable":true,"href":"https:\/\/serveiseducatius.xtec.cat\/conca\/wp-json\/wp\/v2\/media\/14567"}],"wp:attachment":[{"href":"https:\/\/serveiseducatius.xtec.cat\/conca\/wp-json\/wp\/v2\/media?parent=14566"}],"wp:term":[{"taxonomy":"category","embeddable":true,"href":"https:\/\/serveiseducatius.xtec.cat\/conca\/wp-json\/wp\/v2\/categories?post=14566"},{"taxonomy":"post_tag","embeddable":true,"href":"https:\/\/serveiseducatius.xtec.cat\/conca\/wp-json\/wp\/v2\/tags?post=14566"}],"curies":[{"name":"wp","href":"https:\/\/api.w.org\/{rel}","templated":true}]}}