{"id":14321,"date":"2025-04-11T11:19:33","date_gmt":"2025-04-11T09:19:33","guid":{"rendered":"https:\/\/serveiseducatius.xtec.cat\/conca\/?p=14321"},"modified":"2025-04-11T11:19:33","modified_gmt":"2025-04-11T09:19:33","slug":"mes-de-400-alumnes-a-la-x-cantata-dels-centres-de-primaria-de-la-conca-de-barbera","status":"publish","type":"post","link":"https:\/\/serveiseducatius.xtec.cat\/conca\/general\/mes-de-400-alumnes-a-la-x-cantata-dels-centres-de-primaria-de-la-conca-de-barbera\/","title":{"rendered":"M\u00e9s de 400 alumnes a la X Cantata dels centres de prim\u00e0ria de la Conca de Barber\u00e0"},"content":{"rendered":"<p><strong>L\u2019alumnat de 3r i 4t de prim\u00e0ria de la Conca de Barber\u00e0<\/strong>\u00a0s\u2019ha trobat aquest divendres, 4 d\u2019abril, al pavell\u00f3 municipal de\u00a0<strong>Santa Coloma de Queralt,\u00a0<\/strong>on han realitzat la\u00a0<strong>X Cantata<\/strong>\u00a0o Trobada musical dels i les alumnes de cicle mitj\u00e0 de la comarca.<\/p>\n<p><strong>M\u00e9s de 400 nens i nenes<\/strong>, amb docents i mestres, han format part d\u2019aquest concert que durant el curs han estat assajant. Es tracta de l\u2019activitat \u201cCantem junts\u201d, un concert de gran format que cada dos anys se celebra a la Conca de Barber\u00e0 basant-se en el muntatge d\u2019una mateixa cantata per part de\u00a0<strong>totes les escoles de la Conca<\/strong>, un total de 14: l\u2019Escola Mart\u00ed Poch i l\u2019Escola Vedruna de l\u2019Espluga de Francol\u00ed; l\u2019Escola Les Muralles i el Col\u00b7legi Mare de D\u00e9u de la Serra de Montblanc; l\u2019Escola Cor de Roure i l\u2019Escola Vedruna de Santa Coloma de Queralt; l\u2019Escola Salvador Ninot de Sarral; l\u2019Escola Valldemur de Barber\u00e0 de la Conca, l\u2019Escola Antoni Tous de Pira, l\u2019Escola Sant Roc de Rocafort de Queralt i l\u2019Escola Sagrat Cor de Solivella, que formen part de la ZER Conca; l\u2019Escola de Blancafort, l\u2019Escola del Montgoi de Vilaverd i l\u2019Escola Mare de D\u00e9u dels Torrents de Vimbod\u00ed i Poblet, que conformen la ZER Poblet.<\/p>\n<p><img loading=\"lazy\" decoding=\"async\" class=\"aligncenter size-large wp-image-14322\" src=\"https:\/\/serveiseducatius.xtec.cat\/conca\/wp-content\/uploads\/usu1131\/2025\/04\/sta-coloma-cantata-escoles-05-4-4-25-1024x576.jpg\" alt=\"\" width=\"1024\" height=\"576\" srcset=\"https:\/\/serveiseducatius.xtec.cat\/conca\/wp-content\/uploads\/usu1131\/2025\/04\/sta-coloma-cantata-escoles-05-4-4-25-1024x576.jpg 1024w, https:\/\/serveiseducatius.xtec.cat\/conca\/wp-content\/uploads\/usu1131\/2025\/04\/sta-coloma-cantata-escoles-05-4-4-25-300x169.jpg 300w, https:\/\/serveiseducatius.xtec.cat\/conca\/wp-content\/uploads\/usu1131\/2025\/04\/sta-coloma-cantata-escoles-05-4-4-25-768x432.jpg 768w, https:\/\/serveiseducatius.xtec.cat\/conca\/wp-content\/uploads\/usu1131\/2025\/04\/sta-coloma-cantata-escoles-05-4-4-25.jpg 1134w\" sizes=\"auto, (max-width: 1024px) 100vw, 1024px\" \/><\/p>\n<p>Enguany s\u2019ha escollit la cantata que porta per t\u00edtol<strong>\u00a0\u2018La flor del drac\u2019<\/strong>. Es tracta d\u2019una cantata musicada per Jordi Cartany\u00e0 i que sona a ritme de rock i pop. La lletra de les can\u00e7ons que s\u2019han pogut sentir parla de\u00a0<strong>l\u2019empatia<\/strong>, de tot all\u00f2 que fem els altres ens ho fem a nosaltres mateixos.<\/p>\n<p>La cantata esdev\u00e9 tot un esdeveniment, amb representaci\u00f3 teatral del text amb els i les alumnes i les diferents can\u00e7ons que s\u2019hi enllacen. Tot plegat, un espectacle visual que han pogut observar i escoltar com a p\u00fablic els alumnes de les escoles de Santa Coloma i familiars dels alumnes participants de la comarca.<\/p>\n<p>L\u2019objectiu d\u2019aquest projecte \u00e9s treballar la compet\u00e8ncia art\u00edstica i cultural gaudint d\u2019una experi\u00e8ncia del cant agermanat, per\u00f2 tamb\u00e9 la compet\u00e8ncia social i ciutadana aix\u00ed com el fet de reflexionar sobre els continguts i valors que transmeten aquestes cantates.<\/p>\n<p><img loading=\"lazy\" decoding=\"async\" class=\"aligncenter size-large wp-image-14323\" src=\"https:\/\/serveiseducatius.xtec.cat\/conca\/wp-content\/uploads\/usu1131\/2025\/04\/sta-coloma-cantata-escoles-04-4-4-25-1024x768.jpg\" alt=\"\" width=\"1024\" height=\"768\" srcset=\"https:\/\/serveiseducatius.xtec.cat\/conca\/wp-content\/uploads\/usu1131\/2025\/04\/sta-coloma-cantata-escoles-04-4-4-25-1024x768.jpg 1024w, https:\/\/serveiseducatius.xtec.cat\/conca\/wp-content\/uploads\/usu1131\/2025\/04\/sta-coloma-cantata-escoles-04-4-4-25-300x225.jpg 300w, https:\/\/serveiseducatius.xtec.cat\/conca\/wp-content\/uploads\/usu1131\/2025\/04\/sta-coloma-cantata-escoles-04-4-4-25-768x576.jpg 768w, https:\/\/serveiseducatius.xtec.cat\/conca\/wp-content\/uploads\/usu1131\/2025\/04\/sta-coloma-cantata-escoles-04-4-4-25-200x150.jpg 200w, https:\/\/serveiseducatius.xtec.cat\/conca\/wp-content\/uploads\/usu1131\/2025\/04\/sta-coloma-cantata-escoles-04-4-4-25.jpg 1134w\" sizes=\"auto, (max-width: 1024px) 100vw, 1024px\" \/><\/p>\n","protected":false},"excerpt":{"rendered":"<p>L\u2019alumnat de 3r i 4t de prim\u00e0ria de la Conca de Barber\u00e0\u00a0s\u2019ha trobat aquest divendres, 4 d\u2019abril, al pavell\u00f3 municipal de\u00a0Santa Coloma de Queralt,\u00a0on han realitzat la\u00a0X Cantata\u00a0o Trobada musical dels i les alumnes de cicle mitj\u00e0 de la comarca. M\u00e9s de 400 nens i nenes, amb docents i mestres, han format part d\u2019aquest concert [&hellip;]<\/p>\n","protected":false},"author":1,"featured_media":14322,"comment_status":"open","ping_status":"closed","sticky":false,"template":"","format":"standard","meta":{"_bbp_topic_count":0,"_bbp_reply_count":0,"_bbp_total_topic_count":0,"_bbp_total_reply_count":0,"_bbp_voice_count":0,"_bbp_anonymous_reply_count":0,"_bbp_topic_count_hidden":0,"_bbp_reply_count_hidden":0,"_bbp_forum_subforum_count":0,"site-sidebar-layout":"default","site-content-layout":"","ast-site-content-layout":"","site-content-style":"default","site-sidebar-style":"default","ast-global-header-display":"","ast-banner-title-visibility":"","ast-main-header-display":"","ast-hfb-above-header-display":"","ast-hfb-below-header-display":"","ast-hfb-mobile-header-display":"","site-post-title":"","ast-breadcrumbs-content":"","ast-featured-img":"","footer-sml-layout":"","theme-transparent-header-meta":"","adv-header-id-meta":"","stick-header-meta":"","header-above-stick-meta":"","header-main-stick-meta":"","header-below-stick-meta":"","astra-migrate-meta-layouts":"default","ast-page-background-enabled":"default","ast-page-background-meta":{"desktop":{"background-color":"var(--ast-global-color-4)","background-image":"","background-repeat":"repeat","background-position":"center center","background-size":"auto","background-attachment":"scroll","background-type":"","background-media":"","overlay-type":"","overlay-color":"","overlay-opacity":"","overlay-gradient":""},"tablet":{"background-color":"","background-image":"","background-repeat":"repeat","background-position":"center center","background-size":"auto","background-attachment":"scroll","background-type":"","background-media":"","overlay-type":"","overlay-color":"","overlay-opacity":"","overlay-gradient":""},"mobile":{"background-color":"","background-image":"","background-repeat":"repeat","background-position":"center center","background-size":"auto","background-attachment":"scroll","background-type":"","background-media":"","overlay-type":"","overlay-color":"","overlay-opacity":"","overlay-gradient":""}},"ast-content-background-meta":{"desktop":{"background-color":"var(--ast-global-color-5)","background-image":"","background-repeat":"repeat","background-position":"center center","background-size":"auto","background-attachment":"scroll","background-type":"","background-media":"","overlay-type":"","overlay-color":"","overlay-opacity":"","overlay-gradient":""},"tablet":{"background-color":"var(--ast-global-color-5)","background-image":"","background-repeat":"repeat","background-position":"center center","background-size":"auto","background-attachment":"scroll","background-type":"","background-media":"","overlay-type":"","overlay-color":"","overlay-opacity":"","overlay-gradient":""},"mobile":{"background-color":"var(--ast-global-color-5)","background-image":"","background-repeat":"repeat","background-position":"center center","background-size":"auto","background-attachment":"scroll","background-type":"","background-media":"","overlay-type":"","overlay-color":"","overlay-opacity":"","overlay-gradient":""}},"footnotes":""},"categories":[440,65,66,1,29],"tags":[],"class_list":["post-14321","post","type-post","status-publish","format-standard","has-post-thumbnail","hentry","category-cantata","category-crp","category-dinamitzacio","category-general","category-portada"],"post_mailing_queue_ids":[],"_links":{"self":[{"href":"https:\/\/serveiseducatius.xtec.cat\/conca\/wp-json\/wp\/v2\/posts\/14321","targetHints":{"allow":["GET"]}}],"collection":[{"href":"https:\/\/serveiseducatius.xtec.cat\/conca\/wp-json\/wp\/v2\/posts"}],"about":[{"href":"https:\/\/serveiseducatius.xtec.cat\/conca\/wp-json\/wp\/v2\/types\/post"}],"author":[{"embeddable":true,"href":"https:\/\/serveiseducatius.xtec.cat\/conca\/wp-json\/wp\/v2\/users\/1"}],"replies":[{"embeddable":true,"href":"https:\/\/serveiseducatius.xtec.cat\/conca\/wp-json\/wp\/v2\/comments?post=14321"}],"version-history":[{"count":1,"href":"https:\/\/serveiseducatius.xtec.cat\/conca\/wp-json\/wp\/v2\/posts\/14321\/revisions"}],"predecessor-version":[{"id":14324,"href":"https:\/\/serveiseducatius.xtec.cat\/conca\/wp-json\/wp\/v2\/posts\/14321\/revisions\/14324"}],"wp:featuredmedia":[{"embeddable":true,"href":"https:\/\/serveiseducatius.xtec.cat\/conca\/wp-json\/wp\/v2\/media\/14322"}],"wp:attachment":[{"href":"https:\/\/serveiseducatius.xtec.cat\/conca\/wp-json\/wp\/v2\/media?parent=14321"}],"wp:term":[{"taxonomy":"category","embeddable":true,"href":"https:\/\/serveiseducatius.xtec.cat\/conca\/wp-json\/wp\/v2\/categories?post=14321"},{"taxonomy":"post_tag","embeddable":true,"href":"https:\/\/serveiseducatius.xtec.cat\/conca\/wp-json\/wp\/v2\/tags?post=14321"}],"curies":[{"name":"wp","href":"https:\/\/api.w.org\/{rel}","templated":true}]}}