{"id":14115,"date":"2024-10-22T11:48:26","date_gmt":"2024-10-22T09:48:26","guid":{"rendered":"https:\/\/serveiseducatius.xtec.cat\/conca\/?p=14115"},"modified":"2024-10-22T11:48:26","modified_gmt":"2024-10-22T09:48:26","slug":"formacio-anullada-resolucio-positiva-de-conflictes-i-la-conversa-com-a-eina-de-mediacio","status":"publish","type":"post","link":"https:\/\/serveiseducatius.xtec.cat\/conca\/general\/formacio-anullada-resolucio-positiva-de-conflictes-i-la-conversa-com-a-eina-de-mediacio\/","title":{"rendered":"Formaci\u00f3 anul\u00b7lada: Resoluci\u00f3 positiva de conflictes i la conversa com a eina de mediaci\u00f3."},"content":{"rendered":"<p>Degut a causes alienes al CRP Conca de Barber\u00e0, ens hem vist obligats a anul\u00b7lar la formaci\u00f3 de <strong><span class=\"OYPEnA font-feature-liga-off font-feature-clig-off font-feature-calt-off text-decoration-none text-strikethrough-none\">Resoluci\u00f3 positiva de conflictes i la conversa com a eina de mediaci\u00f3 <\/span><\/strong><span class=\"OYPEnA font-feature-liga-off font-feature-clig-off font-feature-calt-off text-decoration-none text-strikethrough-none\">que havia de comen\u00e7ar aquest mateix dilluns.<\/span><\/p>\n<p><img loading=\"lazy\" decoding=\"async\" class=\"aligncenter size-large wp-image-14116\" src=\"https:\/\/serveiseducatius.xtec.cat\/conca\/wp-content\/uploads\/usu1131\/2024\/10\/resolucio-724x1024.jpg\" alt=\"\" width=\"724\" height=\"1024\" srcset=\"https:\/\/serveiseducatius.xtec.cat\/conca\/wp-content\/uploads\/usu1131\/2024\/10\/resolucio-724x1024.jpg 724w, https:\/\/serveiseducatius.xtec.cat\/conca\/wp-content\/uploads\/usu1131\/2024\/10\/resolucio-212x300.jpg 212w, https:\/\/serveiseducatius.xtec.cat\/conca\/wp-content\/uploads\/usu1131\/2024\/10\/resolucio-768x1086.jpg 768w, https:\/\/serveiseducatius.xtec.cat\/conca\/wp-content\/uploads\/usu1131\/2024\/10\/resolucio-1086x1536.jpg 1086w, https:\/\/serveiseducatius.xtec.cat\/conca\/wp-content\/uploads\/usu1131\/2024\/10\/resolucio.jpg 1414w\" sizes=\"auto, (max-width: 724px) 100vw, 724px\" \/><\/p>\n<p>&nbsp;<\/p>\n","protected":false},"excerpt":{"rendered":"<p>Degut a causes alienes al CRP Conca de Barber\u00e0, ens hem vist obligats a anul\u00b7lar la formaci\u00f3 de Resoluci\u00f3 positiva de conflictes i la conversa com a eina de mediaci\u00f3 que havia de comen\u00e7ar aquest mateix dilluns. &nbsp;<\/p>\n","protected":false},"author":1,"featured_media":14116,"comment_status":"open","ping_status":"closed","sticky":false,"template":"","format":"standard","meta":{"_bbp_topic_count":0,"_bbp_reply_count":0,"_bbp_total_topic_count":0,"_bbp_total_reply_count":0,"_bbp_voice_count":0,"_bbp_anonymous_reply_count":0,"_bbp_topic_count_hidden":0,"_bbp_reply_count_hidden":0,"_bbp_forum_subforum_count":0,"site-sidebar-layout":"default","site-content-layout":"","ast-site-content-layout":"","site-content-style":"default","site-sidebar-style":"default","ast-global-header-display":"","ast-banner-title-visibility":"","ast-main-header-display":"","ast-hfb-above-header-display":"","ast-hfb-below-header-display":"","ast-hfb-mobile-header-display":"","site-post-title":"","ast-breadcrumbs-content":"","ast-featured-img":"","footer-sml-layout":"","theme-transparent-header-meta":"","adv-header-id-meta":"","stick-header-meta":"","header-above-stick-meta":"","header-main-stick-meta":"","header-below-stick-meta":"","astra-migrate-meta-layouts":"default","ast-page-background-enabled":"default","ast-page-background-meta":{"desktop":{"background-color":"var(--ast-global-color-4)","background-image":"","background-repeat":"repeat","background-position":"center center","background-size":"auto","background-attachment":"scroll","background-type":"","background-media":"","overlay-type":"","overlay-color":"","overlay-opacity":"","overlay-gradient":""},"tablet":{"background-color":"","background-image":"","background-repeat":"repeat","background-position":"center center","background-size":"auto","background-attachment":"scroll","background-type":"","background-media":"","overlay-type":"","overlay-color":"","overlay-opacity":"","overlay-gradient":""},"mobile":{"background-color":"","background-image":"","background-repeat":"repeat","background-position":"center center","background-size":"auto","background-attachment":"scroll","background-type":"","background-media":"","overlay-type":"","overlay-color":"","overlay-opacity":"","overlay-gradient":""}},"ast-content-background-meta":{"desktop":{"background-color":"var(--ast-global-color-5)","background-image":"","background-repeat":"repeat","background-position":"center center","background-size":"auto","background-attachment":"scroll","background-type":"","background-media":"","overlay-type":"","overlay-color":"","overlay-opacity":"","overlay-gradient":""},"tablet":{"background-color":"var(--ast-global-color-5)","background-image":"","background-repeat":"repeat","background-position":"center center","background-size":"auto","background-attachment":"scroll","background-type":"","background-media":"","overlay-type":"","overlay-color":"","overlay-opacity":"","overlay-gradient":""},"mobile":{"background-color":"var(--ast-global-color-5)","background-image":"","background-repeat":"repeat","background-position":"center center","background-size":"auto","background-attachment":"scroll","background-type":"","background-media":"","overlay-type":"","overlay-color":"","overlay-opacity":"","overlay-gradient":""}},"footnotes":""},"categories":[65,154,1,29],"tags":[],"class_list":["post-14115","post","type-post","status-publish","format-standard","has-post-thumbnail","hentry","category-crp","category-formacio","category-general","category-portada"],"post_mailing_queue_ids":[],"_links":{"self":[{"href":"https:\/\/serveiseducatius.xtec.cat\/conca\/wp-json\/wp\/v2\/posts\/14115","targetHints":{"allow":["GET"]}}],"collection":[{"href":"https:\/\/serveiseducatius.xtec.cat\/conca\/wp-json\/wp\/v2\/posts"}],"about":[{"href":"https:\/\/serveiseducatius.xtec.cat\/conca\/wp-json\/wp\/v2\/types\/post"}],"author":[{"embeddable":true,"href":"https:\/\/serveiseducatius.xtec.cat\/conca\/wp-json\/wp\/v2\/users\/1"}],"replies":[{"embeddable":true,"href":"https:\/\/serveiseducatius.xtec.cat\/conca\/wp-json\/wp\/v2\/comments?post=14115"}],"version-history":[{"count":1,"href":"https:\/\/serveiseducatius.xtec.cat\/conca\/wp-json\/wp\/v2\/posts\/14115\/revisions"}],"predecessor-version":[{"id":14117,"href":"https:\/\/serveiseducatius.xtec.cat\/conca\/wp-json\/wp\/v2\/posts\/14115\/revisions\/14117"}],"wp:featuredmedia":[{"embeddable":true,"href":"https:\/\/serveiseducatius.xtec.cat\/conca\/wp-json\/wp\/v2\/media\/14116"}],"wp:attachment":[{"href":"https:\/\/serveiseducatius.xtec.cat\/conca\/wp-json\/wp\/v2\/media?parent=14115"}],"wp:term":[{"taxonomy":"category","embeddable":true,"href":"https:\/\/serveiseducatius.xtec.cat\/conca\/wp-json\/wp\/v2\/categories?post=14115"},{"taxonomy":"post_tag","embeddable":true,"href":"https:\/\/serveiseducatius.xtec.cat\/conca\/wp-json\/wp\/v2\/tags?post=14115"}],"curies":[{"name":"wp","href":"https:\/\/api.w.org\/{rel}","templated":true}]}}