{"id":14071,"date":"2024-10-01T08:44:29","date_gmt":"2024-10-01T06:44:29","guid":{"rendered":"https:\/\/serveiseducatius.xtec.cat\/conca\/?p=14071"},"modified":"2024-10-01T08:44:29","modified_gmt":"2024-10-01T06:44:29","slug":"inscripcio-xxi-certamen-de-lectura-en-veu-alta","status":"publish","type":"post","link":"https:\/\/serveiseducatius.xtec.cat\/conca\/general\/inscripcio-xxi-certamen-de-lectura-en-veu-alta\/","title":{"rendered":"Inscripci\u00f3 XXI Certamen de lectura en veu alta"},"content":{"rendered":"<div class=\"gmail_default\">Us informem que del 1<b>\u00a0al 31 d&#8217;octubre\u00a0s&#8217;iniciar\u00e0 el proc\u00e9s d&#8217;inscripci\u00f3\u00a0<\/b>de les escoles que volen participar al XXI Certamen\u00a0de\u00a0Lectura\u00a0en\u00a0Veu alta que aquest any arriba\u00a0la 21\u00aa edici\u00f3.\u00a0En\u00a0aquesta fase,\u00a0s&#8217;inscriu\u00a0el centre i\u00a0<b>no caldr\u00e0 donar el nom dels lectors i lectores fins al segon trimestre de curs.<\/b><\/div>\n<div class=\"gmail_default\"><\/div>\n<div class=\"gmail_default\">Podeu realitzar la inscripci\u00f3\u00a0en\u00a0el seg\u00fcent enlla\u00e7\u00a0<a href=\"https:\/\/www.lecturaenveualta.cat\/certamen-de-lectura-en-veu-alta-escolar\/formulari-inscripcio\/\" target=\"_blank\" rel=\"noopener\" data-saferedirecturl=\"https:\/\/www.google.com\/url?q=https:\/\/www.lecturaenveualta.cat\/certamen-de-lectura-en-veu-alta-escolar\/formulari-inscripcio\/&amp;source=gmail&amp;ust=1727850755306000&amp;usg=AOvVaw36WNvMXvsP685ASJapyqid\">https:\/\/www.<wbr \/>lecturaenveualta.cat\/certamen-<wbr \/>de-lectura-en-veu-alta-<wbr \/>escolar\/formulari-inscripcio\/<\/a><\/div>\n<div class=\"gmail_default\"><\/div>\n<div class=\"gmail_default\">Ja hi ha publicats els llibres que s&#8217;utilitzaran per\u00a0 a les semifinals. Els podeu veure\u00a0en\u00a0aquesta web:\u00a0\u00a0<a href=\"https:\/\/www.lecturaenveualta.cat\/certamen-de-lectura-en-veu-alta-escolar\/llibres\/\" target=\"_blank\" rel=\"noopener\" data-saferedirecturl=\"https:\/\/www.google.com\/url?q=https:\/\/www.lecturaenveualta.cat\/certamen-de-lectura-en-veu-alta-escolar\/llibres\/&amp;source=gmail&amp;ust=1727850755306000&amp;usg=AOvVaw3305fK6B8atZlfq2Aey625\">https:\/\/www.<wbr \/>lecturaenveualta.cat\/certamen-<wbr \/>de-lectura-en-veu-alta-<wbr \/>escolar\/llibres\/<\/a><\/div>\n<div class=\"gmail_default\"><\/div>\n<div class=\"gmail_default\">Tamb\u00e9 podeu llegir les bases del certamen en aquest enlla\u00e7:\u00a0<a href=\"https:\/\/www.lecturaenveualta.cat\/certamen-de-lectura-en-veu-alta-escolar\/bases-del-certamen-escolar\/\" target=\"_blank\" rel=\"noopener\" data-saferedirecturl=\"https:\/\/www.google.com\/url?q=https:\/\/www.lecturaenveualta.cat\/certamen-de-lectura-en-veu-alta-escolar\/bases-del-certamen-escolar\/&amp;source=gmail&amp;ust=1727850755306000&amp;usg=AOvVaw10e75KbkkJ5Hw4ZCt4MLfl\">https:\/\/www.<wbr \/>lecturaenveualta.cat\/certamen-<wbr \/>de-lectura-en-veu-alta-<wbr \/>escolar\/bases-del-certamen-<wbr \/>escolar\/<\/a><\/div>\n<div class=\"gmail_default\"><\/div>\n<div class=\"gmail_default\">La Conca de Barber\u00e0\u00a0sempre ha tingut una alta participaci\u00f3\u00a0i des del CRP us animem\u00a0a participar-hi. Tamb\u00e9 us informem que a la p\u00e0gina seg\u00fcent\u00a0<a href=\"https:\/\/www.lecturaenveualta.cat\/divulgacio-i-recursos\/\" target=\"_blank\" rel=\"noopener\" data-saferedirecturl=\"https:\/\/www.google.com\/url?q=https:\/\/www.lecturaenveualta.cat\/divulgacio-i-recursos\/&amp;source=gmail&amp;ust=1727850755306000&amp;usg=AOvVaw37MSGvFDaA-OCrACX2ADYj\">https:\/\/www.<wbr \/>lecturaenveualta.cat\/<wbr \/>divulgacio-i-recursos\/<\/a>\u00a0teniu disponibles recursos i activitats per treballar la lectura en veu alta.<\/div>\n<div><\/div>\n<div><img loading=\"lazy\" decoding=\"async\" class=\"aligncenter size-full wp-image-12921\" src=\"https:\/\/serveiseducatius.xtec.cat\/conca\/wp-content\/uploads\/usu1131\/2022\/09\/logo-veualta_2.png\" alt=\"\" width=\"256\" height=\"60\" \/><\/div>\n","protected":false},"excerpt":{"rendered":"<p>Us informem que del 1\u00a0al 31 d&#8217;octubre\u00a0s&#8217;iniciar\u00e0 el proc\u00e9s d&#8217;inscripci\u00f3\u00a0de les escoles que volen participar al XXI Certamen\u00a0de\u00a0Lectura\u00a0en\u00a0Veu alta que aquest any arriba\u00a0la 21\u00aa edici\u00f3.\u00a0En\u00a0aquesta fase,\u00a0s&#8217;inscriu\u00a0el centre i\u00a0no caldr\u00e0 donar el nom dels lectors i lectores fins al segon trimestre de curs. Podeu realitzar la inscripci\u00f3\u00a0en\u00a0el seg\u00fcent enlla\u00e7\u00a0https:\/\/www.lecturaenveualta.cat\/certamen-de-lectura-en-veu-alta-escolar\/formulari-inscripcio\/ Ja hi ha publicats els llibres que [&hellip;]<\/p>\n","protected":false},"author":1,"featured_media":12921,"comment_status":"open","ping_status":"closed","sticky":false,"template":"","format":"standard","meta":{"_bbp_topic_count":0,"_bbp_reply_count":0,"_bbp_total_topic_count":0,"_bbp_total_reply_count":0,"_bbp_voice_count":0,"_bbp_anonymous_reply_count":0,"_bbp_topic_count_hidden":0,"_bbp_reply_count_hidden":0,"_bbp_forum_subforum_count":0,"site-sidebar-layout":"default","site-content-layout":"","ast-site-content-layout":"","site-content-style":"default","site-sidebar-style":"default","ast-global-header-display":"","ast-banner-title-visibility":"","ast-main-header-display":"","ast-hfb-above-header-display":"","ast-hfb-below-header-display":"","ast-hfb-mobile-header-display":"","site-post-title":"","ast-breadcrumbs-content":"","ast-featured-img":"","footer-sml-layout":"","theme-transparent-header-meta":"","adv-header-id-meta":"","stick-header-meta":"","header-above-stick-meta":"","header-main-stick-meta":"","header-below-stick-meta":"","astra-migrate-meta-layouts":"default","ast-page-background-enabled":"default","ast-page-background-meta":{"desktop":{"background-color":"var(--ast-global-color-4)","background-image":"","background-repeat":"repeat","background-position":"center center","background-size":"auto","background-attachment":"scroll","background-type":"","background-media":"","overlay-type":"","overlay-color":"","overlay-opacity":"","overlay-gradient":""},"tablet":{"background-color":"","background-image":"","background-repeat":"repeat","background-position":"center center","background-size":"auto","background-attachment":"scroll","background-type":"","background-media":"","overlay-type":"","overlay-color":"","overlay-opacity":"","overlay-gradient":""},"mobile":{"background-color":"","background-image":"","background-repeat":"repeat","background-position":"center center","background-size":"auto","background-attachment":"scroll","background-type":"","background-media":"","overlay-type":"","overlay-color":"","overlay-opacity":"","overlay-gradient":""}},"ast-content-background-meta":{"desktop":{"background-color":"var(--ast-global-color-5)","background-image":"","background-repeat":"repeat","background-position":"center center","background-size":"auto","background-attachment":"scroll","background-type":"","background-media":"","overlay-type":"","overlay-color":"","overlay-opacity":"","overlay-gradient":""},"tablet":{"background-color":"var(--ast-global-color-5)","background-image":"","background-repeat":"repeat","background-position":"center center","background-size":"auto","background-attachment":"scroll","background-type":"","background-media":"","overlay-type":"","overlay-color":"","overlay-opacity":"","overlay-gradient":""},"mobile":{"background-color":"var(--ast-global-color-5)","background-image":"","background-repeat":"repeat","background-position":"center center","background-size":"auto","background-attachment":"scroll","background-type":"","background-media":"","overlay-type":"","overlay-color":"","overlay-opacity":"","overlay-gradient":""}},"footnotes":""},"categories":[65,66,1,72,29],"tags":[],"class_list":["post-14071","post","type-post","status-publish","format-standard","has-post-thumbnail","hentry","category-crp","category-dinamitzacio","category-general","category-lectura-en-veu-alta","category-portada"],"post_mailing_queue_ids":[],"_links":{"self":[{"href":"https:\/\/serveiseducatius.xtec.cat\/conca\/wp-json\/wp\/v2\/posts\/14071","targetHints":{"allow":["GET"]}}],"collection":[{"href":"https:\/\/serveiseducatius.xtec.cat\/conca\/wp-json\/wp\/v2\/posts"}],"about":[{"href":"https:\/\/serveiseducatius.xtec.cat\/conca\/wp-json\/wp\/v2\/types\/post"}],"author":[{"embeddable":true,"href":"https:\/\/serveiseducatius.xtec.cat\/conca\/wp-json\/wp\/v2\/users\/1"}],"replies":[{"embeddable":true,"href":"https:\/\/serveiseducatius.xtec.cat\/conca\/wp-json\/wp\/v2\/comments?post=14071"}],"version-history":[{"count":1,"href":"https:\/\/serveiseducatius.xtec.cat\/conca\/wp-json\/wp\/v2\/posts\/14071\/revisions"}],"predecessor-version":[{"id":14072,"href":"https:\/\/serveiseducatius.xtec.cat\/conca\/wp-json\/wp\/v2\/posts\/14071\/revisions\/14072"}],"wp:featuredmedia":[{"embeddable":true,"href":"https:\/\/serveiseducatius.xtec.cat\/conca\/wp-json\/wp\/v2\/media\/12921"}],"wp:attachment":[{"href":"https:\/\/serveiseducatius.xtec.cat\/conca\/wp-json\/wp\/v2\/media?parent=14071"}],"wp:term":[{"taxonomy":"category","embeddable":true,"href":"https:\/\/serveiseducatius.xtec.cat\/conca\/wp-json\/wp\/v2\/categories?post=14071"},{"taxonomy":"post_tag","embeddable":true,"href":"https:\/\/serveiseducatius.xtec.cat\/conca\/wp-json\/wp\/v2\/tags?post=14071"}],"curies":[{"name":"wp","href":"https:\/\/api.w.org\/{rel}","templated":true}]}}