{"id":14061,"date":"2024-09-12T09:28:01","date_gmt":"2024-09-12T07:28:01","guid":{"rendered":"https:\/\/serveiseducatius.xtec.cat\/conca\/?p=14061"},"modified":"2024-09-12T09:28:01","modified_gmt":"2024-09-12T07:28:01","slug":"jornada-in%ca%8certim-el-temps-temps-per-pensar-temps-per-aprendre-amb-sentit","status":"publish","type":"post","link":"https:\/\/serveiseducatius.xtec.cat\/conca\/general\/jornada-in%ca%8certim-el-temps-temps-per-pensar-temps-per-aprendre-amb-sentit\/","title":{"rendered":"Jornada &#8220;IN\u0245ERTIM EL TEMPS. Temps per pensar, temps per aprendre amb sentit&#8221;"},"content":{"rendered":"<p>El grup de treball d&#8217;Avaluar per Aprendre (Rosa Sensat) organitzem i convidem (<b>GRATUITA<\/b>) el dissabte 28 de setembre a la jornada\u00a0&#8220;<a href=\"https:\/\/www.rosasensat.org\/producte\/invertim-el-temps-temps-per-pensar-temps-per-aprendre-amb-sentit\/\" target=\"_blank\" rel=\"noopener\" data-saferedirecturl=\"https:\/\/www.google.com\/url?q=https:\/\/www.rosasensat.org\/producte\/invertim-el-temps-temps-per-pensar-temps-per-aprendre-amb-sentit\/&amp;source=gmail&amp;ust=1726208649444000&amp;usg=AOvVaw3P7_CBwUSToyuIfAs7Y4LJ\">IN\u0245ERTIM EL TEMPS. Temps per pensar, temps per aprendre amb sentit<\/a>&#8221;<\/p>\n<div>Les pr\u00e0ctiques metacognitives afavoreixen una gesti\u00f3 m\u00e9s eficient del temps per a un aprenentatge profund i amb sentit per a tots els aprenents.<\/div>\n<div><\/div>\n<div>\n<p dir=\"ltr\">ASPECTES GENERALS<\/p>\n<p dir=\"ltr\">Data: dissabte 28 de setembre de 2024 horari: 9:30\u202fh-13:30\u202fh<\/p>\n<p dir=\"ltr\">Lloc: Av. de les Drassanes, 3, Ciutat Vella, 08001 Barcelona (Associaci\u00f3 de Mestres Rosa Sensat).<\/p>\n<p dir=\"ltr\">\u00a0\u00a0\u00a0\u00a0\u00a0\u00a0\u00a0\u00a0\u00a0\u00a0\u00a0Escaleta de la jornada:<\/p>\n<p dir=\"ltr\">9:30-9:45\u202fh: Benvinguda i presentaci\u00f3 de la jornada.<\/p>\n<p dir=\"ltr\">9:45-11\u202fh: Confer\u00e8ncia Juan Fern\u00e1ndez sobre la metacognici\u00f3<\/p>\n<p dir=\"ltr\">11-11:30\u202fh: caf\u00e8, esmorzar i converses.<\/p>\n<p dir=\"ltr\">11:30-13\u202fh: Espai de di\u00e0leg a partir d\u2019experi\u00e8ncies (*).<\/p>\n<p dir=\"ltr\">13\u202fh-13:30\u202fh: la veu de l\u2019assistent i reptes de futur.<\/p>\n<p><b><span style=\"font-size: large;\">(*) Espai de di\u00e0leg a partir d&#8217;experi\u00e8ncies:<\/span><\/b><\/div>\n<div>\n<p dir=\"ltr\">&#8211; Tickets d\u2019entrada i sortida i l\u2019avaluaci\u00f3 figuro-anal\u00f2gica &#8211; experi\u00e8ncies de diferents d\u2019infantil a batxillerat d\u2019escoles i instituts p\u00fablics &#8211; membres del grup d\u2019Avaluar per Aprendre. Maite (infantil), Gemma (prim\u00e0ria), N\u00faria (secund\u00e0ria i batxillerat) + Merc\u00e8 P (fig-anal\u00f2gica).<\/p>\n<p dir=\"ltr\">&#8211; Rutines i destreses de pensament &#8211; Llu\u00eds Almirall de l\u2019escola P\u00e9rez Iborra (Barcelona) &#8211; experi\u00e8ncies d\u2019infantil, prim\u00e0ria i secund\u00e0ria.<\/p>\n<p dir=\"ltr\">&#8211; Visual thinking o mapes de pensament: Institut Caterina Albert &#8211; experi\u00e8ncia de secund\u00e0ria &#8211; Marisa Dom\u00ednguez (membre del grup d\u2019Avaluar per Aprendre).<\/p>\n<p dir=\"ltr\">&#8211; Diari d\u2019aprenentatge: escola Sant Ll\u00e0tzer (Tortosa) &#8211; experi\u00e8ncia de prim\u00e0ria.<\/p>\n<p dir=\"ltr\">&#8211; L\u2019arbre: escola Immaculada (Vilassar de Dalt) &#8211; experi\u00e8ncia de prim\u00e0ria &#8211; Dimas F\u00e0bregas.<\/p>\n<p dir=\"ltr\">&#8211; Presentacions d\u2019aprenentatge (Presentation of Learning (PoL)): IE Les Vinyes (Castellbisbal) &#8211; experi\u00e8ncia de secund\u00e0ria &#8211; Betlem Cuesta.<\/p>\n<p dir=\"ltr\">&#8211; Avaluar sense qualificar al batxillerat: Jesu\u00eftes de Sant Gervasi &#8211; experi\u00e8ncia de batxillerat &#8211; Jordi Rull (membre del grup d\u2019Avaluar per Aprendre).<\/p>\n<p dir=\"ltr\">&#8211; Diari d\u2019aprenentatge (pechakucha): Institut Nacional d&#8217;Educaci\u00f3 F\u00edsica de Catalunya (INEFC &#8211; UB) &#8211; experi\u00e8ncia d\u2019universitat &#8211; Meritxell Monguillot (membre del grup d\u2019Avaluar per Aprendre).<\/p>\n<p dir=\"ltr\"><img loading=\"lazy\" decoding=\"async\" class=\"aligncenter size-large wp-image-14062\" src=\"https:\/\/serveiseducatius.xtec.cat\/conca\/wp-content\/uploads\/usu1131\/2024\/09\/JORNADA-INVERTIM-AMB-EXP-1024x734.jpg\" alt=\"\" width=\"1024\" height=\"734\" srcset=\"https:\/\/serveiseducatius.xtec.cat\/conca\/wp-content\/uploads\/usu1131\/2024\/09\/JORNADA-INVERTIM-AMB-EXP-1024x734.jpg 1024w, https:\/\/serveiseducatius.xtec.cat\/conca\/wp-content\/uploads\/usu1131\/2024\/09\/JORNADA-INVERTIM-AMB-EXP-300x215.jpg 300w, https:\/\/serveiseducatius.xtec.cat\/conca\/wp-content\/uploads\/usu1131\/2024\/09\/JORNADA-INVERTIM-AMB-EXP-768x550.jpg 768w, https:\/\/serveiseducatius.xtec.cat\/conca\/wp-content\/uploads\/usu1131\/2024\/09\/JORNADA-INVERTIM-AMB-EXP-1536x1101.jpg 1536w, https:\/\/serveiseducatius.xtec.cat\/conca\/wp-content\/uploads\/usu1131\/2024\/09\/JORNADA-INVERTIM-AMB-EXP-2048x1468.jpg 2048w\" sizes=\"auto, (max-width: 1024px) 100vw, 1024px\" \/><\/p>\n<\/div>\n","protected":false},"excerpt":{"rendered":"<p>El grup de treball d&#8217;Avaluar per Aprendre (Rosa Sensat) organitzem i convidem (GRATUITA) el dissabte 28 de setembre a la jornada\u00a0&#8220;IN\u0245ERTIM EL TEMPS. Temps per pensar, temps per aprendre amb sentit&#8221; Les pr\u00e0ctiques metacognitives afavoreixen una gesti\u00f3 m\u00e9s eficient del temps per a un aprenentatge profund i amb sentit per a tots els aprenents. ASPECTES [&hellip;]<\/p>\n","protected":false},"author":1,"featured_media":14062,"comment_status":"open","ping_status":"closed","sticky":false,"template":"","format":"standard","meta":{"_bbp_topic_count":0,"_bbp_reply_count":0,"_bbp_total_topic_count":0,"_bbp_total_reply_count":0,"_bbp_voice_count":0,"_bbp_anonymous_reply_count":0,"_bbp_topic_count_hidden":0,"_bbp_reply_count_hidden":0,"_bbp_forum_subforum_count":0,"site-sidebar-layout":"default","site-content-layout":"","ast-site-content-layout":"","site-content-style":"default","site-sidebar-style":"default","ast-global-header-display":"","ast-banner-title-visibility":"","ast-main-header-display":"","ast-hfb-above-header-display":"","ast-hfb-below-header-display":"","ast-hfb-mobile-header-display":"","site-post-title":"","ast-breadcrumbs-content":"","ast-featured-img":"","footer-sml-layout":"","theme-transparent-header-meta":"","adv-header-id-meta":"","stick-header-meta":"","header-above-stick-meta":"","header-main-stick-meta":"","header-below-stick-meta":"","astra-migrate-meta-layouts":"default","ast-page-background-enabled":"default","ast-page-background-meta":{"desktop":{"background-color":"var(--ast-global-color-4)","background-image":"","background-repeat":"repeat","background-position":"center center","background-size":"auto","background-attachment":"scroll","background-type":"","background-media":"","overlay-type":"","overlay-color":"","overlay-opacity":"","overlay-gradient":""},"tablet":{"background-color":"","background-image":"","background-repeat":"repeat","background-position":"center center","background-size":"auto","background-attachment":"scroll","background-type":"","background-media":"","overlay-type":"","overlay-color":"","overlay-opacity":"","overlay-gradient":""},"mobile":{"background-color":"","background-image":"","background-repeat":"repeat","background-position":"center center","background-size":"auto","background-attachment":"scroll","background-type":"","background-media":"","overlay-type":"","overlay-color":"","overlay-opacity":"","overlay-gradient":""}},"ast-content-background-meta":{"desktop":{"background-color":"var(--ast-global-color-5)","background-image":"","background-repeat":"repeat","background-position":"center center","background-size":"auto","background-attachment":"scroll","background-type":"","background-media":"","overlay-type":"","overlay-color":"","overlay-opacity":"","overlay-gradient":""},"tablet":{"background-color":"var(--ast-global-color-5)","background-image":"","background-repeat":"repeat","background-position":"center center","background-size":"auto","background-attachment":"scroll","background-type":"","background-media":"","overlay-type":"","overlay-color":"","overlay-opacity":"","overlay-gradient":""},"mobile":{"background-color":"var(--ast-global-color-5)","background-image":"","background-repeat":"repeat","background-position":"center center","background-size":"auto","background-attachment":"scroll","background-type":"","background-media":"","overlay-type":"","overlay-color":"","overlay-opacity":"","overlay-gradient":""}},"footnotes":""},"categories":[65,154,1,748,29],"tags":[],"class_list":["post-14061","post","type-post","status-publish","format-standard","has-post-thumbnail","hentry","category-crp","category-formacio","category-general","category-nou-curriculum","category-portada"],"post_mailing_queue_ids":[],"_links":{"self":[{"href":"https:\/\/serveiseducatius.xtec.cat\/conca\/wp-json\/wp\/v2\/posts\/14061","targetHints":{"allow":["GET"]}}],"collection":[{"href":"https:\/\/serveiseducatius.xtec.cat\/conca\/wp-json\/wp\/v2\/posts"}],"about":[{"href":"https:\/\/serveiseducatius.xtec.cat\/conca\/wp-json\/wp\/v2\/types\/post"}],"author":[{"embeddable":true,"href":"https:\/\/serveiseducatius.xtec.cat\/conca\/wp-json\/wp\/v2\/users\/1"}],"replies":[{"embeddable":true,"href":"https:\/\/serveiseducatius.xtec.cat\/conca\/wp-json\/wp\/v2\/comments?post=14061"}],"version-history":[{"count":1,"href":"https:\/\/serveiseducatius.xtec.cat\/conca\/wp-json\/wp\/v2\/posts\/14061\/revisions"}],"predecessor-version":[{"id":14063,"href":"https:\/\/serveiseducatius.xtec.cat\/conca\/wp-json\/wp\/v2\/posts\/14061\/revisions\/14063"}],"wp:featuredmedia":[{"embeddable":true,"href":"https:\/\/serveiseducatius.xtec.cat\/conca\/wp-json\/wp\/v2\/media\/14062"}],"wp:attachment":[{"href":"https:\/\/serveiseducatius.xtec.cat\/conca\/wp-json\/wp\/v2\/media?parent=14061"}],"wp:term":[{"taxonomy":"category","embeddable":true,"href":"https:\/\/serveiseducatius.xtec.cat\/conca\/wp-json\/wp\/v2\/categories?post=14061"},{"taxonomy":"post_tag","embeddable":true,"href":"https:\/\/serveiseducatius.xtec.cat\/conca\/wp-json\/wp\/v2\/tags?post=14061"}],"curies":[{"name":"wp","href":"https:\/\/api.w.org\/{rel}","templated":true}]}}