{"id":14058,"date":"2024-09-05T11:13:34","date_gmt":"2024-09-05T09:13:34","guid":{"rendered":"https:\/\/serveiseducatius.xtec.cat\/conca\/?p=14058"},"modified":"2024-09-04T11:18:55","modified_gmt":"2024-09-04T09:18:55","slug":"inscripcio-activitats-formacio-pfz","status":"publish","type":"post","link":"https:\/\/serveiseducatius.xtec.cat\/conca\/general\/inscripcio-activitats-formacio-pfz\/","title":{"rendered":"Inscripci\u00f3 activitats formaci\u00f3 PFZ"},"content":{"rendered":"<p>En el seg\u00fcent enlla\u00e7 teniu acc\u00e9s a les activitats que s&#8217;oferiran durant aquest primer torn de formaci\u00f3 de les activitats de Pla de Formaci\u00f3 de Zona d&#8217;aquest curs 2024-2025.<\/p>\n<p>Podeu consultar les activitats en el seg\u00fcent enlla\u00e7:<a href=\"https:\/\/serveiseducatius.xtec.cat\/conca\/formacio\/activitats\/\">https:\/\/serveiseducatius.xtec.cat\/conca\/formacio\/activitats\/<\/a><\/p>\n<div class=\"gmail_default\">El calendari \u00e9s el seg\u00fcent:<\/div>\n<div class=\"gmail_default\">\n<ul>\n<li><b>Inscripci\u00f3 activitats<\/b>\u00a0del 1r torn de formaci\u00f3: Del 6 al 22 de setembre de 2024.<\/li>\n<li><b>Consulta d&#8217;adjudicacions<\/b>: a partir del dia 7 d&#8217;octubre de 2024.<\/li>\n<li><b>Inici de les activitats:\u00a0<\/b>A partir del 14 d&#8217;octubre de 2024.<\/li>\n<\/ul>\n<\/div>\n<div class=\"gmail_default\">Per qualsevol altre\u00a0dubte, podeu contactar pels canals habituals.<\/div>\n<div class=\"gmail_default\"><\/div>\n<p><img loading=\"lazy\" decoding=\"async\" class=\"aligncenter wp-image-13575 size-medium\" src=\"https:\/\/serveiseducatius.xtec.cat\/conca\/wp-content\/uploads\/usu1131\/2023\/09\/PFZ_logo-1024x844-1-300x247.png\" alt=\"\" width=\"300\" height=\"247\" srcset=\"https:\/\/serveiseducatius.xtec.cat\/conca\/wp-content\/uploads\/usu1131\/2023\/09\/PFZ_logo-1024x844-1-300x247.png 300w, https:\/\/serveiseducatius.xtec.cat\/conca\/wp-content\/uploads\/usu1131\/2023\/09\/PFZ_logo-1024x844-1-768x633.png 768w, https:\/\/serveiseducatius.xtec.cat\/conca\/wp-content\/uploads\/usu1131\/2023\/09\/PFZ_logo-1024x844-1.png 1024w\" sizes=\"auto, (max-width: 300px) 100vw, 300px\" \/><\/p>\n","protected":false},"excerpt":{"rendered":"<p>En el seg\u00fcent enlla\u00e7 teniu acc\u00e9s a les activitats que s&#8217;oferiran durant aquest primer torn de formaci\u00f3 de les activitats de Pla de Formaci\u00f3 de Zona d&#8217;aquest curs 2024-2025. Podeu consultar les activitats en el seg\u00fcent enlla\u00e7:https:\/\/serveiseducatius.xtec.cat\/conca\/formacio\/activitats\/ El calendari \u00e9s el seg\u00fcent: Inscripci\u00f3 activitats\u00a0del 1r torn de formaci\u00f3: Del 6 al 22 de setembre de [&hellip;]<\/p>\n","protected":false},"author":1,"featured_media":13575,"comment_status":"open","ping_status":"closed","sticky":false,"template":"","format":"standard","meta":{"_bbp_topic_count":0,"_bbp_reply_count":0,"_bbp_total_topic_count":0,"_bbp_total_reply_count":0,"_bbp_voice_count":0,"_bbp_anonymous_reply_count":0,"_bbp_topic_count_hidden":0,"_bbp_reply_count_hidden":0,"_bbp_forum_subforum_count":0,"site-sidebar-layout":"default","site-content-layout":"","ast-site-content-layout":"","site-content-style":"default","site-sidebar-style":"default","ast-global-header-display":"","ast-banner-title-visibility":"","ast-main-header-display":"","ast-hfb-above-header-display":"","ast-hfb-below-header-display":"","ast-hfb-mobile-header-display":"","site-post-title":"","ast-breadcrumbs-content":"","ast-featured-img":"","footer-sml-layout":"","theme-transparent-header-meta":"","adv-header-id-meta":"","stick-header-meta":"","header-above-stick-meta":"","header-main-stick-meta":"","header-below-stick-meta":"","astra-migrate-meta-layouts":"default","ast-page-background-enabled":"default","ast-page-background-meta":{"desktop":{"background-color":"var(--ast-global-color-4)","background-image":"","background-repeat":"repeat","background-position":"center center","background-size":"auto","background-attachment":"scroll","background-type":"","background-media":"","overlay-type":"","overlay-color":"","overlay-opacity":"","overlay-gradient":""},"tablet":{"background-color":"","background-image":"","background-repeat":"repeat","background-position":"center center","background-size":"auto","background-attachment":"scroll","background-type":"","background-media":"","overlay-type":"","overlay-color":"","overlay-opacity":"","overlay-gradient":""},"mobile":{"background-color":"","background-image":"","background-repeat":"repeat","background-position":"center center","background-size":"auto","background-attachment":"scroll","background-type":"","background-media":"","overlay-type":"","overlay-color":"","overlay-opacity":"","overlay-gradient":""}},"ast-content-background-meta":{"desktop":{"background-color":"var(--ast-global-color-5)","background-image":"","background-repeat":"repeat","background-position":"center center","background-size":"auto","background-attachment":"scroll","background-type":"","background-media":"","overlay-type":"","overlay-color":"","overlay-opacity":"","overlay-gradient":""},"tablet":{"background-color":"var(--ast-global-color-5)","background-image":"","background-repeat":"repeat","background-position":"center center","background-size":"auto","background-attachment":"scroll","background-type":"","background-media":"","overlay-type":"","overlay-color":"","overlay-opacity":"","overlay-gradient":""},"mobile":{"background-color":"var(--ast-global-color-5)","background-image":"","background-repeat":"repeat","background-position":"center center","background-size":"auto","background-attachment":"scroll","background-type":"","background-media":"","overlay-type":"","overlay-color":"","overlay-opacity":"","overlay-gradient":""}},"footnotes":""},"categories":[65,154,1,153,29],"tags":[225],"class_list":["post-14058","post","type-post","status-publish","format-standard","has-post-thumbnail","hentry","category-crp","category-formacio","category-general","category-pfz","category-portada","tag-pfz"],"post_mailing_queue_ids":[],"_links":{"self":[{"href":"https:\/\/serveiseducatius.xtec.cat\/conca\/wp-json\/wp\/v2\/posts\/14058","targetHints":{"allow":["GET"]}}],"collection":[{"href":"https:\/\/serveiseducatius.xtec.cat\/conca\/wp-json\/wp\/v2\/posts"}],"about":[{"href":"https:\/\/serveiseducatius.xtec.cat\/conca\/wp-json\/wp\/v2\/types\/post"}],"author":[{"embeddable":true,"href":"https:\/\/serveiseducatius.xtec.cat\/conca\/wp-json\/wp\/v2\/users\/1"}],"replies":[{"embeddable":true,"href":"https:\/\/serveiseducatius.xtec.cat\/conca\/wp-json\/wp\/v2\/comments?post=14058"}],"version-history":[{"count":2,"href":"https:\/\/serveiseducatius.xtec.cat\/conca\/wp-json\/wp\/v2\/posts\/14058\/revisions"}],"predecessor-version":[{"id":14060,"href":"https:\/\/serveiseducatius.xtec.cat\/conca\/wp-json\/wp\/v2\/posts\/14058\/revisions\/14060"}],"wp:featuredmedia":[{"embeddable":true,"href":"https:\/\/serveiseducatius.xtec.cat\/conca\/wp-json\/wp\/v2\/media\/13575"}],"wp:attachment":[{"href":"https:\/\/serveiseducatius.xtec.cat\/conca\/wp-json\/wp\/v2\/media?parent=14058"}],"wp:term":[{"taxonomy":"category","embeddable":true,"href":"https:\/\/serveiseducatius.xtec.cat\/conca\/wp-json\/wp\/v2\/categories?post=14058"},{"taxonomy":"post_tag","embeddable":true,"href":"https:\/\/serveiseducatius.xtec.cat\/conca\/wp-json\/wp\/v2\/tags?post=14058"}],"curies":[{"name":"wp","href":"https:\/\/api.w.org\/{rel}","templated":true}]}}