{"id":14030,"date":"2024-06-18T12:48:05","date_gmt":"2024-06-18T10:48:05","guid":{"rendered":"https:\/\/serveiseducatius.xtec.cat\/conca\/?p=14030"},"modified":"2024-06-18T12:48:05","modified_gmt":"2024-06-18T10:48:05","slug":"programa-florence-per-a-la-millora-de-les-matematiques","status":"publish","type":"post","link":"https:\/\/serveiseducatius.xtec.cat\/conca\/general\/programa-florence-per-a-la-millora-de-les-matematiques\/","title":{"rendered":"Programa Florence per a la millora de les matem\u00e0tiques"},"content":{"rendered":"<p>El\u00a0<strong>Programa temporal Florence per a la millora de la compet\u00e8ncia matem\u00e0tica<\/strong>\u00a0neix amb la\u00a0finalitat de\u00a0millorar l&#8217;aprenentatge de les matem\u00e0tiques de l&#8217;alumnat i la millora i l&#8217;actualitzaci\u00f3 de les compet\u00e8ncies docents en matem\u00e0tiques, reduir la quantitat d&#8217;alumnes que obtenen resultats baixos en les proves de compet\u00e8ncies matem\u00e0tiques i oferir formaci\u00f3, assessorament i material de suport a tots els centres que s&#8217;integrin en el Programa.<\/p>\n<p>El programa treballar\u00e0\u00a0utilitzant escenaris que l&#8217;alumnat troba a la vida real, en un ambient de resoluci\u00f3 de problemes, amb activitats inclusives a l&#8217;abast de tot l&#8217;alumnat, de llindar baix, sostre alt i parets amples, promovent la descoberta i la investigaci\u00f3 a partir de l&#8217;experimentaci\u00f3.<\/p>\n<p><strong>L&#8217;objectiu, en finalitzar el programa, \u00e9s que el 90% dels centres participants assoleixin uns resultats competencials superiors a la mitjana dels centres de la seva tipologia.\u00a0<\/strong><\/p>\n<p><b><strong>Termini: del 14 de juny al\u00a05 de juliol ambd\u00f3s inclosos<\/strong><\/b><\/p>\n<p style=\"text-align: center;\"><iframe loading=\"lazy\" src=\"\/\/www.youtube.com\/embed\/CM4NfxK0GPg\" width=\"560\" height=\"314\" allowfullscreen=\"allowfullscreen\"><\/iframe><\/p>\n<h3 id=\"h21\">Ofe\u200b\u200b\u200brta<\/h3>\n<ul>\n<li>Un m\u00e0xim de<strong>\u00a0120\u00a0<\/strong><strong>centres educatius d&#8217;educaci\u00f3 infantil i prim\u00e0ria i 80 centres d&#8217;educaci\u00f3 secund\u00e0ria obligat\u00f2ria,<\/strong>\u00a0de titularitat del Departament d&#8217;Educaci\u00f3.<\/li>\n<li>El total de centres tamb\u00e9 inclou els instituts escola.<\/li>\n<\/ul>\n<p>Podeu trobar la publicaci\u00f3 oficial en el seg\u00fcent enlla\u00e7: <a href=\"https:\/\/projectes.xtec.cat\/nou-curriculum\/wp-content\/uploads\/usu2072\/2024\/05\/acord_govern_programa_florence.pdf\" target=\"_blank\" rel=\"noopener\">https:\/\/projectes.xtec.cat\/nou-curriculum\/wp-content\/uploads\/usu2072\/2024\/05\/acord_govern_programa_florence.pdf<\/a><\/p>\n<p><img loading=\"lazy\" decoding=\"async\" class=\"aligncenter size-full wp-image-14031\" src=\"https:\/\/serveiseducatius.xtec.cat\/conca\/wp-content\/uploads\/usu1131\/2024\/06\/Captura-1.png\" alt=\"\" width=\"727\" height=\"541\" srcset=\"https:\/\/serveiseducatius.xtec.cat\/conca\/wp-content\/uploads\/usu1131\/2024\/06\/Captura-1.png 727w, https:\/\/serveiseducatius.xtec.cat\/conca\/wp-content\/uploads\/usu1131\/2024\/06\/Captura-1-300x223.png 300w, https:\/\/serveiseducatius.xtec.cat\/conca\/wp-content\/uploads\/usu1131\/2024\/06\/Captura-1-200x150.png 200w\" sizes=\"auto, (max-width: 727px) 100vw, 727px\" \/><\/p>\n<p>Podeu tramitar la vostra inscripci\u00f3 com a centre educatiu en el seg\u00fcent enlla\u00e7:<\/p>\n<p><a href=\"https:\/\/espai.educacio.gencat.cat\/Centres\/Innovacio-pedagogica\/Suport-Innovacio\/Programa-Florence\/Pagines\/default.aspx\">https:\/\/espai.educacio.gencat.cat\/Centres\/Innovacio-pedagogica\/Suport-Innovacio\/Programa-Florence\/Pagines\/default.aspx<\/a><\/p>\n","protected":false},"excerpt":{"rendered":"<p>El\u00a0Programa temporal Florence per a la millora de la compet\u00e8ncia matem\u00e0tica\u00a0neix amb la\u00a0finalitat de\u00a0millorar l&#8217;aprenentatge de les matem\u00e0tiques de l&#8217;alumnat i la millora i l&#8217;actualitzaci\u00f3 de les compet\u00e8ncies docents en matem\u00e0tiques, reduir la quantitat d&#8217;alumnes que obtenen resultats baixos en les proves de compet\u00e8ncies matem\u00e0tiques i oferir formaci\u00f3, assessorament i material de suport a tots [&hellip;]<\/p>\n","protected":false},"author":1,"featured_media":14031,"comment_status":"open","ping_status":"closed","sticky":false,"template":"","format":"standard","meta":{"_bbp_topic_count":0,"_bbp_reply_count":0,"_bbp_total_topic_count":0,"_bbp_total_reply_count":0,"_bbp_voice_count":0,"_bbp_anonymous_reply_count":0,"_bbp_topic_count_hidden":0,"_bbp_reply_count_hidden":0,"_bbp_forum_subforum_count":0,"site-sidebar-layout":"default","site-content-layout":"","ast-site-content-layout":"","site-content-style":"default","site-sidebar-style":"default","ast-global-header-display":"","ast-banner-title-visibility":"","ast-main-header-display":"","ast-hfb-above-header-display":"","ast-hfb-below-header-display":"","ast-hfb-mobile-header-display":"","site-post-title":"","ast-breadcrumbs-content":"","ast-featured-img":"","footer-sml-layout":"","theme-transparent-header-meta":"","adv-header-id-meta":"","stick-header-meta":"","header-above-stick-meta":"","header-main-stick-meta":"","header-below-stick-meta":"","astra-migrate-meta-layouts":"default","ast-page-background-enabled":"default","ast-page-background-meta":{"desktop":{"background-color":"var(--ast-global-color-4)","background-image":"","background-repeat":"repeat","background-position":"center center","background-size":"auto","background-attachment":"scroll","background-type":"","background-media":"","overlay-type":"","overlay-color":"","overlay-opacity":"","overlay-gradient":""},"tablet":{"background-color":"","background-image":"","background-repeat":"repeat","background-position":"center center","background-size":"auto","background-attachment":"scroll","background-type":"","background-media":"","overlay-type":"","overlay-color":"","overlay-opacity":"","overlay-gradient":""},"mobile":{"background-color":"","background-image":"","background-repeat":"repeat","background-position":"center center","background-size":"auto","background-attachment":"scroll","background-type":"","background-media":"","overlay-type":"","overlay-color":"","overlay-opacity":"","overlay-gradient":""}},"ast-content-background-meta":{"desktop":{"background-color":"var(--ast-global-color-5)","background-image":"","background-repeat":"repeat","background-position":"center center","background-size":"auto","background-attachment":"scroll","background-type":"","background-media":"","overlay-type":"","overlay-color":"","overlay-opacity":"","overlay-gradient":""},"tablet":{"background-color":"var(--ast-global-color-5)","background-image":"","background-repeat":"repeat","background-position":"center center","background-size":"auto","background-attachment":"scroll","background-type":"","background-media":"","overlay-type":"","overlay-color":"","overlay-opacity":"","overlay-gradient":""},"mobile":{"background-color":"var(--ast-global-color-5)","background-image":"","background-repeat":"repeat","background-position":"center center","background-size":"auto","background-attachment":"scroll","background-type":"","background-media":"","overlay-type":"","overlay-color":"","overlay-opacity":"","overlay-gradient":""}},"footnotes":""},"categories":[65,154,1,748,29],"tags":[867,41],"class_list":["post-14030","post","type-post","status-publish","format-standard","has-post-thumbnail","hentry","category-crp","category-formacio","category-general","category-nou-curriculum","category-portada","tag-florence","tag-matematiques"],"post_mailing_queue_ids":[],"_links":{"self":[{"href":"https:\/\/serveiseducatius.xtec.cat\/conca\/wp-json\/wp\/v2\/posts\/14030","targetHints":{"allow":["GET"]}}],"collection":[{"href":"https:\/\/serveiseducatius.xtec.cat\/conca\/wp-json\/wp\/v2\/posts"}],"about":[{"href":"https:\/\/serveiseducatius.xtec.cat\/conca\/wp-json\/wp\/v2\/types\/post"}],"author":[{"embeddable":true,"href":"https:\/\/serveiseducatius.xtec.cat\/conca\/wp-json\/wp\/v2\/users\/1"}],"replies":[{"embeddable":true,"href":"https:\/\/serveiseducatius.xtec.cat\/conca\/wp-json\/wp\/v2\/comments?post=14030"}],"version-history":[{"count":1,"href":"https:\/\/serveiseducatius.xtec.cat\/conca\/wp-json\/wp\/v2\/posts\/14030\/revisions"}],"predecessor-version":[{"id":14032,"href":"https:\/\/serveiseducatius.xtec.cat\/conca\/wp-json\/wp\/v2\/posts\/14030\/revisions\/14032"}],"wp:featuredmedia":[{"embeddable":true,"href":"https:\/\/serveiseducatius.xtec.cat\/conca\/wp-json\/wp\/v2\/media\/14031"}],"wp:attachment":[{"href":"https:\/\/serveiseducatius.xtec.cat\/conca\/wp-json\/wp\/v2\/media?parent=14030"}],"wp:term":[{"taxonomy":"category","embeddable":true,"href":"https:\/\/serveiseducatius.xtec.cat\/conca\/wp-json\/wp\/v2\/categories?post=14030"},{"taxonomy":"post_tag","embeddable":true,"href":"https:\/\/serveiseducatius.xtec.cat\/conca\/wp-json\/wp\/v2\/tags?post=14030"}],"curies":[{"name":"wp","href":"https:\/\/api.w.org\/{rel}","templated":true}]}}