{"id":13971,"date":"2024-05-09T12:51:56","date_gmt":"2024-05-09T10:51:56","guid":{"rendered":"https:\/\/serveiseducatius.xtec.cat\/conca\/?p=13971"},"modified":"2024-05-09T13:04:21","modified_gmt":"2024-05-09T11:04:21","slug":"v-georeferenciem-la-conca-de-barbera-fent-teatre","status":"publish","type":"post","link":"https:\/\/serveiseducatius.xtec.cat\/conca\/general\/v-georeferenciem-la-conca-de-barbera-fent-teatre\/","title":{"rendered":"V Georeferenciem la Conca de Barber\u00e0 fent teatre"},"content":{"rendered":"<p>Del 13 al 17 de maig es realitzar\u00e0 la V edici\u00f3 del <strong>Georeferenciem la Conca de Barber\u00e0 fent teatre\u00a0<\/strong>que acull la XXXVIII edici\u00f3 de la Mostra de teatre a l\u2019escola. En aquesta edici\u00f3 ens acollir\u00e0 la comunitat educativa de L&#8217;Espluga de Francol\u00ed.<\/p>\n<p>A sota hi trobareu el cartell d\u2019aquest curs i tamb\u00e9 el programa de les representacions de tota la setmana. Les representacions es duran a terme al Casal de l&#8217;Espluga de Francol\u00ed a partir de les 10 hores aproximadament. En finalitzar les representacions teatrals, els alumnes de 6\u00e8 de l&#8217;Escola vedruna i els alumnes de 5\u00e8 de l&#8217;Escola Mart\u00ed Poch de l&#8217;Espluga de Francol\u00ed, faran de guies a les escoles que vindran. Els alumnes espluguins ens explicaran curiositats dels gegants de l&#8217;Espluga de Francol\u00ed i ens ensenyaran diferents indrets de la poblaci\u00f3.<\/p>\n<p>&nbsp;<\/p>\n<p><a href=\"https:\/\/drive.google.com\/file\/d\/1jDNjlWX4YqanHZpjSOJd0Bjlsf2auwfZ\/view?usp=sharing\" target=\"_blank\" rel=\"noopener\"><img loading=\"lazy\" decoding=\"async\" class=\"aligncenter wp-image-13972\" src=\"https:\/\/serveiseducatius.xtec.cat\/conca\/wp-content\/uploads\/usu1131\/2024\/05\/Cartell-Georeferenciem-3-1-724x1024.jpg\" alt=\"\" width=\"492\" height=\"696\" srcset=\"https:\/\/serveiseducatius.xtec.cat\/conca\/wp-content\/uploads\/usu1131\/2024\/05\/Cartell-Georeferenciem-3-1-724x1024.jpg 724w, https:\/\/serveiseducatius.xtec.cat\/conca\/wp-content\/uploads\/usu1131\/2024\/05\/Cartell-Georeferenciem-3-1-212x300.jpg 212w, https:\/\/serveiseducatius.xtec.cat\/conca\/wp-content\/uploads\/usu1131\/2024\/05\/Cartell-Georeferenciem-3-1-768x1086.jpg 768w, https:\/\/serveiseducatius.xtec.cat\/conca\/wp-content\/uploads\/usu1131\/2024\/05\/Cartell-Georeferenciem-3-1-1086x1536.jpg 1086w, https:\/\/serveiseducatius.xtec.cat\/conca\/wp-content\/uploads\/usu1131\/2024\/05\/Cartell-Georeferenciem-3-1.jpg 1414w\" sizes=\"auto, (max-width: 492px) 100vw, 492px\" \/><\/a><\/p>\n<p><a href=\"https:\/\/drive.google.com\/file\/d\/1EJfBi1l4ngI9Gzb3iNURwhG-fYv-kBNl\/view?usp=sharing\" target=\"_blank\" rel=\"noopener\"><img loading=\"lazy\" decoding=\"async\" class=\"aligncenter wp-image-13973 size-large\" src=\"https:\/\/serveiseducatius.xtec.cat\/conca\/wp-content\/uploads\/usu1131\/2024\/05\/Triptic-Georeferenciem-2024-1024x724.png\" alt=\"\" width=\"1024\" height=\"724\" srcset=\"https:\/\/serveiseducatius.xtec.cat\/conca\/wp-content\/uploads\/usu1131\/2024\/05\/Triptic-Georeferenciem-2024-1024x724.png 1024w, https:\/\/serveiseducatius.xtec.cat\/conca\/wp-content\/uploads\/usu1131\/2024\/05\/Triptic-Georeferenciem-2024-300x212.png 300w, https:\/\/serveiseducatius.xtec.cat\/conca\/wp-content\/uploads\/usu1131\/2024\/05\/Triptic-Georeferenciem-2024-768x543.png 768w, https:\/\/serveiseducatius.xtec.cat\/conca\/wp-content\/uploads\/usu1131\/2024\/05\/Triptic-Georeferenciem-2024.png 1250w\" sizes=\"auto, (max-width: 1024px) 100vw, 1024px\" \/><\/a><\/p>\n<p>Podeu descarregar-vos el cartell i el programa en format PDF clicant a les imatges anteriors.<\/p>\n<p>&nbsp;<\/p>\n<p>&nbsp;<\/p>\n","protected":false},"excerpt":{"rendered":"<p>Del 13 al 17 de maig es realitzar\u00e0 la V edici\u00f3 del Georeferenciem la Conca de Barber\u00e0 fent teatre\u00a0que acull la XXXVIII edici\u00f3 de la Mostra de teatre a l\u2019escola. En aquesta edici\u00f3 ens acollir\u00e0 la comunitat educativa de L&#8217;Espluga de Francol\u00ed. A sota hi trobareu el cartell d\u2019aquest curs i tamb\u00e9 el programa de [&hellip;]<\/p>\n","protected":false},"author":1,"featured_media":13972,"comment_status":"open","ping_status":"closed","sticky":false,"template":"","format":"standard","meta":{"_bbp_topic_count":0,"_bbp_reply_count":0,"_bbp_total_topic_count":0,"_bbp_total_reply_count":0,"_bbp_voice_count":0,"_bbp_anonymous_reply_count":0,"_bbp_topic_count_hidden":0,"_bbp_reply_count_hidden":0,"_bbp_forum_subforum_count":0,"site-sidebar-layout":"default","site-content-layout":"","ast-site-content-layout":"","site-content-style":"default","site-sidebar-style":"default","ast-global-header-display":"","ast-banner-title-visibility":"","ast-main-header-display":"","ast-hfb-above-header-display":"","ast-hfb-below-header-display":"","ast-hfb-mobile-header-display":"","site-post-title":"","ast-breadcrumbs-content":"","ast-featured-img":"","footer-sml-layout":"","theme-transparent-header-meta":"","adv-header-id-meta":"","stick-header-meta":"","header-above-stick-meta":"","header-main-stick-meta":"","header-below-stick-meta":"","astra-migrate-meta-layouts":"default","ast-page-background-enabled":"default","ast-page-background-meta":{"desktop":{"background-color":"var(--ast-global-color-4)","background-image":"","background-repeat":"repeat","background-position":"center center","background-size":"auto","background-attachment":"scroll","background-type":"","background-media":"","overlay-type":"","overlay-color":"","overlay-opacity":"","overlay-gradient":""},"tablet":{"background-color":"","background-image":"","background-repeat":"repeat","background-position":"center center","background-size":"auto","background-attachment":"scroll","background-type":"","background-media":"","overlay-type":"","overlay-color":"","overlay-opacity":"","overlay-gradient":""},"mobile":{"background-color":"","background-image":"","background-repeat":"repeat","background-position":"center center","background-size":"auto","background-attachment":"scroll","background-type":"","background-media":"","overlay-type":"","overlay-color":"","overlay-opacity":"","overlay-gradient":""}},"ast-content-background-meta":{"desktop":{"background-color":"var(--ast-global-color-5)","background-image":"","background-repeat":"repeat","background-position":"center center","background-size":"auto","background-attachment":"scroll","background-type":"","background-media":"","overlay-type":"","overlay-color":"","overlay-opacity":"","overlay-gradient":""},"tablet":{"background-color":"var(--ast-global-color-5)","background-image":"","background-repeat":"repeat","background-position":"center center","background-size":"auto","background-attachment":"scroll","background-type":"","background-media":"","overlay-type":"","overlay-color":"","overlay-opacity":"","overlay-gradient":""},"mobile":{"background-color":"var(--ast-global-color-5)","background-image":"","background-repeat":"repeat","background-position":"center center","background-size":"auto","background-attachment":"scroll","background-type":"","background-media":"","overlay-type":"","overlay-color":"","overlay-opacity":"","overlay-gradient":""}},"footnotes":""},"categories":[65,66,1,323,73,29,594],"tags":[830],"class_list":["post-13971","post","type-post","status-publish","format-standard","has-post-thumbnail","hentry","category-crp","category-dinamitzacio","category-general","category-georeferenciem-la-conca","category-mostra-de-teatre","category-portada","category-xxxv-mostra-de-teatre-a-lescola-mostra-de-teatre","tag-georeferenciem"],"post_mailing_queue_ids":[],"_links":{"self":[{"href":"https:\/\/serveiseducatius.xtec.cat\/conca\/wp-json\/wp\/v2\/posts\/13971","targetHints":{"allow":["GET"]}}],"collection":[{"href":"https:\/\/serveiseducatius.xtec.cat\/conca\/wp-json\/wp\/v2\/posts"}],"about":[{"href":"https:\/\/serveiseducatius.xtec.cat\/conca\/wp-json\/wp\/v2\/types\/post"}],"author":[{"embeddable":true,"href":"https:\/\/serveiseducatius.xtec.cat\/conca\/wp-json\/wp\/v2\/users\/1"}],"replies":[{"embeddable":true,"href":"https:\/\/serveiseducatius.xtec.cat\/conca\/wp-json\/wp\/v2\/comments?post=13971"}],"version-history":[{"count":3,"href":"https:\/\/serveiseducatius.xtec.cat\/conca\/wp-json\/wp\/v2\/posts\/13971\/revisions"}],"predecessor-version":[{"id":13976,"href":"https:\/\/serveiseducatius.xtec.cat\/conca\/wp-json\/wp\/v2\/posts\/13971\/revisions\/13976"}],"wp:featuredmedia":[{"embeddable":true,"href":"https:\/\/serveiseducatius.xtec.cat\/conca\/wp-json\/wp\/v2\/media\/13972"}],"wp:attachment":[{"href":"https:\/\/serveiseducatius.xtec.cat\/conca\/wp-json\/wp\/v2\/media?parent=13971"}],"wp:term":[{"taxonomy":"category","embeddable":true,"href":"https:\/\/serveiseducatius.xtec.cat\/conca\/wp-json\/wp\/v2\/categories?post=13971"},{"taxonomy":"post_tag","embeddable":true,"href":"https:\/\/serveiseducatius.xtec.cat\/conca\/wp-json\/wp\/v2\/tags?post=13971"}],"curies":[{"name":"wp","href":"https:\/\/api.w.org\/{rel}","templated":true}]}}