{"id":13852,"date":"2024-02-22T16:43:47","date_gmt":"2024-02-22T15:43:47","guid":{"rendered":"https:\/\/serveiseducatius.xtec.cat\/conca\/?p=13852"},"modified":"2024-02-22T16:43:47","modified_gmt":"2024-02-22T15:43:47","slug":"taller-de-picapedrer-amb-el-camp-daprenentatge","status":"publish","type":"post","link":"https:\/\/serveiseducatius.xtec.cat\/conca\/general\/taller-de-picapedrer-amb-el-camp-daprenentatge\/","title":{"rendered":"Taller de picapedrer amb el Camp d&#8217;Aprenentatge"},"content":{"rendered":"<p>Els alumnes de 5\u00e8 de l&#8217;escola Mart\u00ed Poch han realitzat un Taller amb els docents del Camp d&#8217;Aprenentatge Monestirs del Cister.<\/p>\n<p>L&#8217;escola Mart\u00ed Poch entre d\u2019altres temes, ha escollit l\u2019Esgl\u00e9sia Vella. Els docents del CdA Monestirs del Cister han dinamitzat un taller de la feina artesana del picapedrer i l&#8217;han contextualitzat en l&#8217;\u00e8poca medieval.\u00a0 Despr\u00e9s, s&#8217;han centrat en els diferents oficis que hi havia a les construccions per acabar parlant dels picapedrers.<\/p>\n<p>Tamb\u00e9 han realitzat una petita sortida a la Pla\u00e7a de l&#8217;esgl\u00e9sia per veure in situ les marques que feien els picapedrers.<\/p>\n<p>Totes aquestes activitats estan emmarcades dins el <strong>V Georeferenciem la Conca de Barber\u00e0 fent teatre<\/strong>, on els dos centres educatius de l&#8217;espluga de Francol\u00ed, seran els amfitrions i rebran les escoles i llar d&#8217;Infants que participen a la Mostra de teatre que enguany arriba a la 28\u00aa edici\u00f3.<\/p>\n<p>Tot seguit podeu veure alguna imatge del taller realitzat.<\/p>\n<p><img loading=\"lazy\" decoding=\"async\" class=\"aligncenter size-large wp-image-13853\" src=\"https:\/\/serveiseducatius.xtec.cat\/conca\/wp-content\/uploads\/usu1131\/2024\/02\/WhatsApp-Image-2024-02-22-at-15.43.59-2-1024x768.jpeg\" alt=\"\" width=\"1024\" height=\"768\" srcset=\"https:\/\/serveiseducatius.xtec.cat\/conca\/wp-content\/uploads\/usu1131\/2024\/02\/WhatsApp-Image-2024-02-22-at-15.43.59-2-1024x768.jpeg 1024w, https:\/\/serveiseducatius.xtec.cat\/conca\/wp-content\/uploads\/usu1131\/2024\/02\/WhatsApp-Image-2024-02-22-at-15.43.59-2-300x225.jpeg 300w, https:\/\/serveiseducatius.xtec.cat\/conca\/wp-content\/uploads\/usu1131\/2024\/02\/WhatsApp-Image-2024-02-22-at-15.43.59-2-768x576.jpeg 768w, https:\/\/serveiseducatius.xtec.cat\/conca\/wp-content\/uploads\/usu1131\/2024\/02\/WhatsApp-Image-2024-02-22-at-15.43.59-2-1536x1152.jpeg 1536w, https:\/\/serveiseducatius.xtec.cat\/conca\/wp-content\/uploads\/usu1131\/2024\/02\/WhatsApp-Image-2024-02-22-at-15.43.59-2-200x150.jpeg 200w, https:\/\/serveiseducatius.xtec.cat\/conca\/wp-content\/uploads\/usu1131\/2024\/02\/WhatsApp-Image-2024-02-22-at-15.43.59-2.jpeg 2048w\" sizes=\"auto, (max-width: 1024px) 100vw, 1024px\" \/><\/p>\n<p><img loading=\"lazy\" decoding=\"async\" class=\"aligncenter size-large wp-image-13854\" src=\"https:\/\/serveiseducatius.xtec.cat\/conca\/wp-content\/uploads\/usu1131\/2024\/02\/WhatsApp-Image-2024-02-22-at-15.43.57-1-768x1024.jpeg\" alt=\"\" width=\"768\" height=\"1024\" srcset=\"https:\/\/serveiseducatius.xtec.cat\/conca\/wp-content\/uploads\/usu1131\/2024\/02\/WhatsApp-Image-2024-02-22-at-15.43.57-1-768x1024.jpeg 768w, https:\/\/serveiseducatius.xtec.cat\/conca\/wp-content\/uploads\/usu1131\/2024\/02\/WhatsApp-Image-2024-02-22-at-15.43.57-1-225x300.jpeg 225w, https:\/\/serveiseducatius.xtec.cat\/conca\/wp-content\/uploads\/usu1131\/2024\/02\/WhatsApp-Image-2024-02-22-at-15.43.57-1-1152x1536.jpeg 1152w, https:\/\/serveiseducatius.xtec.cat\/conca\/wp-content\/uploads\/usu1131\/2024\/02\/WhatsApp-Image-2024-02-22-at-15.43.57-1.jpeg 1536w\" sizes=\"auto, (max-width: 768px) 100vw, 768px\" \/><\/p>\n<p>&nbsp;<\/p>\n<p>&nbsp;<\/p>\n","protected":false},"excerpt":{"rendered":"<p>Els alumnes de 5\u00e8 de l&#8217;escola Mart\u00ed Poch han realitzat un Taller amb els docents del Camp d&#8217;Aprenentatge Monestirs del Cister. L&#8217;escola Mart\u00ed Poch entre d\u2019altres temes, ha escollit l\u2019Esgl\u00e9sia Vella. Els docents del CdA Monestirs del Cister han dinamitzat un taller de la feina artesana del picapedrer i l&#8217;han contextualitzat en l&#8217;\u00e8poca medieval.\u00a0 Despr\u00e9s, [&hellip;]<\/p>\n","protected":false},"author":1,"featured_media":13854,"comment_status":"open","ping_status":"closed","sticky":false,"template":"","format":"standard","meta":{"_bbp_topic_count":0,"_bbp_reply_count":0,"_bbp_total_topic_count":0,"_bbp_total_reply_count":0,"_bbp_voice_count":0,"_bbp_anonymous_reply_count":0,"_bbp_topic_count_hidden":0,"_bbp_reply_count_hidden":0,"_bbp_forum_subforum_count":0,"site-sidebar-layout":"default","site-content-layout":"","ast-site-content-layout":"","site-content-style":"default","site-sidebar-style":"default","ast-global-header-display":"","ast-banner-title-visibility":"","ast-main-header-display":"","ast-hfb-above-header-display":"","ast-hfb-below-header-display":"","ast-hfb-mobile-header-display":"","site-post-title":"","ast-breadcrumbs-content":"","ast-featured-img":"","footer-sml-layout":"","theme-transparent-header-meta":"","adv-header-id-meta":"","stick-header-meta":"","header-above-stick-meta":"","header-main-stick-meta":"","header-below-stick-meta":"","astra-migrate-meta-layouts":"default","ast-page-background-enabled":"default","ast-page-background-meta":{"desktop":{"background-color":"var(--ast-global-color-4)","background-image":"","background-repeat":"repeat","background-position":"center center","background-size":"auto","background-attachment":"scroll","background-type":"","background-media":"","overlay-type":"","overlay-color":"","overlay-opacity":"","overlay-gradient":""},"tablet":{"background-color":"","background-image":"","background-repeat":"repeat","background-position":"center center","background-size":"auto","background-attachment":"scroll","background-type":"","background-media":"","overlay-type":"","overlay-color":"","overlay-opacity":"","overlay-gradient":""},"mobile":{"background-color":"","background-image":"","background-repeat":"repeat","background-position":"center center","background-size":"auto","background-attachment":"scroll","background-type":"","background-media":"","overlay-type":"","overlay-color":"","overlay-opacity":"","overlay-gradient":""}},"ast-content-background-meta":{"desktop":{"background-color":"var(--ast-global-color-5)","background-image":"","background-repeat":"repeat","background-position":"center center","background-size":"auto","background-attachment":"scroll","background-type":"","background-media":"","overlay-type":"","overlay-color":"","overlay-opacity":"","overlay-gradient":""},"tablet":{"background-color":"var(--ast-global-color-5)","background-image":"","background-repeat":"repeat","background-position":"center center","background-size":"auto","background-attachment":"scroll","background-type":"","background-media":"","overlay-type":"","overlay-color":"","overlay-opacity":"","overlay-gradient":""},"mobile":{"background-color":"var(--ast-global-color-5)","background-image":"","background-repeat":"repeat","background-position":"center center","background-size":"auto","background-attachment":"scroll","background-type":"","background-media":"","overlay-type":"","overlay-color":"","overlay-opacity":"","overlay-gradient":""}},"footnotes":""},"categories":[65,66,1,323,29],"tags":[488],"class_list":["post-13852","post","type-post","status-publish","format-standard","has-post-thumbnail","hentry","category-crp","category-dinamitzacio","category-general","category-georeferenciem-la-conca","category-portada","tag-cda"],"post_mailing_queue_ids":[],"_links":{"self":[{"href":"https:\/\/serveiseducatius.xtec.cat\/conca\/wp-json\/wp\/v2\/posts\/13852","targetHints":{"allow":["GET"]}}],"collection":[{"href":"https:\/\/serveiseducatius.xtec.cat\/conca\/wp-json\/wp\/v2\/posts"}],"about":[{"href":"https:\/\/serveiseducatius.xtec.cat\/conca\/wp-json\/wp\/v2\/types\/post"}],"author":[{"embeddable":true,"href":"https:\/\/serveiseducatius.xtec.cat\/conca\/wp-json\/wp\/v2\/users\/1"}],"replies":[{"embeddable":true,"href":"https:\/\/serveiseducatius.xtec.cat\/conca\/wp-json\/wp\/v2\/comments?post=13852"}],"version-history":[{"count":1,"href":"https:\/\/serveiseducatius.xtec.cat\/conca\/wp-json\/wp\/v2\/posts\/13852\/revisions"}],"predecessor-version":[{"id":13855,"href":"https:\/\/serveiseducatius.xtec.cat\/conca\/wp-json\/wp\/v2\/posts\/13852\/revisions\/13855"}],"wp:featuredmedia":[{"embeddable":true,"href":"https:\/\/serveiseducatius.xtec.cat\/conca\/wp-json\/wp\/v2\/media\/13854"}],"wp:attachment":[{"href":"https:\/\/serveiseducatius.xtec.cat\/conca\/wp-json\/wp\/v2\/media?parent=13852"}],"wp:term":[{"taxonomy":"category","embeddable":true,"href":"https:\/\/serveiseducatius.xtec.cat\/conca\/wp-json\/wp\/v2\/categories?post=13852"},{"taxonomy":"post_tag","embeddable":true,"href":"https:\/\/serveiseducatius.xtec.cat\/conca\/wp-json\/wp\/v2\/tags?post=13852"}],"curies":[{"name":"wp","href":"https:\/\/api.w.org\/{rel}","templated":true}]}}