{"id":13847,"date":"2024-02-21T10:24:38","date_gmt":"2024-02-21T09:24:38","guid":{"rendered":"https:\/\/serveiseducatius.xtec.cat\/conca\/?p=13847"},"modified":"2024-02-20T10:30:59","modified_gmt":"2024-02-20T09:30:59","slug":"que-vol-dir-mestre-avui-el-benestar-de-lalumnat","status":"publish","type":"post","link":"https:\/\/serveiseducatius.xtec.cat\/conca\/general\/que-vol-dir-mestre-avui-el-benestar-de-lalumnat\/","title":{"rendered":"Qu\u00e8 vol dir mestre avui: El benestar de l&#8217;alumnat"},"content":{"rendered":"<p>El pr\u00f2xim 13 dimecres 13 de mar\u00e7 es realitzar\u00e0 la tercera confer\u00e8ncia del cicle de xerrades &#8220;Qu\u00e8 vol dir ser mestre avui?&#8221;.<\/p>\n<div class=\"gmail_default\"><u><span style=\"font-family: arial, helvetica, geneva;\"><b>Confer\u00e8ncia 3:\u00a0<\/b><\/span><b>Benestar de l&#8217;alumnat<\/b><\/u><\/div>\n<div class=\"gmail_default\"><img decoding=\"async\" class=\"an1\" src=\"https:\/\/fonts.gstatic.com\/s\/e\/notoemoji\/15.0\/1f5d3\/32.png\" alt=\"\ud83d\uddd3\" data-emoji=\"\ud83d\uddd3\" aria-label=\"\ud83d\uddd3\" \/>\u00a0Dimecres, 13 de mar\u00e7<\/div>\n<div class=\"gmail_default\"><img decoding=\"async\" class=\"an1\" src=\"https:\/\/fonts.gstatic.com\/s\/e\/notoemoji\/15.0\/1f469\/32.png\" alt=\"\ud83d\udc69\" data-emoji=\"\ud83d\udc69\" aria-label=\"\ud83d\udc69\" \/><span class=\"gmail_default\">\u00a0Formadora: N\u00faria Fonoll<\/span><\/div>\n<div class=\"gmail_default\"><b><img decoding=\"async\" class=\"an1\" src=\"https:\/\/fonts.gstatic.com\/s\/e\/notoemoji\/15.0\/23f0\/32.png\" alt=\"\u23f0\" data-emoji=\"\u23f0\" aria-label=\"\u23f0\" \/><\/b>\u00a0Horari:\u00a017.30 h a 19.30 h<\/div>\n<div class=\"gmail_default\"><img decoding=\"async\" class=\"an1\" src=\"https:\/\/fonts.gstatic.com\/s\/e\/notoemoji\/15.0\/1f3eb\/32.png\" alt=\"\ud83c\udfeb\" data-emoji=\"\ud83c\udfeb\" aria-label=\"\ud83c\udfeb\" \/>\u00a0CRP Conca de Barber\u00e0. Crta. d&#8217;Artesa, 4. MONTBLANC<\/div>\n<div class=\"gmail_default\"><\/div>\n<p class=\"gmail_default\">La xerrada va dirigida a les referents COCOBE dels centres educatius, persones directores de centres educatius, mestres, professors i docents en general.<\/p>\n<h5 class=\"gmail_default\">En el cas que vulgueu assistir a la xerrada per\u00f2 no estigueu inscrits a la formaci\u00f3, podeu fer-ho a trav\u00e9s d&#8217;aquest formulari:\u00a0<a href=\"https:\/\/forms.gle\/FDSReNzBvPTCkVgs7\" target=\"_blank\" rel=\"noopener\" data-saferedirecturl=\"https:\/\/www.google.com\/url?q=https:\/\/forms.gle\/FDSReNzBvPTCkVgs7&amp;source=gmail&amp;ust=1708502512214000&amp;usg=AOvVaw15w2OuBYDP9Kplyh3QtQbh\">https:\/\/forms.gle\/<wbr \/>FDSReNzBvPTCkVgs7<\/a><\/h5>\n<p class=\"gmail_default\">La N\u00faria Fonoll \u00e9s coordinadora del programa de\u00a0<b>Benestar per esta b\u00e9 (BxB)<\/b>\u00a0del Departament d&#8217;Educaci\u00f3.<\/p>\n<p class=\"gmail_default\"><span style=\"font-family: arial, sans-serif;\">Els centres educatius s\u00f3n entorns on infants passen la major part del seu temps durant l\u2019etapa de creixement i formaci\u00f3, moment crucial per al desenvolupament social, emocional i acad\u00e8mic. En l\u2019entorn educatiu, es pot enfocar l<b>\u2019abordatge de la salut mental<\/b>\u00a0de manera preventiva per tal de reduir la possibilitat de desenvolupament de trastorns mentals greus en el futur.<\/span><\/p>\n<p class=\"gmail_default\">Actualment,\u00a0el m\u00f3n tecnol\u00f2gic, virtual, de r\u00e0pids canvis socials i demogr\u00e0fics, d&#8217;incertesa vital i professional i del<b>\u00a0creixent \u00edndex de trastorns mentals i emocionals<\/b>\u00a0que la pand\u00e8mia ha fet sobreeixir, des del m\u00f3n educatiu, ens trobem amb la necessitat\u00a0de fixar-nos en el benestar emocional com una de les bases clau de la salut f\u00edsica, emocional, social i personal dels i de les nostres joves.<\/p>\n<p class=\"gmail_default\">Per imaginar futurs ciutadans i ciutadanes amb un bon autogovern emocional, capa\u00e7os de cr\u00e9ixer a trav\u00e9s de les adversitats, de generar vincles profunds i genu\u00efns; i de donar respostes justes, creatives, bondadoses, \u00fatils davant de la vida,\u00a0<b>hem d&#8217;educar amb aquesta finalitat.<\/b><\/p>\n<p class=\"gmail_default\">La confer\u00e8ncia iniciar l&#8217;acompanyament dels centres educatius que desitgen ser motors del desenvolupament emocional del seu alumnat, mostrant tot el que han de tenir en compte per convertir-se en escoles emocionalment competents.<\/p>\n<p class=\"gmail_default\">Aquestes i altres afirmacions seran tractades en aquesta confer\u00e8ncia.<\/p>\n<div class=\"gmail_default\"><img loading=\"lazy\" decoding=\"async\" class=\"aligncenter size-large wp-image-13848\" src=\"https:\/\/serveiseducatius.xtec.cat\/conca\/wp-content\/uploads\/usu1131\/2024\/02\/Que-vol-dir-ser-mestre-avui-13-724x1024.png\" alt=\"\" width=\"724\" height=\"1024\" srcset=\"https:\/\/serveiseducatius.xtec.cat\/conca\/wp-content\/uploads\/usu1131\/2024\/02\/Que-vol-dir-ser-mestre-avui-13-724x1024.png 724w, https:\/\/serveiseducatius.xtec.cat\/conca\/wp-content\/uploads\/usu1131\/2024\/02\/Que-vol-dir-ser-mestre-avui-13-212x300.png 212w, https:\/\/serveiseducatius.xtec.cat\/conca\/wp-content\/uploads\/usu1131\/2024\/02\/Que-vol-dir-ser-mestre-avui-13-768x1086.png 768w, https:\/\/serveiseducatius.xtec.cat\/conca\/wp-content\/uploads\/usu1131\/2024\/02\/Que-vol-dir-ser-mestre-avui-13-1086x1536.png 1086w, https:\/\/serveiseducatius.xtec.cat\/conca\/wp-content\/uploads\/usu1131\/2024\/02\/Que-vol-dir-ser-mestre-avui-13.png 1414w\" sizes=\"auto, (max-width: 724px) 100vw, 724px\" \/><\/div>\n<div><\/div>\n","protected":false},"excerpt":{"rendered":"<p>El pr\u00f2xim 13 dimecres 13 de mar\u00e7 es realitzar\u00e0 la tercera confer\u00e8ncia del cicle de xerrades &#8220;Qu\u00e8 vol dir ser mestre avui?&#8221;. Confer\u00e8ncia 3:\u00a0Benestar de l&#8217;alumnat \u00a0Dimecres, 13 de mar\u00e7 \u00a0Formadora: N\u00faria Fonoll \u00a0Horari:\u00a017.30 h a 19.30 h \u00a0CRP Conca de Barber\u00e0. Crta. d&#8217;Artesa, 4. MONTBLANC La xerrada va dirigida a les referents COCOBE dels [&hellip;]<\/p>\n","protected":false},"author":1,"featured_media":13848,"comment_status":"open","ping_status":"closed","sticky":false,"template":"","format":"standard","meta":{"_bbp_topic_count":0,"_bbp_reply_count":0,"_bbp_total_topic_count":0,"_bbp_total_reply_count":0,"_bbp_voice_count":0,"_bbp_anonymous_reply_count":0,"_bbp_topic_count_hidden":0,"_bbp_reply_count_hidden":0,"_bbp_forum_subforum_count":0,"site-sidebar-layout":"default","site-content-layout":"","ast-site-content-layout":"","site-content-style":"default","site-sidebar-style":"default","ast-global-header-display":"","ast-banner-title-visibility":"","ast-main-header-display":"","ast-hfb-above-header-display":"","ast-hfb-below-header-display":"","ast-hfb-mobile-header-display":"","site-post-title":"","ast-breadcrumbs-content":"","ast-featured-img":"","footer-sml-layout":"","theme-transparent-header-meta":"","adv-header-id-meta":"","stick-header-meta":"","header-above-stick-meta":"","header-main-stick-meta":"","header-below-stick-meta":"","astra-migrate-meta-layouts":"default","ast-page-background-enabled":"default","ast-page-background-meta":{"desktop":{"background-color":"var(--ast-global-color-4)","background-image":"","background-repeat":"repeat","background-position":"center center","background-size":"auto","background-attachment":"scroll","background-type":"","background-media":"","overlay-type":"","overlay-color":"","overlay-opacity":"","overlay-gradient":""},"tablet":{"background-color":"","background-image":"","background-repeat":"repeat","background-position":"center center","background-size":"auto","background-attachment":"scroll","background-type":"","background-media":"","overlay-type":"","overlay-color":"","overlay-opacity":"","overlay-gradient":""},"mobile":{"background-color":"","background-image":"","background-repeat":"repeat","background-position":"center center","background-size":"auto","background-attachment":"scroll","background-type":"","background-media":"","overlay-type":"","overlay-color":"","overlay-opacity":"","overlay-gradient":""}},"ast-content-background-meta":{"desktop":{"background-color":"var(--ast-global-color-5)","background-image":"","background-repeat":"repeat","background-position":"center center","background-size":"auto","background-attachment":"scroll","background-type":"","background-media":"","overlay-type":"","overlay-color":"","overlay-opacity":"","overlay-gradient":""},"tablet":{"background-color":"var(--ast-global-color-5)","background-image":"","background-repeat":"repeat","background-position":"center center","background-size":"auto","background-attachment":"scroll","background-type":"","background-media":"","overlay-type":"","overlay-color":"","overlay-opacity":"","overlay-gradient":""},"mobile":{"background-color":"var(--ast-global-color-5)","background-image":"","background-repeat":"repeat","background-position":"center center","background-size":"auto","background-attachment":"scroll","background-type":"","background-media":"","overlay-type":"","overlay-color":"","overlay-opacity":"","overlay-gradient":""}},"footnotes":""},"categories":[65,154,1,29],"tags":[],"class_list":["post-13847","post","type-post","status-publish","format-standard","has-post-thumbnail","hentry","category-crp","category-formacio","category-general","category-portada"],"post_mailing_queue_ids":[],"_links":{"self":[{"href":"https:\/\/serveiseducatius.xtec.cat\/conca\/wp-json\/wp\/v2\/posts\/13847","targetHints":{"allow":["GET"]}}],"collection":[{"href":"https:\/\/serveiseducatius.xtec.cat\/conca\/wp-json\/wp\/v2\/posts"}],"about":[{"href":"https:\/\/serveiseducatius.xtec.cat\/conca\/wp-json\/wp\/v2\/types\/post"}],"author":[{"embeddable":true,"href":"https:\/\/serveiseducatius.xtec.cat\/conca\/wp-json\/wp\/v2\/users\/1"}],"replies":[{"embeddable":true,"href":"https:\/\/serveiseducatius.xtec.cat\/conca\/wp-json\/wp\/v2\/comments?post=13847"}],"version-history":[{"count":1,"href":"https:\/\/serveiseducatius.xtec.cat\/conca\/wp-json\/wp\/v2\/posts\/13847\/revisions"}],"predecessor-version":[{"id":13849,"href":"https:\/\/serveiseducatius.xtec.cat\/conca\/wp-json\/wp\/v2\/posts\/13847\/revisions\/13849"}],"wp:featuredmedia":[{"embeddable":true,"href":"https:\/\/serveiseducatius.xtec.cat\/conca\/wp-json\/wp\/v2\/media\/13848"}],"wp:attachment":[{"href":"https:\/\/serveiseducatius.xtec.cat\/conca\/wp-json\/wp\/v2\/media?parent=13847"}],"wp:term":[{"taxonomy":"category","embeddable":true,"href":"https:\/\/serveiseducatius.xtec.cat\/conca\/wp-json\/wp\/v2\/categories?post=13847"},{"taxonomy":"post_tag","embeddable":true,"href":"https:\/\/serveiseducatius.xtec.cat\/conca\/wp-json\/wp\/v2\/tags?post=13847"}],"curies":[{"name":"wp","href":"https:\/\/api.w.org\/{rel}","templated":true}]}}