{"id":13606,"date":"2023-10-02T11:34:53","date_gmt":"2023-10-02T09:34:53","guid":{"rendered":"https:\/\/serveiseducatius.xtec.cat\/conca\/?p=13606"},"modified":"2023-10-02T11:34:53","modified_gmt":"2023-10-02T09:34:53","slug":"nou-material-mes-doctubre","status":"publish","type":"post","link":"https:\/\/serveiseducatius.xtec.cat\/conca\/general\/nou-material-mes-doctubre\/","title":{"rendered":"Nou material mes d&#8217;octubre"},"content":{"rendered":"<p>Tot seguit us presentem dues novetats que s&#8217;han adquirit al CRP Conca de Barber\u00e0 i que teniu disponible per al servei de pr\u00e9stec.<\/p>\n<p>Per una banda tenim el llibre <strong>El futur del catal\u00e0 dep\u00e8n de tu <\/strong>de Carme Junyent (2020) de l&#8217;editorial <strong>La Campana<\/strong>.<\/p>\n<p><img loading=\"lazy\" decoding=\"async\" class=\"aligncenter wp-image-13607 size-medium\" src=\"https:\/\/serveiseducatius.xtec.cat\/conca\/wp-content\/uploads\/usu1131\/2023\/10\/el-futur-del-catala-depen-de-tu-194x300.jpg\" alt=\"\" width=\"194\" height=\"300\" srcset=\"https:\/\/serveiseducatius.xtec.cat\/conca\/wp-content\/uploads\/usu1131\/2023\/10\/el-futur-del-catala-depen-de-tu-194x300.jpg 194w, https:\/\/serveiseducatius.xtec.cat\/conca\/wp-content\/uploads\/usu1131\/2023\/10\/el-futur-del-catala-depen-de-tu-663x1024.jpg 663w, https:\/\/serveiseducatius.xtec.cat\/conca\/wp-content\/uploads\/usu1131\/2023\/10\/el-futur-del-catala-depen-de-tu-768x1186.jpg 768w, https:\/\/serveiseducatius.xtec.cat\/conca\/wp-content\/uploads\/usu1131\/2023\/10\/el-futur-del-catala-depen-de-tu-995x1536.jpg 995w, https:\/\/serveiseducatius.xtec.cat\/conca\/wp-content\/uploads\/usu1131\/2023\/10\/el-futur-del-catala-depen-de-tu.jpg 1100w\" sizes=\"auto, (max-width: 194px) 100vw, 194px\" \/><\/p>\n<p>Carme Junyent \u00e9s especialista en l&#8217;estudi de lleng\u00fces amena\u00e7ades arreu del m\u00f3n. Coneix profundament els tics, les autotrampes i, en definitiva, els s\u00edmptomes d&#8217;un cam\u00ed sense retorn. Per aix\u00f2 ens alerta i ens explica de manera clara i di\u00e0fana el com i el per qu\u00e8 el catal\u00e0 est\u00e0 malalt. S\u00ed, el catal\u00e0 corre perill. Per\u00f2 encara no \u00e9s massa tard! Per salvar la llengua TOTS hem de canviar urgentment el nostre comportament ling\u00fc\u00edstic. Els que la tenim com a primera llengua. I els que no, per\u00f2 que la volem continuar sentint, o tamb\u00e9 parlant.<\/p>\n<p>Per altra banda, tenim<strong> Ense\u00f1ar distinto <\/strong>de Melina Furman (2023) de l&#8217;editorial <strong>Clave intelectual.<\/strong><\/p>\n<p id=\"tw-target-text\" class=\"tw-data-text tw-text-large tw-ta\" dir=\"ltr\" data-placeholder=\"Traducci\u00f3\" data-ved=\"2ahUKEwjOuYvxhteBAxVlVqQEHekAB2QQ3ewLegQIBhAQ\"><span class=\"Y2IQFc\" lang=\"ca\">Melina Furman \u00e9s bi\u00f2loga (UBA) i m\u00e0ster i doctora en Educaci\u00f3 (Columbia University). \u00c9s investigadora del Conicet i professora de l\u00b4Escola d\u00b4Educaci\u00f3 de la Universitat de Sant Andreu. Investiga sobre com generar entorns que potenci\u00efn el pensament curi\u00f3s, cr\u00edtic i creatiu des del jard\u00ed dinfants fins a la vida adulta. Per aix\u00f2 treballa amb programes d&#8217;innovaci\u00f3 a tot el pa\u00eds i a l&#8217;Am\u00e8rica Llatina assessorant escoles i formaci\u00f3 docent, escrivint llibres i col\u00b7laborant amb ministeris d&#8217;educaci\u00f3 i organitzacions de la regi\u00f3.<\/span><\/p>\n<p>&nbsp;<\/p>\n<p><img loading=\"lazy\" decoding=\"async\" class=\"aligncenter wp-image-13609 size-medium\" src=\"https:\/\/serveiseducatius.xtec.cat\/conca\/wp-content\/uploads\/usu1131\/2023\/10\/61JidnvLMwL._AC_UF10001000_QL80_-201x300.jpg\" alt=\"\" width=\"201\" height=\"300\" srcset=\"https:\/\/serveiseducatius.xtec.cat\/conca\/wp-content\/uploads\/usu1131\/2023\/10\/61JidnvLMwL._AC_UF10001000_QL80_-201x300.jpg 201w, https:\/\/serveiseducatius.xtec.cat\/conca\/wp-content\/uploads\/usu1131\/2023\/10\/61JidnvLMwL._AC_UF10001000_QL80_.jpg 669w\" sizes=\"auto, (max-width: 201px) 100vw, 201px\" \/><\/p>\n","protected":false},"excerpt":{"rendered":"<p>Tot seguit us presentem dues novetats que s&#8217;han adquirit al CRP Conca de Barber\u00e0 i que teniu disponible per al servei de pr\u00e9stec. Per una banda tenim el llibre El futur del catal\u00e0 dep\u00e8n de tu de Carme Junyent (2020) de l&#8217;editorial La Campana. Carme Junyent \u00e9s especialista en l&#8217;estudi de lleng\u00fces amena\u00e7ades arreu del [&hellip;]<\/p>\n","protected":false},"author":1,"featured_media":13610,"comment_status":"open","ping_status":"closed","sticky":false,"template":"","format":"standard","meta":{"_bbp_topic_count":0,"_bbp_reply_count":0,"_bbp_total_topic_count":0,"_bbp_total_reply_count":0,"_bbp_voice_count":0,"_bbp_anonymous_reply_count":0,"_bbp_topic_count_hidden":0,"_bbp_reply_count_hidden":0,"_bbp_forum_subforum_count":0,"site-sidebar-layout":"default","site-content-layout":"","ast-site-content-layout":"","site-content-style":"default","site-sidebar-style":"default","ast-global-header-display":"","ast-banner-title-visibility":"","ast-main-header-display":"","ast-hfb-above-header-display":"","ast-hfb-below-header-display":"","ast-hfb-mobile-header-display":"","site-post-title":"","ast-breadcrumbs-content":"","ast-featured-img":"","footer-sml-layout":"","theme-transparent-header-meta":"","adv-header-id-meta":"","stick-header-meta":"","header-above-stick-meta":"","header-main-stick-meta":"","header-below-stick-meta":"","astra-migrate-meta-layouts":"default","ast-page-background-enabled":"default","ast-page-background-meta":{"desktop":{"background-color":"var(--ast-global-color-4)","background-image":"","background-repeat":"repeat","background-position":"center center","background-size":"auto","background-attachment":"scroll","background-type":"","background-media":"","overlay-type":"","overlay-color":"","overlay-opacity":"","overlay-gradient":""},"tablet":{"background-color":"","background-image":"","background-repeat":"repeat","background-position":"center center","background-size":"auto","background-attachment":"scroll","background-type":"","background-media":"","overlay-type":"","overlay-color":"","overlay-opacity":"","overlay-gradient":""},"mobile":{"background-color":"","background-image":"","background-repeat":"repeat","background-position":"center center","background-size":"auto","background-attachment":"scroll","background-type":"","background-media":"","overlay-type":"","overlay-color":"","overlay-opacity":"","overlay-gradient":""}},"ast-content-background-meta":{"desktop":{"background-color":"var(--ast-global-color-5)","background-image":"","background-repeat":"repeat","background-position":"center center","background-size":"auto","background-attachment":"scroll","background-type":"","background-media":"","overlay-type":"","overlay-color":"","overlay-opacity":"","overlay-gradient":""},"tablet":{"background-color":"var(--ast-global-color-5)","background-image":"","background-repeat":"repeat","background-position":"center center","background-size":"auto","background-attachment":"scroll","background-type":"","background-media":"","overlay-type":"","overlay-color":"","overlay-opacity":"","overlay-gradient":""},"mobile":{"background-color":"var(--ast-global-color-5)","background-image":"","background-repeat":"repeat","background-position":"center center","background-size":"auto","background-attachment":"scroll","background-type":"","background-media":"","overlay-type":"","overlay-color":"","overlay-opacity":"","overlay-gradient":""}},"footnotes":""},"categories":[65,154,1,29,76],"tags":[],"class_list":["post-13606","post","type-post","status-publish","format-standard","has-post-thumbnail","hentry","category-crp","category-formacio","category-general","category-portada","category-recursos"],"post_mailing_queue_ids":[],"_links":{"self":[{"href":"https:\/\/serveiseducatius.xtec.cat\/conca\/wp-json\/wp\/v2\/posts\/13606","targetHints":{"allow":["GET"]}}],"collection":[{"href":"https:\/\/serveiseducatius.xtec.cat\/conca\/wp-json\/wp\/v2\/posts"}],"about":[{"href":"https:\/\/serveiseducatius.xtec.cat\/conca\/wp-json\/wp\/v2\/types\/post"}],"author":[{"embeddable":true,"href":"https:\/\/serveiseducatius.xtec.cat\/conca\/wp-json\/wp\/v2\/users\/1"}],"replies":[{"embeddable":true,"href":"https:\/\/serveiseducatius.xtec.cat\/conca\/wp-json\/wp\/v2\/comments?post=13606"}],"version-history":[{"count":1,"href":"https:\/\/serveiseducatius.xtec.cat\/conca\/wp-json\/wp\/v2\/posts\/13606\/revisions"}],"predecessor-version":[{"id":13611,"href":"https:\/\/serveiseducatius.xtec.cat\/conca\/wp-json\/wp\/v2\/posts\/13606\/revisions\/13611"}],"wp:featuredmedia":[{"embeddable":true,"href":"https:\/\/serveiseducatius.xtec.cat\/conca\/wp-json\/wp\/v2\/media\/13610"}],"wp:attachment":[{"href":"https:\/\/serveiseducatius.xtec.cat\/conca\/wp-json\/wp\/v2\/media?parent=13606"}],"wp:term":[{"taxonomy":"category","embeddable":true,"href":"https:\/\/serveiseducatius.xtec.cat\/conca\/wp-json\/wp\/v2\/categories?post=13606"},{"taxonomy":"post_tag","embeddable":true,"href":"https:\/\/serveiseducatius.xtec.cat\/conca\/wp-json\/wp\/v2\/tags?post=13606"}],"curies":[{"name":"wp","href":"https:\/\/api.w.org\/{rel}","templated":true}]}}