{"id":13580,"date":"2023-09-28T09:12:16","date_gmt":"2023-09-28T07:12:16","guid":{"rendered":"https:\/\/serveiseducatius.xtec.cat\/conca\/?p=13580"},"modified":"2023-10-05T09:05:12","modified_gmt":"2023-10-05T07:05:12","slug":"i-jornada-coeduquem-per-una-educacio-feminista","status":"publish","type":"post","link":"https:\/\/serveiseducatius.xtec.cat\/conca\/general\/i-jornada-coeduquem-per-una-educacio-feminista\/","title":{"rendered":"I Jornada Coeduquem per una Educaci\u00f3 Feminista"},"content":{"rendered":"<p>Des del Departament d\u2019Educaci\u00f3 volem visibilitzar diverses fites i accions entorn de la coeducaci\u00f3 i la perspectiva de g\u00e8nere. A tal efecte organitzem la I Jornada Coeduquem per una Educaci\u00f3 Feminista. La coeducaci\u00f3 es basa en el reconeixement de les capacitats i individualitats de les persones, sense importar el seu sexe o orientaci\u00f3 sexual, per promoure la igualtat d&#8217;oportunitats reals. Aix\u00ed mateix, busca eliminar tota forma de discriminaci\u00f3 basada en el g\u00e8nere o l&#8217;orientaci\u00f3 sexual i fomentar el respecte per la diversitat de l&#8217;alumnat. En aquesta l\u00ednia, amb aquesta jornada es pret\u00e9n aconseguir els seg\u00fcents objectius:<br \/>\n1. Visibilitzar i contextualitzar la coeducaci\u00f3 i perspectiva de g\u00e8nere.<br \/>\n2. Aportar experi\u00e8ncies d\u2019\u00e8xit a diferents centres educatius.<br \/>\n3. Donar eines i estrat\u00e8gies per desenvolupar la coeducaci\u00f3 en els centres educatius.<br \/>\n4. Sensibilitzar sobre la import\u00e0ncia d\u2019educar amb perspectiva de g\u00e8nere.<\/p>\n<p>Per aquest motiu, us convidem a assistir a una jornada participativa el proper 5 d\u2019octubre de 2023, a la Sala d\u2019Actes de la Universitat Pompeu FabraCampus Ciutadella, edifici Roger de Ll\u00faria. C\/de Ramon Trias Fargas,25-27, Barcelona. (entrant per la pla\u00e7a, el primer edifici de l\u2019esquerra).<\/p>\n<p>Per assistir-hi cal que realitzeu la inscripci\u00f3 en el <a href=\"https:\/\/form.typeform.com\/to\/AcnoqHdv\" target=\"_blank\" rel=\"noopener\">seg\u00fcent enlla\u00e7<\/a> Si voleu certificar la vostra assist\u00e8ncia haureu de registrar les vostres dades en el seg\u00fcent enlla\u00e7: <a href=\"https:\/\/aplicacions.gestioeducativa.gencat.cat\/pls\/soloas\/pk_for_mod_ins.p_for_detall_activitat?p_header=Llista%20d%27activitats%5epk_for_mod_ins.p_for_cons_activitats?p_tipus_act=ASS,CSA,PSVB,SSVA,SVBA,TCA2,TCA,PSAD,SME,CNA,ESC,ESR,FIFC,SENT,CODU,COD2,PSI,DSVE,JCF,JCOC%26p_totes=S%26p_inici=1%26p_excloure_crp_rec=F&amp;p_codi=9000710519&amp;p_curs=2023-2024&amp;p_excloure_crp_rec=F\" target=\"_blank\" rel=\"noopener\">Enlla\u00e7 certificaci\u00f3<\/a><\/p>\n<p>Us animem a participar de la jornada, que de ben segur aportar\u00e0 coneixement i experi\u00e8ncies per fer entre tots una educaci\u00f3 m\u00e9s feminista i coeducativa.<\/p>\n<p><img loading=\"lazy\" decoding=\"async\" class=\"aligncenter size-full wp-image-13581\" src=\"https:\/\/serveiseducatius.xtec.cat\/conca\/wp-content\/uploads\/usu1131\/2023\/09\/832x468-actualitat-i-jornada-coeducacio_23.png_223078711.png\" alt=\"\" width=\"832\" height=\"468\" srcset=\"https:\/\/serveiseducatius.xtec.cat\/conca\/wp-content\/uploads\/usu1131\/2023\/09\/832x468-actualitat-i-jornada-coeducacio_23.png_223078711.png 832w, https:\/\/serveiseducatius.xtec.cat\/conca\/wp-content\/uploads\/usu1131\/2023\/09\/832x468-actualitat-i-jornada-coeducacio_23.png_223078711-300x169.png 300w, https:\/\/serveiseducatius.xtec.cat\/conca\/wp-content\/uploads\/usu1131\/2023\/09\/832x468-actualitat-i-jornada-coeducacio_23.png_223078711-768x432.png 768w\" sizes=\"auto, (max-width: 832px) 100vw, 832px\" \/><\/p>\n","protected":false},"excerpt":{"rendered":"<p>Des del Departament d\u2019Educaci\u00f3 volem visibilitzar diverses fites i accions entorn de la coeducaci\u00f3 i la perspectiva de g\u00e8nere. A tal efecte organitzem la I Jornada Coeduquem per una Educaci\u00f3 Feminista. La coeducaci\u00f3 es basa en el reconeixement de les capacitats i individualitats de les persones, sense importar el seu sexe o orientaci\u00f3 sexual, per [&hellip;]<\/p>\n","protected":false},"author":1,"featured_media":13581,"comment_status":"open","ping_status":"closed","sticky":false,"template":"","format":"standard","meta":{"_bbp_topic_count":0,"_bbp_reply_count":0,"_bbp_total_topic_count":0,"_bbp_total_reply_count":0,"_bbp_voice_count":0,"_bbp_anonymous_reply_count":0,"_bbp_topic_count_hidden":0,"_bbp_reply_count_hidden":0,"_bbp_forum_subforum_count":0,"site-sidebar-layout":"default","site-content-layout":"","ast-site-content-layout":"","site-content-style":"default","site-sidebar-style":"default","ast-global-header-display":"","ast-banner-title-visibility":"","ast-main-header-display":"","ast-hfb-above-header-display":"","ast-hfb-below-header-display":"","ast-hfb-mobile-header-display":"","site-post-title":"","ast-breadcrumbs-content":"","ast-featured-img":"","footer-sml-layout":"","theme-transparent-header-meta":"","adv-header-id-meta":"","stick-header-meta":"","header-above-stick-meta":"","header-main-stick-meta":"","header-below-stick-meta":"","astra-migrate-meta-layouts":"default","ast-page-background-enabled":"default","ast-page-background-meta":{"desktop":{"background-color":"var(--ast-global-color-4)","background-image":"","background-repeat":"repeat","background-position":"center center","background-size":"auto","background-attachment":"scroll","background-type":"","background-media":"","overlay-type":"","overlay-color":"","overlay-opacity":"","overlay-gradient":""},"tablet":{"background-color":"","background-image":"","background-repeat":"repeat","background-position":"center center","background-size":"auto","background-attachment":"scroll","background-type":"","background-media":"","overlay-type":"","overlay-color":"","overlay-opacity":"","overlay-gradient":""},"mobile":{"background-color":"","background-image":"","background-repeat":"repeat","background-position":"center center","background-size":"auto","background-attachment":"scroll","background-type":"","background-media":"","overlay-type":"","overlay-color":"","overlay-opacity":"","overlay-gradient":""}},"ast-content-background-meta":{"desktop":{"background-color":"var(--ast-global-color-5)","background-image":"","background-repeat":"repeat","background-position":"center center","background-size":"auto","background-attachment":"scroll","background-type":"","background-media":"","overlay-type":"","overlay-color":"","overlay-opacity":"","overlay-gradient":""},"tablet":{"background-color":"var(--ast-global-color-5)","background-image":"","background-repeat":"repeat","background-position":"center center","background-size":"auto","background-attachment":"scroll","background-type":"","background-media":"","overlay-type":"","overlay-color":"","overlay-opacity":"","overlay-gradient":""},"mobile":{"background-color":"var(--ast-global-color-5)","background-image":"","background-repeat":"repeat","background-position":"center center","background-size":"auto","background-attachment":"scroll","background-type":"","background-media":"","overlay-type":"","overlay-color":"","overlay-opacity":"","overlay-gradient":""}},"footnotes":""},"categories":[65,154,1,153,29],"tags":[554,602],"class_list":["post-13580","post","type-post","status-publish","format-standard","has-post-thumbnail","hentry","category-crp","category-formacio","category-general","category-pfz","category-portada","tag-coeducacio","tag-igualtat"],"post_mailing_queue_ids":[],"_links":{"self":[{"href":"https:\/\/serveiseducatius.xtec.cat\/conca\/wp-json\/wp\/v2\/posts\/13580","targetHints":{"allow":["GET"]}}],"collection":[{"href":"https:\/\/serveiseducatius.xtec.cat\/conca\/wp-json\/wp\/v2\/posts"}],"about":[{"href":"https:\/\/serveiseducatius.xtec.cat\/conca\/wp-json\/wp\/v2\/types\/post"}],"author":[{"embeddable":true,"href":"https:\/\/serveiseducatius.xtec.cat\/conca\/wp-json\/wp\/v2\/users\/1"}],"replies":[{"embeddable":true,"href":"https:\/\/serveiseducatius.xtec.cat\/conca\/wp-json\/wp\/v2\/comments?post=13580"}],"version-history":[{"count":3,"href":"https:\/\/serveiseducatius.xtec.cat\/conca\/wp-json\/wp\/v2\/posts\/13580\/revisions"}],"predecessor-version":[{"id":13584,"href":"https:\/\/serveiseducatius.xtec.cat\/conca\/wp-json\/wp\/v2\/posts\/13580\/revisions\/13584"}],"wp:featuredmedia":[{"embeddable":true,"href":"https:\/\/serveiseducatius.xtec.cat\/conca\/wp-json\/wp\/v2\/media\/13581"}],"wp:attachment":[{"href":"https:\/\/serveiseducatius.xtec.cat\/conca\/wp-json\/wp\/v2\/media?parent=13580"}],"wp:term":[{"taxonomy":"category","embeddable":true,"href":"https:\/\/serveiseducatius.xtec.cat\/conca\/wp-json\/wp\/v2\/categories?post=13580"},{"taxonomy":"post_tag","embeddable":true,"href":"https:\/\/serveiseducatius.xtec.cat\/conca\/wp-json\/wp\/v2\/tags?post=13580"}],"curies":[{"name":"wp","href":"https:\/\/api.w.org\/{rel}","templated":true}]}}