{"id":13577,"date":"2023-09-27T13:48:35","date_gmt":"2023-09-27T11:48:35","guid":{"rendered":"https:\/\/serveiseducatius.xtec.cat\/conca\/?p=13577"},"modified":"2023-09-27T13:48:35","modified_gmt":"2023-09-27T11:48:35","slug":"consorci-memorial-dels-espais-de-la-batalla-de-lebre-comebe","status":"publish","type":"post","link":"https:\/\/serveiseducatius.xtec.cat\/conca\/general\/consorci-memorial-dels-espais-de-la-batalla-de-lebre-comebe\/","title":{"rendered":"Consorci Memorial dels Espais de la Batalla de l&#8217;Ebre (COMEBE)"},"content":{"rendered":"<p>El Consorci Memorial dels Espais de la Batalla de l&#8217;Ebre (COMEBE) \u00e9s un ens adscrit a l\u2019Administraci\u00f3 de la<br \/>\nGeneralitat de Catalunya que t\u00e9 per objecte la recuperaci\u00f3 hist\u00f2rica i la mem\u00f2ria de la Batalla de l\u2019Ebre, aix\u00ed com la<br \/>\nposada en valor i la gesti\u00f3 de vestigis i del patrimoni memorial vinculats.<\/p>\n<p>El Consorci Memorial dels Espais de la Batalla de l&#8217;Ebre situat a la comarca de la Terra Alta, compta amb un programa per a escoles i instituts amb l&#8217;objectiu de contribuir al coneixement, la difusi\u00f3 dels espais i els fets hist\u00f2rics de la Guerra Civil. Tamb\u00e9 vol fomentar la sensibilitzaci\u00f3 envers la cultura de la pau i els valors democr\u00e0tics en la societat.<\/p>\n<p>Adjuntem i enllacem el\u00a0<a href=\"https:\/\/drive.google.com\/file\/d\/1ChTphE13Hb2wALA9me8UaF9TL1CVf0Ma\/view?usp=sharing\" target=\"_blank\" rel=\"noopener\" data-saferedirecturl=\"https:\/\/www.google.com\/url?q=https:\/\/drive.google.com\/file\/d\/1ChTphE13Hb2wALA9me8UaF9TL1CVf0Ma\/view?usp%3Dsharing&amp;source=gmail&amp;ust=1695898515268000&amp;usg=AOvVaw2AussLmT5p-nWo_ehc6FQJ\">Programa de visites i activitats per a les escoles i instituts, curs 2023-2024<\/a><\/p>\n<p><img loading=\"lazy\" decoding=\"async\" class=\"aligncenter size-full wp-image-13578\" src=\"https:\/\/serveiseducatius.xtec.cat\/conca\/wp-content\/uploads\/usu1131\/2023\/09\/screenshot-drive.google.com-2023.09.27-13_46_47.png\" alt=\"\" width=\"792\" height=\"560\" srcset=\"https:\/\/serveiseducatius.xtec.cat\/conca\/wp-content\/uploads\/usu1131\/2023\/09\/screenshot-drive.google.com-2023.09.27-13_46_47.png 792w, https:\/\/serveiseducatius.xtec.cat\/conca\/wp-content\/uploads\/usu1131\/2023\/09\/screenshot-drive.google.com-2023.09.27-13_46_47-300x212.png 300w, https:\/\/serveiseducatius.xtec.cat\/conca\/wp-content\/uploads\/usu1131\/2023\/09\/screenshot-drive.google.com-2023.09.27-13_46_47-768x543.png 768w\" sizes=\"auto, (max-width: 792px) 100vw, 792px\" \/><\/p>\n","protected":false},"excerpt":{"rendered":"<p>El Consorci Memorial dels Espais de la Batalla de l&#8217;Ebre (COMEBE) \u00e9s un ens adscrit a l\u2019Administraci\u00f3 de la Generalitat de Catalunya que t\u00e9 per objecte la recuperaci\u00f3 hist\u00f2rica i la mem\u00f2ria de la Batalla de l\u2019Ebre, aix\u00ed com la posada en valor i la gesti\u00f3 de vestigis i del patrimoni memorial vinculats. El Consorci [&hellip;]<\/p>\n","protected":false},"author":1,"featured_media":13578,"comment_status":"open","ping_status":"closed","sticky":false,"template":"","format":"standard","meta":{"_bbp_topic_count":0,"_bbp_reply_count":0,"_bbp_total_topic_count":0,"_bbp_total_reply_count":0,"_bbp_voice_count":0,"_bbp_anonymous_reply_count":0,"_bbp_topic_count_hidden":0,"_bbp_reply_count_hidden":0,"_bbp_forum_subforum_count":0,"site-sidebar-layout":"default","site-content-layout":"","ast-site-content-layout":"","site-content-style":"default","site-sidebar-style":"default","ast-global-header-display":"","ast-banner-title-visibility":"","ast-main-header-display":"","ast-hfb-above-header-display":"","ast-hfb-below-header-display":"","ast-hfb-mobile-header-display":"","site-post-title":"","ast-breadcrumbs-content":"","ast-featured-img":"","footer-sml-layout":"","theme-transparent-header-meta":"","adv-header-id-meta":"","stick-header-meta":"","header-above-stick-meta":"","header-main-stick-meta":"","header-below-stick-meta":"","astra-migrate-meta-layouts":"default","ast-page-background-enabled":"default","ast-page-background-meta":{"desktop":{"background-color":"var(--ast-global-color-4)","background-image":"","background-repeat":"repeat","background-position":"center center","background-size":"auto","background-attachment":"scroll","background-type":"","background-media":"","overlay-type":"","overlay-color":"","overlay-opacity":"","overlay-gradient":""},"tablet":{"background-color":"","background-image":"","background-repeat":"repeat","background-position":"center center","background-size":"auto","background-attachment":"scroll","background-type":"","background-media":"","overlay-type":"","overlay-color":"","overlay-opacity":"","overlay-gradient":""},"mobile":{"background-color":"","background-image":"","background-repeat":"repeat","background-position":"center center","background-size":"auto","background-attachment":"scroll","background-type":"","background-media":"","overlay-type":"","overlay-color":"","overlay-opacity":"","overlay-gradient":""}},"ast-content-background-meta":{"desktop":{"background-color":"var(--ast-global-color-5)","background-image":"","background-repeat":"repeat","background-position":"center center","background-size":"auto","background-attachment":"scroll","background-type":"","background-media":"","overlay-type":"","overlay-color":"","overlay-opacity":"","overlay-gradient":""},"tablet":{"background-color":"var(--ast-global-color-5)","background-image":"","background-repeat":"repeat","background-position":"center center","background-size":"auto","background-attachment":"scroll","background-type":"","background-media":"","overlay-type":"","overlay-color":"","overlay-opacity":"","overlay-gradient":""},"mobile":{"background-color":"var(--ast-global-color-5)","background-image":"","background-repeat":"repeat","background-position":"center center","background-size":"auto","background-attachment":"scroll","background-type":"","background-media":"","overlay-type":"","overlay-color":"","overlay-opacity":"","overlay-gradient":""}},"footnotes":""},"categories":[65,1,235,29],"tags":[],"class_list":["post-13577","post","type-post","status-publish","format-standard","has-post-thumbnail","hentry","category-crp","category-general","category-formacio_ins","category-portada"],"post_mailing_queue_ids":[],"_links":{"self":[{"href":"https:\/\/serveiseducatius.xtec.cat\/conca\/wp-json\/wp\/v2\/posts\/13577","targetHints":{"allow":["GET"]}}],"collection":[{"href":"https:\/\/serveiseducatius.xtec.cat\/conca\/wp-json\/wp\/v2\/posts"}],"about":[{"href":"https:\/\/serveiseducatius.xtec.cat\/conca\/wp-json\/wp\/v2\/types\/post"}],"author":[{"embeddable":true,"href":"https:\/\/serveiseducatius.xtec.cat\/conca\/wp-json\/wp\/v2\/users\/1"}],"replies":[{"embeddable":true,"href":"https:\/\/serveiseducatius.xtec.cat\/conca\/wp-json\/wp\/v2\/comments?post=13577"}],"version-history":[{"count":1,"href":"https:\/\/serveiseducatius.xtec.cat\/conca\/wp-json\/wp\/v2\/posts\/13577\/revisions"}],"predecessor-version":[{"id":13579,"href":"https:\/\/serveiseducatius.xtec.cat\/conca\/wp-json\/wp\/v2\/posts\/13577\/revisions\/13579"}],"wp:featuredmedia":[{"embeddable":true,"href":"https:\/\/serveiseducatius.xtec.cat\/conca\/wp-json\/wp\/v2\/media\/13578"}],"wp:attachment":[{"href":"https:\/\/serveiseducatius.xtec.cat\/conca\/wp-json\/wp\/v2\/media?parent=13577"}],"wp:term":[{"taxonomy":"category","embeddable":true,"href":"https:\/\/serveiseducatius.xtec.cat\/conca\/wp-json\/wp\/v2\/categories?post=13577"},{"taxonomy":"post_tag","embeddable":true,"href":"https:\/\/serveiseducatius.xtec.cat\/conca\/wp-json\/wp\/v2\/tags?post=13577"}],"curies":[{"name":"wp","href":"https:\/\/api.w.org\/{rel}","templated":true}]}}