{"id":13551,"date":"2023-09-18T12:22:38","date_gmt":"2023-09-18T10:22:38","guid":{"rendered":"https:\/\/serveiseducatius.xtec.cat\/conca\/?p=13551"},"modified":"2023-10-05T09:09:24","modified_gmt":"2023-10-05T07:09:24","slug":"lavaluacio-reguladora-basada-en-el-nou-curriculum","status":"publish","type":"post","link":"https:\/\/serveiseducatius.xtec.cat\/conca\/general\/lavaluacio-reguladora-basada-en-el-nou-curriculum\/","title":{"rendered":"L&#8217;avaluaci\u00f3 reguladora basada en el nou curr\u00edculum"},"content":{"rendered":"<p>En aquesta formaci\u00f3 aprendrem m\u00e9s coses sobre l\u2019avaluaci\u00f3 reguladora del nou curr\u00edculum. Es realitzar\u00e0 una primera sessi\u00f3 sobre el nou curr\u00edculum i les altres sessions ens centrarem en l&#8217;avaluaci\u00f3.<\/p>\n<p>La formaci\u00f3 la realitzar\u00e0 la <strong>Carolina Carrillo<\/strong> i els continguts a treballar s\u00f3n:<\/p>\n<p>&#8211; L\u2019avaluaci\u00f3 reguladora del nou curr\u00edculum<br \/>\n&#8211; Les oportunitat dels nou curr\u00edculum<br \/>\n&#8211; Com podem avaluar les activitats competencials<br \/>\n&#8211; Les evid\u00e8ncies de l\u2019aprenentatge i la recollida de dades<\/p>\n<p>Podeu realitzar la vostra inscripci\u00f3 clicant la imatge seg\u00fcent:<\/p>\n<p>&nbsp;<\/p>\n<p><a href=\"https:\/\/aplicacions.gestioeducativa.gencat.cat\/pls\/soloas\/pk_for_mod_ins.p_for_detall_activitat?p_header=Selecci%F3^pk_for_mod_ins.p_for_form_cons_act?p_excloure_crp_rec=T*Llista%20d%27activitats^pk_for_mod_ins.p_for_cons_activitats?p_crp=705%26p_crp_txt=La%20Conca%20de%20Barber%E0.%20Montblanc%26p_totes=N%26p_inici=11%26p_excloure_crp_rec=T&amp;p_codi=7050151705&amp;p_curs=2023-2024&amp;p_es_inscr=S\" target=\"_blank\" rel=\"noopener\"><img loading=\"lazy\" decoding=\"async\" class=\"aligncenter wp-image-13552 size-large\" src=\"https:\/\/serveiseducatius.xtec.cat\/conca\/wp-content\/uploads\/usu1131\/2023\/09\/Guia-sobre-lavaluacio-reguladora-basada-en-el-nou-curriculum-2-724x1024.png\" alt=\"\" width=\"724\" height=\"1024\" srcset=\"https:\/\/serveiseducatius.xtec.cat\/conca\/wp-content\/uploads\/usu1131\/2023\/09\/Guia-sobre-lavaluacio-reguladora-basada-en-el-nou-curriculum-2-724x1024.png 724w, https:\/\/serveiseducatius.xtec.cat\/conca\/wp-content\/uploads\/usu1131\/2023\/09\/Guia-sobre-lavaluacio-reguladora-basada-en-el-nou-curriculum-2-212x300.png 212w, https:\/\/serveiseducatius.xtec.cat\/conca\/wp-content\/uploads\/usu1131\/2023\/09\/Guia-sobre-lavaluacio-reguladora-basada-en-el-nou-curriculum-2-768x1086.png 768w, https:\/\/serveiseducatius.xtec.cat\/conca\/wp-content\/uploads\/usu1131\/2023\/09\/Guia-sobre-lavaluacio-reguladora-basada-en-el-nou-curriculum-2-1086x1536.png 1086w, https:\/\/serveiseducatius.xtec.cat\/conca\/wp-content\/uploads\/usu1131\/2023\/09\/Guia-sobre-lavaluacio-reguladora-basada-en-el-nou-curriculum-2.png 1414w\" sizes=\"auto, (max-width: 724px) 100vw, 724px\" \/><\/a><\/p>\n","protected":false},"excerpt":{"rendered":"<p>En aquesta formaci\u00f3 aprendrem m\u00e9s coses sobre l\u2019avaluaci\u00f3 reguladora del nou curr\u00edculum. Es realitzar\u00e0 una primera sessi\u00f3 sobre el nou curr\u00edculum i les altres sessions ens centrarem en l&#8217;avaluaci\u00f3. La formaci\u00f3 la realitzar\u00e0 la Carolina Carrillo i els continguts a treballar s\u00f3n: &#8211; L\u2019avaluaci\u00f3 reguladora del nou curr\u00edculum &#8211; Les oportunitat dels nou curr\u00edculum &#8211; [&hellip;]<\/p>\n","protected":false},"author":1,"featured_media":13552,"comment_status":"open","ping_status":"closed","sticky":false,"template":"","format":"standard","meta":{"_bbp_topic_count":0,"_bbp_reply_count":0,"_bbp_total_topic_count":0,"_bbp_total_reply_count":0,"_bbp_voice_count":0,"_bbp_anonymous_reply_count":0,"_bbp_topic_count_hidden":0,"_bbp_reply_count_hidden":0,"_bbp_forum_subforum_count":0,"site-sidebar-layout":"default","site-content-layout":"","ast-site-content-layout":"","site-content-style":"default","site-sidebar-style":"default","ast-global-header-display":"","ast-banner-title-visibility":"","ast-main-header-display":"","ast-hfb-above-header-display":"","ast-hfb-below-header-display":"","ast-hfb-mobile-header-display":"","site-post-title":"","ast-breadcrumbs-content":"","ast-featured-img":"","footer-sml-layout":"","theme-transparent-header-meta":"","adv-header-id-meta":"","stick-header-meta":"","header-above-stick-meta":"","header-main-stick-meta":"","header-below-stick-meta":"","astra-migrate-meta-layouts":"default","ast-page-background-enabled":"default","ast-page-background-meta":{"desktop":{"background-color":"var(--ast-global-color-4)","background-image":"","background-repeat":"repeat","background-position":"center center","background-size":"auto","background-attachment":"scroll","background-type":"","background-media":"","overlay-type":"","overlay-color":"","overlay-opacity":"","overlay-gradient":""},"tablet":{"background-color":"","background-image":"","background-repeat":"repeat","background-position":"center center","background-size":"auto","background-attachment":"scroll","background-type":"","background-media":"","overlay-type":"","overlay-color":"","overlay-opacity":"","overlay-gradient":""},"mobile":{"background-color":"","background-image":"","background-repeat":"repeat","background-position":"center center","background-size":"auto","background-attachment":"scroll","background-type":"","background-media":"","overlay-type":"","overlay-color":"","overlay-opacity":"","overlay-gradient":""}},"ast-content-background-meta":{"desktop":{"background-color":"var(--ast-global-color-5)","background-image":"","background-repeat":"repeat","background-position":"center center","background-size":"auto","background-attachment":"scroll","background-type":"","background-media":"","overlay-type":"","overlay-color":"","overlay-opacity":"","overlay-gradient":""},"tablet":{"background-color":"var(--ast-global-color-5)","background-image":"","background-repeat":"repeat","background-position":"center center","background-size":"auto","background-attachment":"scroll","background-type":"","background-media":"","overlay-type":"","overlay-color":"","overlay-opacity":"","overlay-gradient":""},"mobile":{"background-color":"var(--ast-global-color-5)","background-image":"","background-repeat":"repeat","background-position":"center center","background-size":"auto","background-attachment":"scroll","background-type":"","background-media":"","overlay-type":"","overlay-color":"","overlay-opacity":"","overlay-gradient":""}},"footnotes":""},"categories":[65,154,1,748,153,29],"tags":[194,798],"class_list":["post-13551","post","type-post","status-publish","format-standard","has-post-thumbnail","hentry","category-crp","category-formacio","category-general","category-nou-curriculum","category-pfz","category-portada","tag-avaluacio","tag-nou-curriculum"],"post_mailing_queue_ids":[],"_links":{"self":[{"href":"https:\/\/serveiseducatius.xtec.cat\/conca\/wp-json\/wp\/v2\/posts\/13551","targetHints":{"allow":["GET"]}}],"collection":[{"href":"https:\/\/serveiseducatius.xtec.cat\/conca\/wp-json\/wp\/v2\/posts"}],"about":[{"href":"https:\/\/serveiseducatius.xtec.cat\/conca\/wp-json\/wp\/v2\/types\/post"}],"author":[{"embeddable":true,"href":"https:\/\/serveiseducatius.xtec.cat\/conca\/wp-json\/wp\/v2\/users\/1"}],"replies":[{"embeddable":true,"href":"https:\/\/serveiseducatius.xtec.cat\/conca\/wp-json\/wp\/v2\/comments?post=13551"}],"version-history":[{"count":1,"href":"https:\/\/serveiseducatius.xtec.cat\/conca\/wp-json\/wp\/v2\/posts\/13551\/revisions"}],"predecessor-version":[{"id":13553,"href":"https:\/\/serveiseducatius.xtec.cat\/conca\/wp-json\/wp\/v2\/posts\/13551\/revisions\/13553"}],"wp:featuredmedia":[{"embeddable":true,"href":"https:\/\/serveiseducatius.xtec.cat\/conca\/wp-json\/wp\/v2\/media\/13552"}],"wp:attachment":[{"href":"https:\/\/serveiseducatius.xtec.cat\/conca\/wp-json\/wp\/v2\/media?parent=13551"}],"wp:term":[{"taxonomy":"category","embeddable":true,"href":"https:\/\/serveiseducatius.xtec.cat\/conca\/wp-json\/wp\/v2\/categories?post=13551"},{"taxonomy":"post_tag","embeddable":true,"href":"https:\/\/serveiseducatius.xtec.cat\/conca\/wp-json\/wp\/v2\/tags?post=13551"}],"curies":[{"name":"wp","href":"https:\/\/api.w.org\/{rel}","templated":true}]}}