{"id":13541,"date":"2023-09-14T15:10:53","date_gmt":"2023-09-14T13:10:53","guid":{"rendered":"https:\/\/serveiseducatius.xtec.cat\/conca\/?p=13541"},"modified":"2023-09-14T15:10:53","modified_gmt":"2023-09-14T13:10:53","slug":"educar-per-al-collapse-conferencia-en-linia","status":"publish","type":"post","link":"https:\/\/serveiseducatius.xtec.cat\/conca\/general\/educar-per-al-collapse-conferencia-en-linia\/","title":{"rendered":"&#8220;Educar per al col\u00b7lapse&#8221; (Confer\u00e8ncia en l\u00ednia)"},"content":{"rendered":"<div class=\"gmail_default\">\n<div class=\"gmail_default\">El proper dimecres dia\u00a0<b>20 de setembre, a 2\/4 de 6 de la tarda<\/b>\u00a0 us convidem a connectar-vos a la confer\u00e8ncia<a href=\"https:\/\/serveiseducatius.xtec.cat\/altcamp\/actualitat\/conferencia-educar-per-al-collapse\/\" target=\"_blank\" rel=\"noopener\" data-saferedirecturl=\"https:\/\/www.google.com\/url?q=https:\/\/serveiseducatius.xtec.cat\/altcamp\/actualitat\/conferencia-educar-per-al-collapse\/&amp;source=gmail&amp;ust=1694777172034000&amp;usg=AOvVaw3yLrCmhW9i504WjUkeU2UA\">\u00a0<b>Educar per al col\u00b7lapse<\/b><\/a><b><i>,\u00a0<\/i><\/b>a c\u00e0rrec de Jordi Mar\u00edn Monfort.\u00a0<b>(En l\u00ednia)<\/b>.<\/div>\n<div class=\"gmail_default\"><\/div>\n<div class=\"gmail_default\">\n<div><\/div>\n<\/div>\n<p><b>Jordi Mar\u00edn i Monfort<\/b>\u00a0(Ares del Maestrat, 1974) \u00e9s professor d\u2019Educaci\u00f3 Secund\u00e0ria i ha estat membre de l\u2019Equip Lacenet (Bages) i de l\u2019Equip TIC de l\u2019ICE de la UAB. Ha presentat pon\u00e8ncies en diferents jornades i congressos educatius i ha publicat articles en revistes de l\u2019\u00e0mbit educatiu com Gra\u00f3, Cuadernos de Pedagog\u00eda, Revista de F\u00edsica o Journal of Immersive Education, aix\u00ed com el llibre\u00a0<i>Educar en la sociedad del conocimiento\u00a0<\/i>(Horsori, 2011) amb Ramon Barlam.<\/p>\n<p><b>Us podeu inscriure en aquest<\/b>\u00a0<b><a href=\"https:\/\/aplicacions.gestioeducativa.gencat.cat\/pls\/soloas\/pk_for_mod_ins.p_for_detall_activitat?p_header=Llista%20d%27activitats%5Epk_for_mod_ins.p_for_cons_activitats?p_crp=701%26p_any=2023-2024%26p_totes=S%26p_inici=1%26p_excloure_crp_rec=F&amp;p_codi=7010461701&amp;p_curs=2023-2024&amp;p_excloure_crp_rec=F\" target=\"_blank\" rel=\"noopener\" data-saferedirecturl=\"https:\/\/www.google.com\/url?q=https:\/\/aplicacions.gestioeducativa.gencat.cat\/pls\/soloas\/pk_for_mod_ins.p_for_detall_activitat?p_header%3DLlista%2520d%2527activitats%255Epk_for_mod_ins.p_for_cons_activitats?p_crp%3D701%2526p_any%3D2023-2024%2526p_totes%3DS%2526p_inici%3D1%2526p_excloure_crp_rec%3DF%26p_codi%3D7010461701%26p_curs%3D2023-2024%26p_excloure_crp_rec%3DF&amp;source=gmail&amp;ust=1694777172034000&amp;usg=AOvVaw3C5xhz-YlmhU9EUggqqeG0\">enlla\u00e7<\/a><\/b>. Dilluns farem arribar l&#8217;enlla\u00e7 a la sala a les persones inscrites.<\/div>\n<div class=\"gmail_default\"><\/div>\n<div><img loading=\"lazy\" decoding=\"async\" class=\"aligncenter size-large wp-image-13542\" src=\"https:\/\/serveiseducatius.xtec.cat\/conca\/wp-content\/uploads\/usu1131\/2023\/09\/Educar-per-al-collapse-724x1024.jpg\" alt=\"\" width=\"724\" height=\"1024\" srcset=\"https:\/\/serveiseducatius.xtec.cat\/conca\/wp-content\/uploads\/usu1131\/2023\/09\/Educar-per-al-collapse-724x1024.jpg 724w, https:\/\/serveiseducatius.xtec.cat\/conca\/wp-content\/uploads\/usu1131\/2023\/09\/Educar-per-al-collapse-212x300.jpg 212w, https:\/\/serveiseducatius.xtec.cat\/conca\/wp-content\/uploads\/usu1131\/2023\/09\/Educar-per-al-collapse-768x1086.jpg 768w, https:\/\/serveiseducatius.xtec.cat\/conca\/wp-content\/uploads\/usu1131\/2023\/09\/Educar-per-al-collapse.jpg 800w\" sizes=\"auto, (max-width: 724px) 100vw, 724px\" \/><\/div>\n","protected":false},"excerpt":{"rendered":"<p>El proper dimecres dia\u00a020 de setembre, a 2\/4 de 6 de la tarda\u00a0 us convidem a connectar-vos a la confer\u00e8ncia\u00a0Educar per al col\u00b7lapse,\u00a0a c\u00e0rrec de Jordi Mar\u00edn Monfort.\u00a0(En l\u00ednia). Jordi Mar\u00edn i Monfort\u00a0(Ares del Maestrat, 1974) \u00e9s professor d\u2019Educaci\u00f3 Secund\u00e0ria i ha estat membre de l\u2019Equip Lacenet (Bages) i de l\u2019Equip TIC de l\u2019ICE de [&hellip;]<\/p>\n","protected":false},"author":1,"featured_media":13542,"comment_status":"open","ping_status":"closed","sticky":false,"template":"","format":"standard","meta":{"_bbp_topic_count":0,"_bbp_reply_count":0,"_bbp_total_topic_count":0,"_bbp_total_reply_count":0,"_bbp_voice_count":0,"_bbp_anonymous_reply_count":0,"_bbp_topic_count_hidden":0,"_bbp_reply_count_hidden":0,"_bbp_forum_subforum_count":0,"site-sidebar-layout":"default","site-content-layout":"","ast-site-content-layout":"","site-content-style":"default","site-sidebar-style":"default","ast-global-header-display":"","ast-banner-title-visibility":"","ast-main-header-display":"","ast-hfb-above-header-display":"","ast-hfb-below-header-display":"","ast-hfb-mobile-header-display":"","site-post-title":"","ast-breadcrumbs-content":"","ast-featured-img":"","footer-sml-layout":"","theme-transparent-header-meta":"","adv-header-id-meta":"","stick-header-meta":"","header-above-stick-meta":"","header-main-stick-meta":"","header-below-stick-meta":"","astra-migrate-meta-layouts":"default","ast-page-background-enabled":"default","ast-page-background-meta":{"desktop":{"background-color":"var(--ast-global-color-4)","background-image":"","background-repeat":"repeat","background-position":"center center","background-size":"auto","background-attachment":"scroll","background-type":"","background-media":"","overlay-type":"","overlay-color":"","overlay-opacity":"","overlay-gradient":""},"tablet":{"background-color":"","background-image":"","background-repeat":"repeat","background-position":"center center","background-size":"auto","background-attachment":"scroll","background-type":"","background-media":"","overlay-type":"","overlay-color":"","overlay-opacity":"","overlay-gradient":""},"mobile":{"background-color":"","background-image":"","background-repeat":"repeat","background-position":"center center","background-size":"auto","background-attachment":"scroll","background-type":"","background-media":"","overlay-type":"","overlay-color":"","overlay-opacity":"","overlay-gradient":""}},"ast-content-background-meta":{"desktop":{"background-color":"var(--ast-global-color-5)","background-image":"","background-repeat":"repeat","background-position":"center center","background-size":"auto","background-attachment":"scroll","background-type":"","background-media":"","overlay-type":"","overlay-color":"","overlay-opacity":"","overlay-gradient":""},"tablet":{"background-color":"var(--ast-global-color-5)","background-image":"","background-repeat":"repeat","background-position":"center center","background-size":"auto","background-attachment":"scroll","background-type":"","background-media":"","overlay-type":"","overlay-color":"","overlay-opacity":"","overlay-gradient":""},"mobile":{"background-color":"var(--ast-global-color-5)","background-image":"","background-repeat":"repeat","background-position":"center center","background-size":"auto","background-attachment":"scroll","background-type":"","background-media":"","overlay-type":"","overlay-color":"","overlay-opacity":"","overlay-gradient":""}},"footnotes":""},"categories":[65,154,1,748,29],"tags":[],"class_list":["post-13541","post","type-post","status-publish","format-standard","has-post-thumbnail","hentry","category-crp","category-formacio","category-general","category-nou-curriculum","category-portada"],"post_mailing_queue_ids":[],"_links":{"self":[{"href":"https:\/\/serveiseducatius.xtec.cat\/conca\/wp-json\/wp\/v2\/posts\/13541","targetHints":{"allow":["GET"]}}],"collection":[{"href":"https:\/\/serveiseducatius.xtec.cat\/conca\/wp-json\/wp\/v2\/posts"}],"about":[{"href":"https:\/\/serveiseducatius.xtec.cat\/conca\/wp-json\/wp\/v2\/types\/post"}],"author":[{"embeddable":true,"href":"https:\/\/serveiseducatius.xtec.cat\/conca\/wp-json\/wp\/v2\/users\/1"}],"replies":[{"embeddable":true,"href":"https:\/\/serveiseducatius.xtec.cat\/conca\/wp-json\/wp\/v2\/comments?post=13541"}],"version-history":[{"count":1,"href":"https:\/\/serveiseducatius.xtec.cat\/conca\/wp-json\/wp\/v2\/posts\/13541\/revisions"}],"predecessor-version":[{"id":13543,"href":"https:\/\/serveiseducatius.xtec.cat\/conca\/wp-json\/wp\/v2\/posts\/13541\/revisions\/13543"}],"wp:featuredmedia":[{"embeddable":true,"href":"https:\/\/serveiseducatius.xtec.cat\/conca\/wp-json\/wp\/v2\/media\/13542"}],"wp:attachment":[{"href":"https:\/\/serveiseducatius.xtec.cat\/conca\/wp-json\/wp\/v2\/media?parent=13541"}],"wp:term":[{"taxonomy":"category","embeddable":true,"href":"https:\/\/serveiseducatius.xtec.cat\/conca\/wp-json\/wp\/v2\/categories?post=13541"},{"taxonomy":"post_tag","embeddable":true,"href":"https:\/\/serveiseducatius.xtec.cat\/conca\/wp-json\/wp\/v2\/tags?post=13541"}],"curies":[{"name":"wp","href":"https:\/\/api.w.org\/{rel}","templated":true}]}}