{"id":13189,"date":"2023-01-19T10:21:30","date_gmt":"2023-01-19T09:21:30","guid":{"rendered":"https:\/\/serveiseducatius.xtec.cat\/conca\/?p=13189"},"modified":"2023-03-09T08:41:03","modified_gmt":"2023-03-09T07:41:03","slug":"formacio-en-disseny-universal-per-a-laprenentatge","status":"publish","type":"post","link":"https:\/\/serveiseducatius.xtec.cat\/conca\/general\/formacio-en-disseny-universal-per-a-laprenentatge\/","title":{"rendered":"Formaci\u00f3 en Disseny Universal per a l&#8217;Aprenentatge"},"content":{"rendered":"<p style=\"font-weight: 400;\">Compartim amb vosaltres aquesta informaci\u00f3 que creiem que us pot interessar. \u00c9s un Programa formatiu que acredita perfil de Diversitat, amb un total de 60 hores repartides en tres nivells de 20h cadasc\u00fa, que cal assolir per accedir al nivell superior.<\/p>\n<p style=\"font-family: 'Helvetica Neue', Helvetica, Helvetica, Arial, sans-serif; font-size: 16px;\">-DUA B\u00e0sic.\u00a0<a href=\"https:\/\/aplicacions.gestioeducativa.gencat.cat\/pls\/soloas\/pk_for_mod_ins.p_for_cons_activitats?p_any=&amp;p_tipus_act=DUAB&amp;p_totes=N\" data-saferedirecturl=\"https:\/\/www.google.com\/url?q=https:\/\/aplicacions.gestioeducativa.gencat.cat\/pls\/soloas\/pk_for_mod_ins.p_for_cons_activitats?p_any%3D%26p_tipus_act%3DDUAB%26p_totes%3DN&amp;source=gmail&amp;ust=1674025866973000&amp;usg=AOvVaw0UUOm313gkoOAi-aMzPuIY\">Acc\u00e9s a l&#8217;oferta formativa<\/a><\/p>\n<p style=\"font-family: 'Helvetica Neue', Helvetica, Helvetica, Arial, sans-serif; font-size: 16px;\">-DUA Intermedi. <a href=\"https:\/\/aplicacions.gestioeducativa.gencat.cat\/pls\/soloas\/pk_for_mod_ins.p_for_cons_activitats?p_any=&amp;p_tipus_act=DUAI&amp;p_totes=N\" data-saferedirecturl=\"https:\/\/www.google.com\/url?q=https:\/\/aplicacions.gestioeducativa.gencat.cat\/pls\/soloas\/pk_for_mod_ins.p_for_cons_activitats?p_any%3D%26p_tipus_act%3DDUAI%26p_totes%3DN&amp;source=gmail&amp;ust=1674025866973000&amp;usg=AOvVaw3rSgJKvSTScnddTpK9s81b\">Acc\u00e9s a l&#8217;oferta formativa<\/a><\/p>\n<p style=\"font-family: 'Helvetica Neue', Helvetica, Helvetica, Arial, sans-serif; font-size: 16px;\">o\u00a0\u00a0\u00a0Formaci\u00f3 telem\u00e0tica amb sessions s\u00edncrones obligat\u00f2ries.<\/p>\n<p style=\"font-family: 'Helvetica Neue', Helvetica, Helvetica, Arial, sans-serif; font-size: 16px;\">o\u00a0\u00a0\u00a0Per fer l&#8217;auto inscripci\u00f3 cal tenir present que l&#8217;oferta dels cursos es diversifica en diferents dies de la setmana, cal llegir la descripci\u00f3 de cada activitat per visualitzar el dia de la setmana de les sessions s\u00edncrones.<\/p>\n<p style=\"font-family: 'Helvetica Neue', Helvetica, Helvetica, Arial, sans-serif; font-size: 16px;\">Aquesta formaci\u00f3 pret\u00e9n introduir als participants en les bases de la investigaci\u00f3 neurocient\u00edfica i en el coneixement del Disseny Universal per a l&#8217;Aprenentatge (DUA), orientat a proporcionar elements introductoris a DUA per al desenvolupament professional, per mitj\u00e0 d&#8217;experi\u00e8ncies d&#8217;aprenentatge que afavoreixin els primers passos per a la implementaci\u00f3 del DUA i d&#8217;altres elements rellevants per a l&#8217;Educaci\u00f3 Inclusiva a les pr\u00e0ctiques d&#8217;ensenyament. <strong>S&#8217;amplia el termini d&#8217;inscripci\u00f3 fins al 25 de gener.<\/strong><\/p>\n<p>Per a formalitzar la inscripci\u00f3 entreu a\u00a0<a href=\"https:\/\/xtec.gencat.cat\/ca\/formacio\/formaciogeneralprofessorat\/atencio_diversitat_inclusio\/suport-inclusio\/\" data-saferedirecturl=\"https:\/\/www.google.com\/url?q=https:\/\/xtec.gencat.cat\/ca\/formacio\/formaciogeneralprofessorat\/atencio_diversitat_inclusio\/suport-inclusio\/&amp;source=gmail&amp;ust=1674025866973000&amp;usg=AOvVaw2F3Z39erMITFAI4KeZL515\">Formaci\u00f3 per al suport a la inclusi\u00f3<\/a><\/p>\n<p><a href=\"https:\/\/xtec.gencat.cat\/ca\/formacio\/formaciogeneralprofessorat\/atencio_diversitat_inclusio\/suport-inclusio\/\" data-saferedirecturl=\"https:\/\/www.google.com\/url?q=https:\/\/xtec.gencat.cat\/ca\/formacio\/formaciogeneralprofessorat\/atencio_diversitat_inclusio\/suport-inclusio\/&amp;source=gmail&amp;ust=1674025866973000&amp;usg=AOvVaw2F3Z39erMITFAI4KeZL515\">https:\/\/xtec.gencat.cat\/ca\/formacio\/formaciogeneralprofessorat\/atencio_diversitat_inclusio\/suport-inclusio\/<\/a><\/p>\n<p><img loading=\"lazy\" decoding=\"async\" class=\"size-full wp-image-13190 aligncenter\" src=\"https:\/\/serveiseducatius.xtec.cat\/conca\/wp-content\/uploads\/usu1131\/2023\/01\/images.jpg\" alt=\"\" width=\"300\" height=\"168\" \/><\/p>\n<p>&nbsp;<\/p>\n<p>&nbsp;<\/p>\n","protected":false},"excerpt":{"rendered":"<p>Compartim amb vosaltres aquesta informaci\u00f3 que creiem que us pot interessar. \u00c9s un Programa formatiu que acredita perfil de Diversitat, amb un total de 60 hores repartides en tres nivells de 20h cadasc\u00fa, que cal assolir per accedir al nivell superior. -DUA B\u00e0sic.\u00a0Acc\u00e9s a l&#8217;oferta formativa -DUA Intermedi. Acc\u00e9s a l&#8217;oferta formativa o\u00a0\u00a0\u00a0Formaci\u00f3 telem\u00e0tica amb [&hellip;]<\/p>\n","protected":false},"author":1,"featured_media":13190,"comment_status":"open","ping_status":"closed","sticky":false,"template":"","format":"standard","meta":{"_bbp_topic_count":0,"_bbp_reply_count":0,"_bbp_total_topic_count":0,"_bbp_total_reply_count":0,"_bbp_voice_count":0,"_bbp_anonymous_reply_count":0,"_bbp_topic_count_hidden":0,"_bbp_reply_count_hidden":0,"_bbp_forum_subforum_count":0,"site-sidebar-layout":"default","site-content-layout":"","ast-site-content-layout":"","site-content-style":"default","site-sidebar-style":"default","ast-global-header-display":"","ast-banner-title-visibility":"","ast-main-header-display":"","ast-hfb-above-header-display":"","ast-hfb-below-header-display":"","ast-hfb-mobile-header-display":"","site-post-title":"","ast-breadcrumbs-content":"","ast-featured-img":"","footer-sml-layout":"","theme-transparent-header-meta":"","adv-header-id-meta":"","stick-header-meta":"","header-above-stick-meta":"","header-main-stick-meta":"","header-below-stick-meta":"","astra-migrate-meta-layouts":"default","ast-page-background-enabled":"default","ast-page-background-meta":{"desktop":{"background-color":"var(--ast-global-color-4)","background-image":"","background-repeat":"repeat","background-position":"center center","background-size":"auto","background-attachment":"scroll","background-type":"","background-media":"","overlay-type":"","overlay-color":"","overlay-opacity":"","overlay-gradient":""},"tablet":{"background-color":"","background-image":"","background-repeat":"repeat","background-position":"center center","background-size":"auto","background-attachment":"scroll","background-type":"","background-media":"","overlay-type":"","overlay-color":"","overlay-opacity":"","overlay-gradient":""},"mobile":{"background-color":"","background-image":"","background-repeat":"repeat","background-position":"center center","background-size":"auto","background-attachment":"scroll","background-type":"","background-media":"","overlay-type":"","overlay-color":"","overlay-opacity":"","overlay-gradient":""}},"ast-content-background-meta":{"desktop":{"background-color":"var(--ast-global-color-5)","background-image":"","background-repeat":"repeat","background-position":"center center","background-size":"auto","background-attachment":"scroll","background-type":"","background-media":"","overlay-type":"","overlay-color":"","overlay-opacity":"","overlay-gradient":""},"tablet":{"background-color":"var(--ast-global-color-5)","background-image":"","background-repeat":"repeat","background-position":"center center","background-size":"auto","background-attachment":"scroll","background-type":"","background-media":"","overlay-type":"","overlay-color":"","overlay-opacity":"","overlay-gradient":""},"mobile":{"background-color":"var(--ast-global-color-5)","background-image":"","background-repeat":"repeat","background-position":"center center","background-size":"auto","background-attachment":"scroll","background-type":"","background-media":"","overlay-type":"","overlay-color":"","overlay-opacity":"","overlay-gradient":""}},"footnotes":""},"categories":[65,154,1,748,29],"tags":[647,656],"class_list":["post-13189","post","type-post","status-publish","format-standard","has-post-thumbnail","hentry","category-crp","category-formacio","category-general","category-nou-curriculum","category-portada","tag-dua","tag-inclusio"],"post_mailing_queue_ids":[],"_links":{"self":[{"href":"https:\/\/serveiseducatius.xtec.cat\/conca\/wp-json\/wp\/v2\/posts\/13189","targetHints":{"allow":["GET"]}}],"collection":[{"href":"https:\/\/serveiseducatius.xtec.cat\/conca\/wp-json\/wp\/v2\/posts"}],"about":[{"href":"https:\/\/serveiseducatius.xtec.cat\/conca\/wp-json\/wp\/v2\/types\/post"}],"author":[{"embeddable":true,"href":"https:\/\/serveiseducatius.xtec.cat\/conca\/wp-json\/wp\/v2\/users\/1"}],"replies":[{"embeddable":true,"href":"https:\/\/serveiseducatius.xtec.cat\/conca\/wp-json\/wp\/v2\/comments?post=13189"}],"version-history":[{"count":1,"href":"https:\/\/serveiseducatius.xtec.cat\/conca\/wp-json\/wp\/v2\/posts\/13189\/revisions"}],"predecessor-version":[{"id":13191,"href":"https:\/\/serveiseducatius.xtec.cat\/conca\/wp-json\/wp\/v2\/posts\/13189\/revisions\/13191"}],"wp:featuredmedia":[{"embeddable":true,"href":"https:\/\/serveiseducatius.xtec.cat\/conca\/wp-json\/wp\/v2\/media\/13190"}],"wp:attachment":[{"href":"https:\/\/serveiseducatius.xtec.cat\/conca\/wp-json\/wp\/v2\/media?parent=13189"}],"wp:term":[{"taxonomy":"category","embeddable":true,"href":"https:\/\/serveiseducatius.xtec.cat\/conca\/wp-json\/wp\/v2\/categories?post=13189"},{"taxonomy":"post_tag","embeddable":true,"href":"https:\/\/serveiseducatius.xtec.cat\/conca\/wp-json\/wp\/v2\/tags?post=13189"}],"curies":[{"name":"wp","href":"https:\/\/api.w.org\/{rel}","templated":true}]}}