{"id":13044,"date":"2022-11-08T08:10:35","date_gmt":"2022-11-08T07:10:35","guid":{"rendered":"https:\/\/serveiseducatius.xtec.cat\/conca\/?p=13044"},"modified":"2024-02-05T11:44:28","modified_gmt":"2024-02-05T10:44:28","slug":"celebrem-en-dia-mundial-de-la-infancia-2022","status":"publish","type":"post","link":"https:\/\/serveiseducatius.xtec.cat\/conca\/general\/celebrem-en-dia-mundial-de-la-infancia-2022\/","title":{"rendered":"Celebrem en Dia Mundial de la inf\u00e0ncia 2022"},"content":{"rendered":"<p style=\"font-weight: 400;\">Com cada any, UNICEF Catalunya proposa una activitat perqu\u00e8 l\u2019alumnat exerceixi el seu dret a la participaci\u00f3 i el faci visible durant la setmana del 20 de novembre, <strong>Dia Mundial de la Inf\u00e0ncia<\/strong>.<\/p>\n<p style=\"font-weight: 400;\">L\u2019activitat d\u2019enguany s\u2019anomena\u00a0<strong>Drets i emocions<\/strong>, a trav\u00e9s de la qual es\u00a0pret\u00e9n aprendre a expressar com ens fan sentir els drets i les injust\u00edcies. L\u2019activitat\u00a0ens proposa aprofundir en el coneixement dels drets de la inf\u00e0ncia des d&#8217;una perspectiva emocional i d&#8217;empatia\u00a0aix\u00ed com\u00a0identificar les vulneracions de drets com a injust\u00edcies i ser capa\u00e7os de posicionar-nos-hi.<\/p>\n<p style=\"font-weight: 400;\">Podeu trobar el\u00a0formulari d\u2019inscripci\u00f3 gratu\u00eft\u00a0<a href=\"https:\/\/www.unicef.es\/cat\/educa\/drets-emocions?ac=AC-\" data-saferedirecturl=\"https:\/\/www.google.com\/url?q=https:\/\/www.unicef.es\/cat\/educa\/drets-emocions?ac%3DAC-&amp;source=gmail&amp;ust=1667901532394000&amp;usg=AOvVaw1TmTnIA55ihw0cqJwKyzVQ\">aqu\u00ed<\/a>\u00a0des d\u2019on tamb\u00e9 us podeu descarregar la guia de l\u2019activitat amb els objectius, materials i desenvolupament aix\u00ed com les plantilles per imprimir. Tamb\u00e9 podeu trobar algunes idees \u00fatils per a la seva difusi\u00f3. Aquesta activitat pot ser un suport per enfortir les compet\u00e8ncies emocionals, ling\u00fc\u00edstiques i relacionals de l\u2019alumnat i es pot adaptar al moment maduratiu de cada grup.<\/p>\n<p><img loading=\"lazy\" decoding=\"async\" class=\"aligncenter wp-image-13045 size-full\" src=\"https:\/\/serveiseducatius.xtec.cat\/conca\/wp-content\/uploads\/usu1131\/2022\/11\/baixa.jpg\" alt=\"\" width=\"225\" height=\"225\" srcset=\"https:\/\/serveiseducatius.xtec.cat\/conca\/wp-content\/uploads\/usu1131\/2022\/11\/baixa.jpg 225w, https:\/\/serveiseducatius.xtec.cat\/conca\/wp-content\/uploads\/usu1131\/2022\/11\/baixa-150x150.jpg 150w\" sizes=\"auto, (max-width: 225px) 100vw, 225px\" \/><\/p>\n","protected":false},"excerpt":{"rendered":"<p>Com cada any, UNICEF Catalunya proposa una activitat perqu\u00e8 l\u2019alumnat exerceixi el seu dret a la participaci\u00f3 i el faci visible durant la setmana del 20 de novembre, Dia Mundial de la Inf\u00e0ncia. L\u2019activitat d\u2019enguany s\u2019anomena\u00a0Drets i emocions, a trav\u00e9s de la qual es\u00a0pret\u00e9n aprendre a expressar com ens fan sentir els drets i les [&hellip;]<\/p>\n","protected":false},"author":1,"featured_media":13045,"comment_status":"open","ping_status":"closed","sticky":false,"template":"","format":"standard","meta":{"_bbp_topic_count":0,"_bbp_reply_count":0,"_bbp_total_topic_count":0,"_bbp_total_reply_count":0,"_bbp_voice_count":0,"_bbp_anonymous_reply_count":0,"_bbp_topic_count_hidden":0,"_bbp_reply_count_hidden":0,"_bbp_forum_subforum_count":0,"site-sidebar-layout":"default","site-content-layout":"","ast-site-content-layout":"","site-content-style":"default","site-sidebar-style":"default","ast-global-header-display":"","ast-banner-title-visibility":"","ast-main-header-display":"","ast-hfb-above-header-display":"","ast-hfb-below-header-display":"","ast-hfb-mobile-header-display":"","site-post-title":"","ast-breadcrumbs-content":"","ast-featured-img":"","footer-sml-layout":"","theme-transparent-header-meta":"","adv-header-id-meta":"","stick-header-meta":"","header-above-stick-meta":"","header-main-stick-meta":"","header-below-stick-meta":"","astra-migrate-meta-layouts":"default","ast-page-background-enabled":"default","ast-page-background-meta":{"desktop":{"background-color":"var(--ast-global-color-4)","background-image":"","background-repeat":"repeat","background-position":"center center","background-size":"auto","background-attachment":"scroll","background-type":"","background-media":"","overlay-type":"","overlay-color":"","overlay-opacity":"","overlay-gradient":""},"tablet":{"background-color":"","background-image":"","background-repeat":"repeat","background-position":"center center","background-size":"auto","background-attachment":"scroll","background-type":"","background-media":"","overlay-type":"","overlay-color":"","overlay-opacity":"","overlay-gradient":""},"mobile":{"background-color":"","background-image":"","background-repeat":"repeat","background-position":"center center","background-size":"auto","background-attachment":"scroll","background-type":"","background-media":"","overlay-type":"","overlay-color":"","overlay-opacity":"","overlay-gradient":""}},"ast-content-background-meta":{"desktop":{"background-color":"var(--ast-global-color-5)","background-image":"","background-repeat":"repeat","background-position":"center center","background-size":"auto","background-attachment":"scroll","background-type":"","background-media":"","overlay-type":"","overlay-color":"","overlay-opacity":"","overlay-gradient":""},"tablet":{"background-color":"var(--ast-global-color-5)","background-image":"","background-repeat":"repeat","background-position":"center center","background-size":"auto","background-attachment":"scroll","background-type":"","background-media":"","overlay-type":"","overlay-color":"","overlay-opacity":"","overlay-gradient":""},"mobile":{"background-color":"var(--ast-global-color-5)","background-image":"","background-repeat":"repeat","background-position":"center center","background-size":"auto","background-attachment":"scroll","background-type":"","background-media":"","overlay-type":"","overlay-color":"","overlay-opacity":"","overlay-gradient":""}},"footnotes":""},"categories":[65,1,235,29],"tags":[563,791],"class_list":["post-13044","post","type-post","status-publish","format-standard","has-post-thumbnail","hentry","category-crp","category-general","category-formacio_ins","category-portada","tag-drets-de-la-infancia-i-ladolescencia","tag-unicef"],"post_mailing_queue_ids":[],"_links":{"self":[{"href":"https:\/\/serveiseducatius.xtec.cat\/conca\/wp-json\/wp\/v2\/posts\/13044","targetHints":{"allow":["GET"]}}],"collection":[{"href":"https:\/\/serveiseducatius.xtec.cat\/conca\/wp-json\/wp\/v2\/posts"}],"about":[{"href":"https:\/\/serveiseducatius.xtec.cat\/conca\/wp-json\/wp\/v2\/types\/post"}],"author":[{"embeddable":true,"href":"https:\/\/serveiseducatius.xtec.cat\/conca\/wp-json\/wp\/v2\/users\/1"}],"replies":[{"embeddable":true,"href":"https:\/\/serveiseducatius.xtec.cat\/conca\/wp-json\/wp\/v2\/comments?post=13044"}],"version-history":[{"count":1,"href":"https:\/\/serveiseducatius.xtec.cat\/conca\/wp-json\/wp\/v2\/posts\/13044\/revisions"}],"predecessor-version":[{"id":13046,"href":"https:\/\/serveiseducatius.xtec.cat\/conca\/wp-json\/wp\/v2\/posts\/13044\/revisions\/13046"}],"wp:featuredmedia":[{"embeddable":true,"href":"https:\/\/serveiseducatius.xtec.cat\/conca\/wp-json\/wp\/v2\/media\/13045"}],"wp:attachment":[{"href":"https:\/\/serveiseducatius.xtec.cat\/conca\/wp-json\/wp\/v2\/media?parent=13044"}],"wp:term":[{"taxonomy":"category","embeddable":true,"href":"https:\/\/serveiseducatius.xtec.cat\/conca\/wp-json\/wp\/v2\/categories?post=13044"},{"taxonomy":"post_tag","embeddable":true,"href":"https:\/\/serveiseducatius.xtec.cat\/conca\/wp-json\/wp\/v2\/tags?post=13044"}],"curies":[{"name":"wp","href":"https:\/\/api.w.org\/{rel}","templated":true}]}}