{"id":12949,"date":"2022-10-05T12:21:45","date_gmt":"2022-10-05T10:21:45","guid":{"rendered":"https:\/\/serveiseducatius.xtec.cat\/conca\/?p=12949"},"modified":"2024-02-05T11:45:19","modified_gmt":"2024-02-05T10:45:19","slug":"unitat-de-suport-a-lalumnat-en-situacio-de-violencia","status":"publish","type":"post","link":"https:\/\/serveiseducatius.xtec.cat\/conca\/general\/unitat-de-suport-a-lalumnat-en-situacio-de-violencia\/","title":{"rendered":"Unitat de Suport a l\u2019Alumnat en situaci\u00f3 de Viol\u00e8ncia"},"content":{"rendered":"<p>La Unitat de Suport a l\u2019Alumnat en situaci\u00f3 de Viol\u00e8ncia (USAV) neix del Pla de les Escoles Lliures de Viol\u00e8ncia el 2021 i dep\u00e8n de la Direcci\u00f3 General d&#8217;Alumnat del Departament d\u2019Educaci\u00f3.<\/p>\n<p>La USAV est\u00e0 formada per un equip de professionals que acull la comunicaci\u00f3, revelaci\u00f3 o malestar, gestiona el cas de viol\u00e8ncia i en coordina l\u2019abordatge, tot seguint els protocols establerts.<\/p>\n<p>Est\u00e0 format per un equip multidisciplinari dels \u00e0mbits de: Psicologia, <span style=\"font-family: inherit; font-size: 1em;\">Igualtat, <\/span><span style=\"font-family: inherit; font-size: 1em;\">Pedagogia, <\/span><span style=\"font-family: inherit; font-size: 1em;\">Jur\u00eddic, <\/span><span style=\"font-family: inherit; font-size: 1em;\">Educaci\u00f3 social&#8230;<\/span><\/p>\n<p align=\"justify\">La USAV inicia la seva atenci\u00f3 mitjan\u00e7ant el tel\u00e8fon\u00a0<strong>900 923 098<\/strong>\u00a0i el correu electr\u00f2nic\u00a0<a href=\"mailto:usav.educacio@gencat.cat\">usav.educacio@gencat.cat<\/a> i acull totes les verbalitzacions que estigui vivint o hagi viscut l\u2019alumnat, tant dins com fora del centre educatiu.<\/p>\n<p align=\"justify\">En el seg\u00fcent<a href=\"https:\/\/aplicacions.gestioeducativa.gencat.cat\/pls\/soloas\/pk_for_mod_ins.p_for_cons_activitats?p_any=&amp;p_tipus_act=VM01,VM02,VM03,VM04,VM05,AS04,MF05&amp;p_totes=S\" target=\"_blank\" rel=\"noopener\"> enlla\u00e7<\/a> teniu acc\u00e9s a la inscripci\u00f3 de les seg\u00fcents formacions que s&#8217;inicien\u00a0 a l&#8217;octubre.<\/p>\n<p align=\"justify\">Si voleu tenir m\u00e9s informaci\u00f3, podeu clicar la imatge.<\/p>\n<p align=\"justify\"><a href=\"https:\/\/xtec.gencat.cat\/ca\/centres\/projeducatiu\/pla-escoles-lliures-de-violencies\/usav-usapps\/\" target=\"_blank\" rel=\"noopener\"><img loading=\"lazy\" decoding=\"async\" class=\"aligncenter wp-image-12950 \" src=\"https:\/\/serveiseducatius.xtec.cat\/conca\/wp-content\/uploads\/usu1131\/2022\/10\/1.IMATGE-ENGANXINA-1.jpg_1595044798-300x300.jpg\" alt=\"\" width=\"387\" height=\"387\" srcset=\"https:\/\/serveiseducatius.xtec.cat\/conca\/wp-content\/uploads\/usu1131\/2022\/10\/1.IMATGE-ENGANXINA-1.jpg_1595044798-300x300.jpg 300w, https:\/\/serveiseducatius.xtec.cat\/conca\/wp-content\/uploads\/usu1131\/2022\/10\/1.IMATGE-ENGANXINA-1.jpg_1595044798-150x150.jpg 150w, https:\/\/serveiseducatius.xtec.cat\/conca\/wp-content\/uploads\/usu1131\/2022\/10\/1.IMATGE-ENGANXINA-1.jpg_1595044798.jpg 538w\" sizes=\"auto, (max-width: 387px) 100vw, 387px\" \/><\/a><\/p>\n","protected":false},"excerpt":{"rendered":"<p>La Unitat de Suport a l\u2019Alumnat en situaci\u00f3 de Viol\u00e8ncia (USAV) neix del Pla de les Escoles Lliures de Viol\u00e8ncia el 2021 i dep\u00e8n de la Direcci\u00f3 General d&#8217;Alumnat del Departament d\u2019Educaci\u00f3. La USAV est\u00e0 formada per un equip de professionals que acull la comunicaci\u00f3, revelaci\u00f3 o malestar, gestiona el cas de viol\u00e8ncia i en [&hellip;]<\/p>\n","protected":false},"author":1,"featured_media":12950,"comment_status":"open","ping_status":"closed","sticky":false,"template":"","format":"standard","meta":{"_bbp_topic_count":0,"_bbp_reply_count":0,"_bbp_total_topic_count":0,"_bbp_total_reply_count":0,"_bbp_voice_count":0,"_bbp_anonymous_reply_count":0,"_bbp_topic_count_hidden":0,"_bbp_reply_count_hidden":0,"_bbp_forum_subforum_count":0,"site-sidebar-layout":"default","site-content-layout":"","ast-site-content-layout":"","site-content-style":"default","site-sidebar-style":"default","ast-global-header-display":"","ast-banner-title-visibility":"","ast-main-header-display":"","ast-hfb-above-header-display":"","ast-hfb-below-header-display":"","ast-hfb-mobile-header-display":"","site-post-title":"","ast-breadcrumbs-content":"","ast-featured-img":"","footer-sml-layout":"","theme-transparent-header-meta":"","adv-header-id-meta":"","stick-header-meta":"","header-above-stick-meta":"","header-main-stick-meta":"","header-below-stick-meta":"","astra-migrate-meta-layouts":"default","ast-page-background-enabled":"default","ast-page-background-meta":{"desktop":{"background-color":"var(--ast-global-color-4)","background-image":"","background-repeat":"repeat","background-position":"center center","background-size":"auto","background-attachment":"scroll","background-type":"","background-media":"","overlay-type":"","overlay-color":"","overlay-opacity":"","overlay-gradient":""},"tablet":{"background-color":"","background-image":"","background-repeat":"repeat","background-position":"center center","background-size":"auto","background-attachment":"scroll","background-type":"","background-media":"","overlay-type":"","overlay-color":"","overlay-opacity":"","overlay-gradient":""},"mobile":{"background-color":"","background-image":"","background-repeat":"repeat","background-position":"center center","background-size":"auto","background-attachment":"scroll","background-type":"","background-media":"","overlay-type":"","overlay-color":"","overlay-opacity":"","overlay-gradient":""}},"ast-content-background-meta":{"desktop":{"background-color":"var(--ast-global-color-5)","background-image":"","background-repeat":"repeat","background-position":"center center","background-size":"auto","background-attachment":"scroll","background-type":"","background-media":"","overlay-type":"","overlay-color":"","overlay-opacity":"","overlay-gradient":""},"tablet":{"background-color":"var(--ast-global-color-5)","background-image":"","background-repeat":"repeat","background-position":"center center","background-size":"auto","background-attachment":"scroll","background-type":"","background-media":"","overlay-type":"","overlay-color":"","overlay-opacity":"","overlay-gradient":""},"mobile":{"background-color":"var(--ast-global-color-5)","background-image":"","background-repeat":"repeat","background-position":"center center","background-size":"auto","background-attachment":"scroll","background-type":"","background-media":"","overlay-type":"","overlay-color":"","overlay-opacity":"","overlay-gradient":""}},"footnotes":""},"categories":[65,154,1,29],"tags":[554,582],"class_list":["post-12949","post","type-post","status-publish","format-standard","has-post-thumbnail","hentry","category-crp","category-formacio","category-general","category-portada","tag-coeducacio","tag-comunicacionoviolenta"],"post_mailing_queue_ids":[],"_links":{"self":[{"href":"https:\/\/serveiseducatius.xtec.cat\/conca\/wp-json\/wp\/v2\/posts\/12949","targetHints":{"allow":["GET"]}}],"collection":[{"href":"https:\/\/serveiseducatius.xtec.cat\/conca\/wp-json\/wp\/v2\/posts"}],"about":[{"href":"https:\/\/serveiseducatius.xtec.cat\/conca\/wp-json\/wp\/v2\/types\/post"}],"author":[{"embeddable":true,"href":"https:\/\/serveiseducatius.xtec.cat\/conca\/wp-json\/wp\/v2\/users\/1"}],"replies":[{"embeddable":true,"href":"https:\/\/serveiseducatius.xtec.cat\/conca\/wp-json\/wp\/v2\/comments?post=12949"}],"version-history":[{"count":1,"href":"https:\/\/serveiseducatius.xtec.cat\/conca\/wp-json\/wp\/v2\/posts\/12949\/revisions"}],"predecessor-version":[{"id":12951,"href":"https:\/\/serveiseducatius.xtec.cat\/conca\/wp-json\/wp\/v2\/posts\/12949\/revisions\/12951"}],"wp:featuredmedia":[{"embeddable":true,"href":"https:\/\/serveiseducatius.xtec.cat\/conca\/wp-json\/wp\/v2\/media\/12950"}],"wp:attachment":[{"href":"https:\/\/serveiseducatius.xtec.cat\/conca\/wp-json\/wp\/v2\/media?parent=12949"}],"wp:term":[{"taxonomy":"category","embeddable":true,"href":"https:\/\/serveiseducatius.xtec.cat\/conca\/wp-json\/wp\/v2\/categories?post=12949"},{"taxonomy":"post_tag","embeddable":true,"href":"https:\/\/serveiseducatius.xtec.cat\/conca\/wp-json\/wp\/v2\/tags?post=12949"}],"curies":[{"name":"wp","href":"https:\/\/api.w.org\/{rel}","templated":true}]}}