{"id":12930,"date":"2022-09-30T08:47:07","date_gmt":"2022-09-30T06:47:07","guid":{"rendered":"https:\/\/serveiseducatius.xtec.cat\/conca\/?p=12930"},"modified":"2022-09-29T10:52:27","modified_gmt":"2022-09-29T08:52:27","slug":"setmana-bio-per-lalimentacio-ecologica","status":"publish","type":"post","link":"https:\/\/serveiseducatius.xtec.cat\/conca\/general\/setmana-bio-per-lalimentacio-ecologica\/","title":{"rendered":"Setmana Bio per l\u2019alimentaci\u00f3 ecol\u00f2gica"},"content":{"rendered":"<p>La<a href=\"https:\/\/setmanabio.cat\/setmana-bio-escola\/\" target=\"_blank\" rel=\"noopener\">\u00a0<strong>Setmana Bio a l\u2019escola<\/strong><\/a>\u00a0\u00e9s l\u2019apartat de la\u00a0<strong>Setmana Bio per l\u2019alimentaci\u00f3 ecol\u00f2gica<\/strong>\u00a0dedicat a la comunitat educativa. El seu objectiu \u00e9s donar a con\u00e8ixer la producci\u00f3 agroaliment\u00e0ria i l\u2019alimentaci\u00f3 ecol\u00f2giques en l\u2019entorn educatiu, tant a l\u2019alumnat com a les fam\u00edlies, mitjan\u00e7ant un programa d\u2019activitats espec\u00edfiques. Al llarg de la Setmana Bio a l\u2019escola tamb\u00e9 es lliuren els guardons del\u00a0<strong>Premi Escola, Agricultura i Alimentaci\u00f3 Ecol\u00f2gica.<\/strong><\/p>\n<p>Les activitats de\u00a0<strong>Setmana Bio a l\u2019escola<\/strong>\u00a0les pot organitzar qualsevol centre educatiu de Catalunya que tingui inter\u00e8s, ja sigui centre d\u2019educaci\u00f3 infantil, prim\u00e0ria, secund\u00e0ria, batxillerat, educaci\u00f3 professional, educaci\u00f3 especial o llar d\u2019infants. Tamb\u00e9 poden organitzar activitats les associacions i entitats relacionades amb la comunitat educativa, com per exemple les AMPAs, biblioteques, entitats locals o qualsevol altra que tingui inter\u00e8s en fer-ho.<\/p>\n<p>Si cliqueu la imatge, podreu veure el programa de la Setmana Bio a l&#8217;escola 2022 pel Camp de Tarragona.<\/p>\n<p><a href=\"https:\/\/drive.google.com\/file\/d\/1EEh91WU8fwsW_ZKf_fTfTptpOh2tHRht\/view?usp=sharing\"><img loading=\"lazy\" decoding=\"async\" class=\"wp-image-12862  aligncenter\" src=\"https:\/\/serveiseducatius.xtec.cat\/conca\/wp-content\/uploads\/usu1131\/2022\/09\/baixa-2.jpg\" alt=\"\" width=\"446\" height=\"284\" \/><\/a><\/p>\n","protected":false},"excerpt":{"rendered":"<p>La\u00a0Setmana Bio a l\u2019escola\u00a0\u00e9s l\u2019apartat de la\u00a0Setmana Bio per l\u2019alimentaci\u00f3 ecol\u00f2gica\u00a0dedicat a la comunitat educativa. El seu objectiu \u00e9s donar a con\u00e8ixer la producci\u00f3 agroaliment\u00e0ria i l\u2019alimentaci\u00f3 ecol\u00f2giques en l\u2019entorn educatiu, tant a l\u2019alumnat com a les fam\u00edlies, mitjan\u00e7ant un programa d\u2019activitats espec\u00edfiques. Al llarg de la Setmana Bio a l\u2019escola tamb\u00e9 es lliuren els [&hellip;]<\/p>\n","protected":false},"author":1,"featured_media":12862,"comment_status":"open","ping_status":"closed","sticky":false,"template":"","format":"standard","meta":{"_bbp_topic_count":0,"_bbp_reply_count":0,"_bbp_total_topic_count":0,"_bbp_total_reply_count":0,"_bbp_voice_count":0,"_bbp_anonymous_reply_count":0,"_bbp_topic_count_hidden":0,"_bbp_reply_count_hidden":0,"_bbp_forum_subforum_count":0,"site-sidebar-layout":"default","site-content-layout":"","ast-site-content-layout":"","site-content-style":"default","site-sidebar-style":"default","ast-global-header-display":"","ast-banner-title-visibility":"","ast-main-header-display":"","ast-hfb-above-header-display":"","ast-hfb-below-header-display":"","ast-hfb-mobile-header-display":"","site-post-title":"","ast-breadcrumbs-content":"","ast-featured-img":"","footer-sml-layout":"","theme-transparent-header-meta":"","adv-header-id-meta":"","stick-header-meta":"","header-above-stick-meta":"","header-main-stick-meta":"","header-below-stick-meta":"","astra-migrate-meta-layouts":"default","ast-page-background-enabled":"default","ast-page-background-meta":{"desktop":{"background-color":"var(--ast-global-color-4)","background-image":"","background-repeat":"repeat","background-position":"center center","background-size":"auto","background-attachment":"scroll","background-type":"","background-media":"","overlay-type":"","overlay-color":"","overlay-opacity":"","overlay-gradient":""},"tablet":{"background-color":"","background-image":"","background-repeat":"repeat","background-position":"center center","background-size":"auto","background-attachment":"scroll","background-type":"","background-media":"","overlay-type":"","overlay-color":"","overlay-opacity":"","overlay-gradient":""},"mobile":{"background-color":"","background-image":"","background-repeat":"repeat","background-position":"center center","background-size":"auto","background-attachment":"scroll","background-type":"","background-media":"","overlay-type":"","overlay-color":"","overlay-opacity":"","overlay-gradient":""}},"ast-content-background-meta":{"desktop":{"background-color":"var(--ast-global-color-5)","background-image":"","background-repeat":"repeat","background-position":"center center","background-size":"auto","background-attachment":"scroll","background-type":"","background-media":"","overlay-type":"","overlay-color":"","overlay-opacity":"","overlay-gradient":""},"tablet":{"background-color":"var(--ast-global-color-5)","background-image":"","background-repeat":"repeat","background-position":"center center","background-size":"auto","background-attachment":"scroll","background-type":"","background-media":"","overlay-type":"","overlay-color":"","overlay-opacity":"","overlay-gradient":""},"mobile":{"background-color":"var(--ast-global-color-5)","background-image":"","background-repeat":"repeat","background-position":"center center","background-size":"auto","background-attachment":"scroll","background-type":"","background-media":"","overlay-type":"","overlay-color":"","overlay-opacity":"","overlay-gradient":""}},"footnotes":""},"categories":[65,262,1,29],"tags":[777,540,776,654],"class_list":["post-12930","post","type-post","status-publish","format-standard","has-post-thumbnail","hentry","category-crp","category-escoles-verdes","category-general","category-portada","tag-ecologia","tag-escoles-verdes","tag-setmana-bio","tag-sostenibilitat"],"post_mailing_queue_ids":[],"_links":{"self":[{"href":"https:\/\/serveiseducatius.xtec.cat\/conca\/wp-json\/wp\/v2\/posts\/12930","targetHints":{"allow":["GET"]}}],"collection":[{"href":"https:\/\/serveiseducatius.xtec.cat\/conca\/wp-json\/wp\/v2\/posts"}],"about":[{"href":"https:\/\/serveiseducatius.xtec.cat\/conca\/wp-json\/wp\/v2\/types\/post"}],"author":[{"embeddable":true,"href":"https:\/\/serveiseducatius.xtec.cat\/conca\/wp-json\/wp\/v2\/users\/1"}],"replies":[{"embeddable":true,"href":"https:\/\/serveiseducatius.xtec.cat\/conca\/wp-json\/wp\/v2\/comments?post=12930"}],"version-history":[{"count":1,"href":"https:\/\/serveiseducatius.xtec.cat\/conca\/wp-json\/wp\/v2\/posts\/12930\/revisions"}],"predecessor-version":[{"id":12931,"href":"https:\/\/serveiseducatius.xtec.cat\/conca\/wp-json\/wp\/v2\/posts\/12930\/revisions\/12931"}],"wp:featuredmedia":[{"embeddable":true,"href":"https:\/\/serveiseducatius.xtec.cat\/conca\/wp-json\/wp\/v2\/media\/12862"}],"wp:attachment":[{"href":"https:\/\/serveiseducatius.xtec.cat\/conca\/wp-json\/wp\/v2\/media?parent=12930"}],"wp:term":[{"taxonomy":"category","embeddable":true,"href":"https:\/\/serveiseducatius.xtec.cat\/conca\/wp-json\/wp\/v2\/categories?post=12930"},{"taxonomy":"post_tag","embeddable":true,"href":"https:\/\/serveiseducatius.xtec.cat\/conca\/wp-json\/wp\/v2\/tags?post=12930"}],"curies":[{"name":"wp","href":"https:\/\/api.w.org\/{rel}","templated":true}]}}